{"id":10228,"date":"2021-01-25T04:49:00","date_gmt":"2021-01-25T06:49:00","guid":{"rendered":"https:\/\/invexo.com.br\/blog\/?p=10228"},"modified":"2022-06-28T21:45:08","modified_gmt":"2022-06-29T00:45:08","slug":"oceana-recreio-avenida-lucio-costa-rj","status":"publish","type":"post","link":"https:\/\/invexo.com.br\/blog\/oceana-recreio-avenida-lucio-costa-rj\/","title":{"rendered":"Veja os benef\u00edcios de morar no Oceana Recreio dos Bandeirantes"},"content":{"rendered":"\n<p>J\u00e1 pensou em morar em um apartamento ou em uma cobertura com vista para o mar carioca? Se esse \u00e9 seu sonho, voc\u00ea precisa conhecer o Oceana Recreio.<\/p>\n\n\n\n<!--more-->\n\n\n\n<p>O condom\u00ednio situado na Avenida L\u00facio Costa tem privilegiada localiza\u00e7\u00e3o com frente para a Praia do Recreio.<\/p>\n\n\n\n<p>Composto por apartamentos e coberturas que variam entre 138,92 m\u00b2 e 283 m\u00b2, o residencial vai surpreender a voc\u00ea e a sua fam\u00edlia.<\/p>\n\n\n\n<p>Os im\u00f3veis t\u00eam 3 quartos, su\u00edte e confort\u00e1veis acomoda\u00e7\u00f5es. Al\u00e9m disso, o morador tem de 2 a 3 vagas de garagem reservadas no condom\u00ednio.<\/p>\n\n\n\n<p>Quer saber mais sobre este incr\u00edvel empreendimento imobili\u00e1rio j\u00e1 pronto para morar? Ent\u00e3o, acompanhe e confira detalhes sobre o residencial Oceana Recreio, da construtora Canopus.<\/p>\n\n\n\n<h2 class=\"wp-block-heading\">O que tem pr\u00f3ximo ao Oceana Recreio<\/h2>\n\n\n\n<p>O Oceana Recreio fica situado na Avenida L\u00facio Costa, uma das principais vias do Rio de Janeiro. <\/p>\n\n\n\n<p>Localizado no bairro <a href=\"https:\/\/invexo.com.br\/blog\/5-melhores-bairros-do-rio-de-janeiro-para-se-ter-qualidade-de-vida\/\">Recreio dos Bandeirantes<\/a>, o endere\u00e7o \u00e9 repleto de atrativos. O primeiro deles \u00e9 a excelente infraestrutura local. <\/p>\n\n\n\n<p>Quem vive na regi\u00e3o encontra com facilidade diversas empresas na \u00e1rea comercial e de presta\u00e7\u00e3o de servi\u00e7os. <\/p>\n\n\n\n<p>Ent\u00e3o, existe boa diversidade de supermercados, padarias, farm\u00e1cias, bares, restaurantes, caf\u00e9s e outras comodidades para o dia a dia. <\/p>\n\n\n\n<p>Al\u00e9m disso, tamb\u00e9m h\u00e1 grande oferta de servi\u00e7os de sa\u00fade e de educa\u00e7\u00e3o &#8211;  como hospitais e cl\u00ednicas, escolas, creches e cursos de idiomas<\/p>\n\n\n\n<h2 class=\"wp-block-heading\"><strong>Qualidade de vida n<\/strong><strong>o<\/strong><strong> <\/strong><strong>Recreio dos Bandeirantes<\/strong><\/h2>\n\n\n\n<p>Quem busca por um contato <a href=\"https:\/\/invexo.com.br\/blog\/por-que-voce-deve-considerar-morar-proximo-a-areas-verdes\/\">mais pr\u00f3ximo com a natureza carioca<\/a>, encontra no Oceana Recreio dos Bandeirantes a escolha perfeita para viver.<\/p>\n\n\n\n<p>O condom\u00ednio fica a poucos minutos a p\u00e9 da Praia do Recreio, com toda sua extensa faixa de areia e gramado.<\/p>\n\n\n\n<p>Al\u00e9m disso, o morador tem a ciclovia \u00e0 beira-mar como op\u00e7\u00e3o para passeio e transporte.<\/p>\n\n\n\n<figure class=\"wp-block-image size-full\"><img decoding=\"async\" width=\"1280\" height=\"720\" src=\"https:\/\/invexo.com.br\/blog\/wp-content\/uploads\/2021\/01\/oceana-residence-recreio-dos-bandeirantes.jpg\" alt=\"oceana residence recreio dos bandeirantes\" class=\"wp-image-10651\" srcset=\"https:\/\/invexo.com.br\/blog\/wp-content\/uploads\/2021\/01\/oceana-residence-recreio-dos-bandeirantes.jpg 1280w, https:\/\/invexo.com.br\/blog\/wp-content\/uploads\/2021\/01\/oceana-residence-recreio-dos-bandeirantes-300x169.jpg 300w, https:\/\/invexo.com.br\/blog\/wp-content\/uploads\/2021\/01\/oceana-residence-recreio-dos-bandeirantes-1024x576.jpg 1024w, https:\/\/invexo.com.br\/blog\/wp-content\/uploads\/2021\/01\/oceana-residence-recreio-dos-bandeirantes-768x432.jpg 768w, https:\/\/invexo.com.br\/blog\/wp-content\/uploads\/2021\/01\/oceana-residence-recreio-dos-bandeirantes-940x529.jpg 940w\" sizes=\"(max-width: 1280px) 100vw, 1280px\" \/><\/figure>\n\n\n\n<p>Pela redondeza, ainda \u00e9 f\u00e1cil encontrar pra\u00e7as, parques, quadras e campos para visitas e a pr\u00e1tica de atividades ao ar livre &#8211; como caminhadas e esportes.<\/p>\n\n\n\n<p>Ent\u00e3o, viver no Recreio dos Bandeirantes \u00e9 sin\u00f4nimo de ter um contato especial com os atributos naturais do Rio de Janeiro.<\/p>\n\n\n\n<h2 class=\"wp-block-heading\"><strong>Diferenciais do Oceana Recreio<\/strong><\/h2>\n\n\n\n<p>Voc\u00ea viu que o Oceana Recreio dos Bandeirantes \u00e9 um condom\u00ednio residencial composto por apartamentos e coberturas espa\u00e7osos e sofisticados.<\/p>\n\n\n\n<p>Conferiu, ainda, que o empreendimento imobili\u00e1rio tem uma incr\u00edvel vista \u00fanica de frente para a Praia do Recreio, no Rio de Janeiro.<\/p>\n\n\n\n<p>Todos os im\u00f3veis t\u00eam varanda gourmet e s\u00e3o entregues com bancada de porcelanato. Al\u00e9m disso,  os banheiros e as bancadas das cozinhas das unidades t\u00eam aquecimento de \u00e1gua via g\u00e1s.<\/p>\n\n\n\n<p>Veja, agora, outros diferenciais do condom\u00ednio pronto para morar da construtora Canopus:<\/p>\n\n\n\n<ul><li>Design sofisticado e moderno, assinado por prestigiados profissionais:<ul><li>Decora\u00e7\u00e3o de \u00e1reas comuns de lazer por D\u00e9bora Aguiar<\/li><li>Arquitetura por S\u00e9rgio Gatt\u00e1s<\/li><li>Paisagismo por <a href=\"http:\/\/www.sergiosantana.com.br\/\" target=\"_blank\" rel=\"noreferrer noopener\">Sergio Santanna<\/a> <\/li><\/ul><\/li><li>Piscina climatizada de frente para o mar<\/li><li>Exclusivo sistema de seguran\u00e7a<\/li><li>e muito mais<\/li><\/ul>\n\n\n\n<p>Se voc\u00ea tamb\u00e9m se encantou com os apartamentos e as coberturas do residencial, n\u00e3o perca mais tempo! Restam poucas unidades \u00e0 venda no condom\u00ednio.<\/p>\n\n\n\n<p>Ent\u00e3o, corra e veja plantas dispon\u00edveis, pre\u00e7os e mais informa\u00e7\u00f5es do <a href=\"https:\/\/invexo.com.br\/lancamento\/oceana-residence\/\" target=\"_blank\" rel=\"noreferrer noopener\">Oceana Recreio dos Bandeirantes<\/a>.<\/p>\n","protected":false},"excerpt":{"rendered":"<p>J\u00e1 pensou em morar em um apartamento ou em uma cobertura com vista para o mar carioca? Se esse \u00e9 seu sonho, voc\u00ea precisa conhecer o Oceana Recreio.<\/p>\n","protected":false},"author":2,"featured_media":10638,"comment_status":"closed","ping_status":"closed","sticky":false,"template":"","format":"standard","meta":{"_acf_changed":false,"_kad_blocks_custom_css":"","_kad_blocks_head_custom_js":"","_kad_blocks_body_custom_js":"","_kad_blocks_footer_custom_js":"","_kadence_starter_templates_imported_post":false,"_kad_post_transparent":"","_kad_post_title":"","_kad_post_layout":"","_kad_post_sidebar_id":"","_kad_post_content_style":"","_kad_post_vertical_padding":"","_kad_post_feature":"","_kad_post_feature_position":"","_kad_post_header":false,"_kad_post_footer":false,"footnotes":""},"categories":[10,15,230],"tags":[728],"acf":[],"yoast_head":"<!-- This site is optimized with the Yoast SEO plugin v24.1 - https:\/\/yoast.com\/wordpress\/plugins\/seo\/ -->\n<title>Veja os beneficios de morar no Oceana Recreio dos Bandeirantes<\/title>\n<meta name=\"description\" content=\"Confira detalhes dos apartamentos e das coberturas de frente para o mar do condom\u00ednio residencial Oceana Recreio dos Bandeirantes\" \/>\n<meta name=\"robots\" content=\"index, follow, max-snippet:-1, max-image-preview:large, max-video-preview:-1\" \/>\n<link rel=\"canonical\" href=\"https:\/\/invexo.com.br\/blog\/oceana-recreio-avenida-lucio-costa-rj\/\" \/>\n<meta property=\"og:locale\" content=\"pt_BR\" \/>\n<meta property=\"og:type\" content=\"article\" \/>\n<meta property=\"og:title\" content=\"Veja os beneficios de morar no Oceana Recreio dos Bandeirantes\" \/>\n<meta property=\"og:description\" content=\"Confira detalhes dos apartamentos e das coberturas de frente para o mar do condom\u00ednio residencial Oceana Recreio dos Bandeirantes\" \/>\n<meta property=\"og:url\" content=\"https:\/\/invexo.com.br\/blog\/oceana-recreio-avenida-lucio-costa-rj\/\" \/>\n<meta property=\"og:site_name\" content=\"Not\u00edcias RJ\" \/>\n<meta property=\"article:publisher\" content=\"https:\/\/facebook.com\/invexo\" \/>\n<meta property=\"article:author\" content=\"https:\/\/facebook.com\/invexo\" \/>\n<meta property=\"article:published_time\" content=\"2021-01-25T06:49:00+00:00\" \/>\n<meta property=\"article:modified_time\" content=\"2022-06-29T00:45:08+00:00\" \/>\n<meta property=\"og:image\" content=\"https:\/\/invexo.com.br\/blog\/wp-content\/uploads\/2021\/01\/oceana-waterfront.jpg\" \/>\n\t<meta property=\"og:image:width\" content=\"1280\" \/>\n\t<meta property=\"og:image:height\" content=\"720\" \/>\n\t<meta property=\"og:image:type\" content=\"image\/jpeg\" \/>\n<meta name=\"author\" content=\"Ronnie Possatti\" \/>\n<meta name=\"twitter:card\" content=\"summary_large_image\" \/>\n<meta name=\"twitter:creator\" content=\"@https:\/\/twitter.com\/invexoimoveis\" \/>\n<meta name=\"twitter:site\" content=\"@invexoimoveis\" \/>\n<meta name=\"twitter:label1\" content=\"Escrito por\" \/>\n\t<meta name=\"twitter:data1\" content=\"Ronnie Possatti\" \/>\n\t<meta name=\"twitter:label2\" content=\"Est. tempo de leitura\" \/>\n\t<meta name=\"twitter:data2\" content=\"3 minutos\" \/>\n<script type=\"application\/ld+json\" class=\"yoast-schema-graph\">{\"@context\":\"https:\/\/schema.org\",\"@graph\":[{\"@type\":\"Article\",\"@id\":\"https:\/\/invexo.com.br\/blog\/oceana-recreio-avenida-lucio-costa-rj\/#article\",\"isPartOf\":{\"@id\":\"https:\/\/invexo.com.br\/blog\/oceana-recreio-avenida-lucio-costa-rj\/\"},\"author\":{\"name\":\"Ronnie Possatti\",\"@id\":\"https:\/\/invexo.com.br\/blog\/#\/schema\/person\/36bee32f1cfacde03dc4c9622a58778d\"},\"headline\":\"Veja os benef\u00edcios de morar no Oceana Recreio dos Bandeirantes\",\"datePublished\":\"2021-01-25T06:49:00+00:00\",\"dateModified\":\"2022-06-29T00:45:08+00:00\",\"mainEntityOfPage\":{\"@id\":\"https:\/\/invexo.com.br\/blog\/oceana-recreio-avenida-lucio-costa-rj\/\"},\"wordCount\":559,\"publisher\":{\"@id\":\"https:\/\/invexo.com.br\/blog\/#organization\"},\"image\":{\"@id\":\"https:\/\/invexo.com.br\/blog\/oceana-recreio-avenida-lucio-costa-rj\/#primaryimage\"},\"thumbnailUrl\":\"https:\/\/invexo.com.br\/blog\/wp-content\/uploads\/2021\/01\/oceana-waterfront.jpg\",\"keywords\":[\"Recreio dos Bandeirantes\"],\"articleSection\":[\"Bairros\",\"Informa\u00e7\u00f5es\",\"Mercado imobili\u00e1rio\"],\"inLanguage\":\"pt-BR\"},{\"@type\":\"WebPage\",\"@id\":\"https:\/\/invexo.com.br\/blog\/oceana-recreio-avenida-lucio-costa-rj\/\",\"url\":\"https:\/\/invexo.com.br\/blog\/oceana-recreio-avenida-lucio-costa-rj\/\",\"name\":\"Veja os beneficios de morar no Oceana Recreio dos Bandeirantes\",\"isPartOf\":{\"@id\":\"https:\/\/invexo.com.br\/blog\/#website\"},\"primaryImageOfPage\":{\"@id\":\"https:\/\/invexo.com.br\/blog\/oceana-recreio-avenida-lucio-costa-rj\/#primaryimage\"},\"image\":{\"@id\":\"https:\/\/invexo.com.br\/blog\/oceana-recreio-avenida-lucio-costa-rj\/#primaryimage\"},\"thumbnailUrl\":\"https:\/\/invexo.com.br\/blog\/wp-content\/uploads\/2021\/01\/oceana-waterfront.jpg\",\"datePublished\":\"2021-01-25T06:49:00+00:00\",\"dateModified\":\"2022-06-29T00:45:08+00:00\",\"description\":\"Confira detalhes dos apartamentos e das coberturas de frente para o mar do condom\u00ednio residencial Oceana Recreio dos Bandeirantes\",\"breadcrumb\":{\"@id\":\"https:\/\/invexo.com.br\/blog\/oceana-recreio-avenida-lucio-costa-rj\/#breadcrumb\"},\"inLanguage\":\"pt-BR\",\"potentialAction\":[{\"@type\":\"ReadAction\",\"target\":[\"https:\/\/invexo.com.br\/blog\/oceana-recreio-avenida-lucio-costa-rj\/\"]}]},{\"@type\":\"ImageObject\",\"inLanguage\":\"pt-BR\",\"@id\":\"https:\/\/invexo.com.br\/blog\/oceana-recreio-avenida-lucio-costa-rj\/#primaryimage\",\"url\":\"https:\/\/invexo.com.br\/blog\/wp-content\/uploads\/2021\/01\/oceana-waterfront.jpg\",\"contentUrl\":\"https:\/\/invexo.com.br\/blog\/wp-content\/uploads\/2021\/01\/oceana-waterfront.jpg\",\"width\":1280,\"height\":720,\"caption\":\"Oceana Waterfront Recreio dos Bandeirantes\"},{\"@type\":\"BreadcrumbList\",\"@id\":\"https:\/\/invexo.com.br\/blog\/oceana-recreio-avenida-lucio-costa-rj\/#breadcrumb\",\"itemListElement\":[{\"@type\":\"ListItem\",\"position\":1,\"name\":\"Blog\",\"item\":\"https:\/\/invexo.com.br\/blog\/\"},{\"@type\":\"ListItem\",\"position\":2,\"name\":\"Bairros\",\"item\":\"https:\/\/invexo.com.br\/blog\/categoria\/bairros\/\"},{\"@type\":\"ListItem\",\"position\":3,\"name\":\"Veja os benef\u00edcios de morar no Oceana Recreio dos Bandeirantes\"}]},{\"@type\":\"WebSite\",\"@id\":\"https:\/\/invexo.com.br\/blog\/#website\",\"url\":\"https:\/\/invexo.com.br\/blog\/\",\"name\":\"Not\u00edcias RJ\",\"description\":\"Not\u00edcias sobre im\u00f3veis, financiamento, mercado imobili\u00e1rio do Rio de Janeiro. Informa\u00e7\u00f5es sobre Bairros, Condom\u00ednios e Regi\u00e3o do Rio de Janeiro.\",\"publisher\":{\"@id\":\"https:\/\/invexo.com.br\/blog\/#organization\"},\"potentialAction\":[{\"@type\":\"SearchAction\",\"target\":{\"@type\":\"EntryPoint\",\"urlTemplate\":\"https:\/\/invexo.com.br\/blog\/?s={search_term_string}\"},\"query-input\":{\"@type\":\"PropertyValueSpecification\",\"valueRequired\":true,\"valueName\":\"search_term_string\"}}],\"inLanguage\":\"pt-BR\"},{\"@type\":\"Organization\",\"@id\":\"https:\/\/invexo.com.br\/blog\/#organization\",\"name\":\"INVEXO Imobili\u00e1ria\",\"url\":\"https:\/\/invexo.com.br\/blog\/\",\"logo\":{\"@type\":\"ImageObject\",\"inLanguage\":\"pt-BR\",\"@id\":\"https:\/\/invexo.com.br\/blog\/#\/schema\/logo\/image\/\",\"url\":\"https:\/\/invexo.com.br\/blog\/wp-content\/uploads\/2018\/09\/invexo-80-melhor.png\",\"contentUrl\":\"https:\/\/invexo.com.br\/blog\/wp-content\/uploads\/2018\/09\/invexo-80-melhor.png\",\"width\":247,\"height\":80,\"caption\":\"INVEXO Imobili\u00e1ria\"},\"image\":{\"@id\":\"https:\/\/invexo.com.br\/blog\/#\/schema\/logo\/image\/\"},\"sameAs\":[\"https:\/\/facebook.com\/invexo\",\"https:\/\/x.com\/invexoimoveis\"]},{\"@type\":\"Person\",\"@id\":\"https:\/\/invexo.com.br\/blog\/#\/schema\/person\/36bee32f1cfacde03dc4c9622a58778d\",\"name\":\"Ronnie Possatti\",\"image\":{\"@type\":\"ImageObject\",\"inLanguage\":\"pt-BR\",\"@id\":\"https:\/\/invexo.com.br\/blog\/#\/schema\/person\/image\/\",\"url\":\"https:\/\/secure.gravatar.com\/avatar\/51a6cdcc215551235c39affb853f1e38?s=96&d=blank&r=g\",\"contentUrl\":\"https:\/\/secure.gravatar.com\/avatar\/51a6cdcc215551235c39affb853f1e38?s=96&d=blank&r=g\",\"caption\":\"Ronnie Possatti\"},\"description\":\"Equipe de especialistas que traz para seus leitores conte\u00fados relevantes e de qualidade sobre bairros, condom\u00ednios, lan\u00e7amentos e not\u00edcias imobili\u00e1rias no Rio de Janeiro.\",\"sameAs\":[\"https:\/\/facebook.com\/invexo\",\"https:\/\/instagram.com\/invexo\",\"https:\/\/x.com\/https:\/\/twitter.com\/invexoimoveis\"],\"url\":\"https:\/\/invexo.com.br\/blog\/author\/invexo\/\"}]}<\/script>\n<!-- \/ Yoast SEO plugin. -->","yoast_head_json":{"title":"Veja os beneficios de morar no Oceana Recreio dos Bandeirantes","description":"Confira detalhes dos apartamentos e das coberturas de frente para o mar do condom\u00ednio residencial Oceana Recreio dos Bandeirantes","robots":{"index":"index","follow":"follow","max-snippet":"max-snippet:-1","max-image-preview":"max-image-preview:large","max-video-preview":"max-video-preview:-1"},"canonical":"https:\/\/invexo.com.br\/blog\/oceana-recreio-avenida-lucio-costa-rj\/","og_locale":"pt_BR","og_type":"article","og_title":"Veja os beneficios de morar no Oceana Recreio dos Bandeirantes","og_description":"Confira detalhes dos apartamentos e das coberturas de frente para o mar do condom\u00ednio residencial Oceana Recreio dos Bandeirantes","og_url":"https:\/\/invexo.com.br\/blog\/oceana-recreio-avenida-lucio-costa-rj\/","og_site_name":"Not\u00edcias RJ","article_publisher":"https:\/\/facebook.com\/invexo","article_author":"https:\/\/facebook.com\/invexo","article_published_time":"2021-01-25T06:49:00+00:00","article_modified_time":"2022-06-29T00:45:08+00:00","og_image":[{"width":1280,"height":720,"url":"https:\/\/invexo.com.br\/blog\/wp-content\/uploads\/2021\/01\/oceana-waterfront.jpg","type":"image\/jpeg"}],"author":"Ronnie Possatti","twitter_card":"summary_large_image","twitter_creator":"@https:\/\/twitter.com\/invexoimoveis","twitter_site":"@invexoimoveis","twitter_misc":{"Escrito por":"Ronnie Possatti","Est. tempo de leitura":"3 minutos"},"schema":{"@context":"https:\/\/schema.org","@graph":[{"@type":"Article","@id":"https:\/\/invexo.com.br\/blog\/oceana-recreio-avenida-lucio-costa-rj\/#article","isPartOf":{"@id":"https:\/\/invexo.com.br\/blog\/oceana-recreio-avenida-lucio-costa-rj\/"},"author":{"name":"Ronnie Possatti","@id":"https:\/\/invexo.com.br\/blog\/#\/schema\/person\/36bee32f1cfacde03dc4c9622a58778d"},"headline":"Veja os benef\u00edcios de morar no Oceana Recreio dos Bandeirantes","datePublished":"2021-01-25T06:49:00+00:00","dateModified":"2022-06-29T00:45:08+00:00","mainEntityOfPage":{"@id":"https:\/\/invexo.com.br\/blog\/oceana-recreio-avenida-lucio-costa-rj\/"},"wordCount":559,"publisher":{"@id":"https:\/\/invexo.com.br\/blog\/#organization"},"image":{"@id":"https:\/\/invexo.com.br\/blog\/oceana-recreio-avenida-lucio-costa-rj\/#primaryimage"},"thumbnailUrl":"https:\/\/invexo.com.br\/blog\/wp-content\/uploads\/2021\/01\/oceana-waterfront.jpg","keywords":["Recreio dos Bandeirantes"],"articleSection":["Bairros","Informa\u00e7\u00f5es","Mercado imobili\u00e1rio"],"inLanguage":"pt-BR"},{"@type":"WebPage","@id":"https:\/\/invexo.com.br\/blog\/oceana-recreio-avenida-lucio-costa-rj\/","url":"https:\/\/invexo.com.br\/blog\/oceana-recreio-avenida-lucio-costa-rj\/","name":"Veja os beneficios de morar no Oceana Recreio dos Bandeirantes","isPartOf":{"@id":"https:\/\/invexo.com.br\/blog\/#website"},"primaryImageOfPage":{"@id":"https:\/\/invexo.com.br\/blog\/oceana-recreio-avenida-lucio-costa-rj\/#primaryimage"},"image":{"@id":"https:\/\/invexo.com.br\/blog\/oceana-recreio-avenida-lucio-costa-rj\/#primaryimage"},"thumbnailUrl":"https:\/\/invexo.com.br\/blog\/wp-content\/uploads\/2021\/01\/oceana-waterfront.jpg","datePublished":"2021-01-25T06:49:00+00:00","dateModified":"2022-06-29T00:45:08+00:00","description":"Confira detalhes dos apartamentos e das coberturas de frente para o mar do condom\u00ednio residencial Oceana Recreio dos Bandeirantes","breadcrumb":{"@id":"https:\/\/invexo.com.br\/blog\/oceana-recreio-avenida-lucio-costa-rj\/#breadcrumb"},"inLanguage":"pt-BR","potentialAction":[{"@type":"ReadAction","target":["https:\/\/invexo.com.br\/blog\/oceana-recreio-avenida-lucio-costa-rj\/"]}]},{"@type":"ImageObject","inLanguage":"pt-BR","@id":"https:\/\/invexo.com.br\/blog\/oceana-recreio-avenida-lucio-costa-rj\/#primaryimage","url":"https:\/\/invexo.com.br\/blog\/wp-content\/uploads\/2021\/01\/oceana-waterfront.jpg","contentUrl":"https:\/\/invexo.com.br\/blog\/wp-content\/uploads\/2021\/01\/oceana-waterfront.jpg","width":1280,"height":720,"caption":"Oceana Waterfront Recreio dos Bandeirantes"},{"@type":"BreadcrumbList","@id":"https:\/\/invexo.com.br\/blog\/oceana-recreio-avenida-lucio-costa-rj\/#breadcrumb","itemListElement":[{"@type":"ListItem","position":1,"name":"Blog","item":"https:\/\/invexo.com.br\/blog\/"},{"@type":"ListItem","position":2,"name":"Bairros","item":"https:\/\/invexo.com.br\/blog\/categoria\/bairros\/"},{"@type":"ListItem","position":3,"name":"Veja os benef\u00edcios de morar no Oceana Recreio dos Bandeirantes"}]},{"@type":"WebSite","@id":"https:\/\/invexo.com.br\/blog\/#website","url":"https:\/\/invexo.com.br\/blog\/","name":"Not\u00edcias RJ","description":"Not\u00edcias sobre im\u00f3veis, financiamento, mercado imobili\u00e1rio do Rio de Janeiro. Informa\u00e7\u00f5es sobre Bairros, Condom\u00ednios e Regi\u00e3o do Rio de Janeiro.","publisher":{"@id":"https:\/\/invexo.com.br\/blog\/#organization"},"potentialAction":[{"@type":"SearchAction","target":{"@type":"EntryPoint","urlTemplate":"https:\/\/invexo.com.br\/blog\/?s={search_term_string}"},"query-input":{"@type":"PropertyValueSpecification","valueRequired":true,"valueName":"search_term_string"}}],"inLanguage":"pt-BR"},{"@type":"Organization","@id":"https:\/\/invexo.com.br\/blog\/#organization","name":"INVEXO Imobili\u00e1ria","url":"https:\/\/invexo.com.br\/blog\/","logo":{"@type":"ImageObject","inLanguage":"pt-BR","@id":"https:\/\/invexo.com.br\/blog\/#\/schema\/logo\/image\/","url":"https:\/\/invexo.com.br\/blog\/wp-content\/uploads\/2018\/09\/invexo-80-melhor.png","contentUrl":"https:\/\/invexo.com.br\/blog\/wp-content\/uploads\/2018\/09\/invexo-80-melhor.png","width":247,"height":80,"caption":"INVEXO Imobili\u00e1ria"},"image":{"@id":"https:\/\/invexo.com.br\/blog\/#\/schema\/logo\/image\/"},"sameAs":["https:\/\/facebook.com\/invexo","https:\/\/x.com\/invexoimoveis"]},{"@type":"Person","@id":"https:\/\/invexo.com.br\/blog\/#\/schema\/person\/36bee32f1cfacde03dc4c9622a58778d","name":"Ronnie Possatti","image":{"@type":"ImageObject","inLanguage":"pt-BR","@id":"https:\/\/invexo.com.br\/blog\/#\/schema\/person\/image\/","url":"https:\/\/secure.gravatar.com\/avatar\/51a6cdcc215551235c39affb853f1e38?s=96&d=blank&r=g","contentUrl":"https:\/\/secure.gravatar.com\/avatar\/51a6cdcc215551235c39affb853f1e38?s=96&d=blank&r=g","caption":"Ronnie Possatti"},"description":"Equipe de especialistas que traz para seus leitores conte\u00fados relevantes e de qualidade sobre bairros, condom\u00ednios, lan\u00e7amentos e not\u00edcias imobili\u00e1rias no Rio de Janeiro.","sameAs":["https:\/\/facebook.com\/invexo","https:\/\/instagram.com\/invexo","https:\/\/x.com\/https:\/\/twitter.com\/invexoimoveis"],"url":"https:\/\/invexo.com.br\/blog\/author\/invexo\/"}]}},"taxonomy_info":{"category":[{"value":10,"label":"Bairros"},{"value":15,"label":"Informa\u00e7\u00f5es"},{"value":230,"label":"Mercado imobili\u00e1rio"}],"post_tag":[{"value":728,"label":"Recreio dos Bandeirantes"}]},"featured_image_src_large":["https:\/\/invexo.com.br\/blog\/wp-content\/uploads\/2021\/01\/oceana-waterfront-1024x576.jpg",1024,576,true],"author_info":{"display_name":"Ronnie Possatti","author_link":"https:\/\/invexo.com.br\/blog\/author\/invexo\/"},"comment_info":0,"category_info":[{"term_id":10,"name":"Bairros","slug":"bairros","term_group":0,"term_taxonomy_id":10,"taxonomy":"category","description":"Not\u00edcias sobre estabelecimentos nos melhores bairros para se morar no Rio de Janeiro.","parent":0,"count":1354,"filter":"raw","cat_ID":10,"category_count":1354,"category_description":"Not\u00edcias sobre estabelecimentos nos melhores bairros para se morar no Rio de Janeiro.","cat_name":"Bairros","category_nicename":"bairros","category_parent":0},{"term_id":15,"name":"Informa\u00e7\u00f5es","slug":"informacoes","term_group":0,"term_taxonomy_id":15,"taxonomy":"category","description":"Informa\u00e7\u00f5es, experi\u00eancia nos melhores estabelecimentos em bairros nobres para se viver no Rio de Janeiro. Tudo sobre cultura, entretenimento e lazer.","parent":0,"count":1297,"filter":"raw","cat_ID":15,"category_count":1297,"category_description":"Informa\u00e7\u00f5es, experi\u00eancia nos melhores estabelecimentos em bairros nobres para se viver no Rio de Janeiro. Tudo sobre cultura, entretenimento e lazer.","cat_name":"Informa\u00e7\u00f5es","category_nicename":"informacoes","category_parent":0},{"term_id":230,"name":"Mercado imobili\u00e1rio","slug":"mercado-imobiliario","term_group":0,"term_taxonomy_id":230,"taxonomy":"category","description":"Not\u00edcias sobre o mercado imobili\u00e1rio carioca, informa\u00e7\u00f5es sobre lan\u00e7amentos, construtoras, incorporadoras e futuros lan\u00e7amentos na cidade do Rio de Janeiro.","parent":0,"count":266,"filter":"raw","cat_ID":230,"category_count":266,"category_description":"Not\u00edcias sobre o mercado imobili\u00e1rio carioca, informa\u00e7\u00f5es sobre lan\u00e7amentos, construtoras, incorporadoras e futuros lan\u00e7amentos na cidade do Rio de Janeiro.","cat_name":"Mercado imobili\u00e1rio","category_nicename":"mercado-imobiliario","category_parent":0}],"tag_info":[{"term_id":728,"name":"Recreio dos Bandeirantes","slug":"recreio-dos-bandeirantes","term_group":0,"term_taxonomy_id":728,"taxonomy":"post_tag","description":"","parent":0,"count":11,"filter":"raw"}],"_links":{"self":[{"href":"https:\/\/invexo.com.br\/blog\/wp-json\/wp\/v2\/posts\/10228"}],"collection":[{"href":"https:\/\/invexo.com.br\/blog\/wp-json\/wp\/v2\/posts"}],"about":[{"href":"https:\/\/invexo.com.br\/blog\/wp-json\/wp\/v2\/types\/post"}],"author":[{"embeddable":true,"href":"https:\/\/invexo.com.br\/blog\/wp-json\/wp\/v2\/users\/2"}],"replies":[{"embeddable":true,"href":"https:\/\/invexo.com.br\/blog\/wp-json\/wp\/v2\/comments?post=10228"}],"version-history":[{"count":1,"href":"https:\/\/invexo.com.br\/blog\/wp-json\/wp\/v2\/posts\/10228\/revisions"}],"predecessor-version":[{"id":27361,"href":"https:\/\/invexo.com.br\/blog\/wp-json\/wp\/v2\/posts\/10228\/revisions\/27361"}],"wp:featuredmedia":[{"embeddable":true,"href":"https:\/\/invexo.com.br\/blog\/wp-json\/wp\/v2\/media\/10638"}],"wp:attachment":[{"href":"https:\/\/invexo.com.br\/blog\/wp-json\/wp\/v2\/media?parent=10228"}],"wp:term":[{"taxonomy":"category","embeddable":true,"href":"https:\/\/invexo.com.br\/blog\/wp-json\/wp\/v2\/categories?post=10228"},{"taxonomy":"post_tag","embeddable":true,"href":"https:\/\/invexo.com.br\/blog\/wp-json\/wp\/v2\/tags?post=10228"}],"curies":[{"name":"wp","href":"https:\/\/api.w.org\/{rel}","templated":true}]}}