{"id":43614,"date":"2024-04-09T09:24:45","date_gmt":"2024-04-09T12:24:45","guid":{"rendered":"https:\/\/invexo.com.br\/blog\/?post_type=web-story&#038;p=43614"},"modified":"2024-04-09T09:24:45","modified_gmt":"2024-04-09T12:24:45","slug":"trilhas-de-sao-conrado","status":"publish","type":"web-story","link":"https:\/\/invexo.com.br\/blog\/web-stories\/trilhas-de-sao-conrado\/","title":{"rendered":"Trilhas de S\u00e3o Conrado"},"content":{"rendered":"<p><html amp=\"\" lang=\"en\"><head><meta charSet=\"utf-8\"\/><meta name=\"viewport\" content=\"width=device-width,minimum-scale=1,initial-scale=1\"\/><script async=\"\" src=\"https:\/\/cdn.ampproject.org\/v0.js\"><\/script><script async=\"\" src=\"https:\/\/cdn.ampproject.org\/v0\/amp-story-1.0.js\" custom-element=\"amp-story\"><\/script><link href=\"https:\/\/fonts.googleapis.com\/css2?display=swap&amp;family=Lato%3Awght%40700&amp;family=Hind%3Awght%40400%3B600&amp;family=Roboto%3Awght%40700\" rel=\"stylesheet\"\/>\n<style amp-boilerplate=\"\">body{-webkit-animation:-amp-start 8s steps(1,end) 0s 1 normal both;-moz-animation:-amp-start 8s steps(1,end) 0s 1 normal both;-ms-animation:-amp-start 8s steps(1,end) 0s 1 normal both;animation:-amp-start 8s steps(1,end) 0s 1 normal both}@-webkit-keyframes -amp-start{from{visibility:hidden}to{visibility:visible}}@-moz-keyframes -amp-start{from{visibility:hidden}to{visibility:visible}}@-ms-keyframes -amp-start{from{visibility:hidden}to{visibility:visible}}@-o-keyframes -amp-start{from{visibility:hidden}to{visibility:visible}}@keyframes -amp-start{from{visibility:hidden}to{visibility:visible}}<\/style>\n<p><noscript><\/p>\n<style amp-boilerplate=\"\">body{-webkit-animation:none;-moz-animation:none;-ms-animation:none;animation:none}<\/style>\n<p><\/noscript><\/p>\n<style amp-custom=\"\">\n              h1, h2, h3 { font-weight: normal; }<\/p>\n<p>              amp-story-page {\n                background-color: #131516;\n              }<\/p>\n<p>              amp-story-grid-layer {\n                overflow: visible;\n              }<\/p>\n<p>              @media (max-aspect-ratio: 9 \/ 16)  {\n                @media (min-aspect-ratio: 320 \/ 678) {\n                  amp-story-grid-layer.grid-layer {\n                    margin-top: calc((100% \/ 0.5625 - 100% \/ 0.6666666666666666) \/ 2);\n                  }\n                }\n              }<\/p>\n<p>              @media not all and (min-resolution:.001dpcm) {\n                @media {\n                  p.text-wrapper > span {\n                    font-size: calc(100% - 0.5px);\n                  }\n                }\n              }<\/p>\n<p>              .page-fullbleed-area,\n              .page-background-overlay-area {\n                position: absolute;\n                overflow: hidden;\n                width: 100%;\n                left: 0;\n                height: calc(1.1851851851851851 * 100%);\n                top: calc((1 - 1.1851851851851851) * 100% \/ 2);\n              }<\/p>\n<p>              .element-overlay-area {\n                position: absolute;\n                width: 100%;\n                height: 100%;\n                top: 0;\n                left: 0;\n              }<\/p>\n<p>              .page-safe-area {\n                overflow: visible;\n                position: absolute;\n                top: 0;\n                bottom: 0;\n                left: 0;\n                right: 0;\n                width: 100%;\n                height: calc(0.84375 * 100%);\n                margin: auto 0;\n              }<\/p>\n<p>              .mask {\n                position: absolute;\n                overflow: hidden;\n              }<\/p>\n<p>              .fill {\n                position: absolute;\n                top: 0;\n                left: 0;\n                right: 0;\n                bottom: 0;\n                margin: 0;\n              }<\/p>\n<p>              @media (prefers-reduced-motion: no-preference) {\n                .animation-wrapper {\n                  opacity: var(--initial-opacity);\n                  transform: var(--initial-transform);\n                }\n              }<\/p>\n<p>              amp-story-grid-layer.align-bottom {\n                align-content: end;\n                padding: 0;\n                \/* \n                  AMP CTA Layer will exactly occupy 74px regardless of any device.\n                  To space out captions 74px from the BOTTOM (AMP CTA Layer),\n                  74px from the TOP should also be spaced out and thus: 2 * 74px\n                  will be the desired max-height.\n                *\/\n                max-height: calc(100vh - (2 * 74px));\n              }<\/p>\n<p>              .captions-area {\n                padding: 0 32px 0;\n              }<\/p>\n<p>              amp-story-captions {\n                margin-bottom: 16px;\n                text-align: center;\n              }\n              <\/style>\n<p><meta name=\"web-stories-replace-head-start\"\/><title>Trilhas de S\u00e3o Conrado<\/title><link rel=\"canonical\" href=\"https:\/\/invexo.com.br\/blog\/?post_type=web-story&amp;p=43614\"\/><meta name=\"web-stories-replace-head-end\"\/><\/head><body><amp-story standalone=\"\" publisher=\"Not\u00edcias RJ\" publisher-logo-src=\"https:\/\/invexo.com.br\/blog\/wp-content\/uploads\/2019\/08\/cropped-avatar-invexo.png\" title=\"Trilhas de S\u00e3o Conrado\" poster-portrait-src=\"https:\/\/invexo.com.br\/blog\/wp-content\/uploads\/2024\/04\/cropped-trilha-trilhas-em-sao-conrado-rio-de-janeiro3.jpg\"><amp-story-page id=\"da3808b7-6397-435a-8a2d-93f756672665\" auto-advance-after=\"7s\"><amp-story-grid-layer template=\"vertical\" aspect-ratio=\"412:618\" class=\"grid-layer\"><\/p>\n<div class=\"page-fullbleed-area\" style=\"background-color:#000\">\n<div class=\"page-safe-area\">\n<div style=\"position:absolute;pointer-events:none;left:0;top:-9.25926%;width:100%;height:118.51852%;opacity:1\">\n<div style=\"pointer-events:initial;width:100%;height:100%;display:block;position:absolute;top:0;left:0;z-index:0\" class=\"mask\" id=\"el-e0e9305e-c182-4cfe-b9fb-ba0f2ae796c5\">\n<div class=\"fill\" style=\"will-change:transform\"><\/div>\n<\/div>\n<\/div>\n<\/div>\n<\/div>\n<p><\/amp-story-grid-layer><amp-story-grid-layer template=\"vertical\" aspect-ratio=\"412:618\" class=\"grid-layer\"><\/p>\n<div class=\"page-fullbleed-area\">\n<div class=\"page-safe-area\">\n<div style=\"position:absolute;pointer-events:none;left:0;top:-72.00647%;width:100%;height:118.4466%;opacity:1\">\n<div style=\"pointer-events:initial;width:100%;height:100%;display:block;position:absolute;top:0;left:0;z-index:0\" class=\"mask\" id=\"el-ea97f8b4-5f3d-41a0-83a1-7088caf806c6\"><a href=\"https:\/\/invexo.com.br\/blog\/trilha-sao-conrado\/\" data-tooltip-icon=\"https:\/\/invexo.com.br\/blog\/wp-content\/uploads\/2020\/01\/garotas-na-trilha-sao-conrado-rio-de-janeiro-rj.jpg\" data-tooltip-text=\"Trilha S\u00e3o Conrado: Pedra Bonita, Garganta do C\u00e9u e P4\" target=\"_blank\" rel=\"noreferrer noopener\" style=\"width:100%;height:100%;display:block;position:absolute;top:0;left:0\"><\/p>\n<div class=\"fill\" style=\"background-color:#000;will-change:transform\"><\/div>\n<p><\/a><\/div>\n<\/div>\n<div style=\"position:absolute;pointer-events:none;left:-29.61165%;top:37.21683%;width:138.83495%;height:3.23625%;opacity:1\">\n<div style=\"pointer-events:initial;width:100%;height:100%;display:block;position:absolute;top:0;left:0;z-index:0\" class=\"mask\" id=\"el-0a31697d-612b-4cee-996f-2aae46fdcef7\">\n<div class=\"fill\" style=\"background-color:#ce9e00;will-change:transform\"><\/div>\n<\/div>\n<\/div>\n<div style=\"position:absolute;pointer-events:none;left:8.25243%;top:6.31068%;width:84.2233%;height:16.18123%;opacity:1\">\n<div style=\"pointer-events:initial;width:100%;height:100%;display:block;position:absolute;top:0;left:0;z-index:0;border-radius:0.5763688760806917% 0.5763688760806917% 0.5763688760806917% 0.5763688760806917% \/ 2% 2% 2% 2%\" id=\"el-24fcde09-a421-4762-9a3f-9c8793df7f41\"><a href=\"https:\/\/invexo.com.br\/blog\/trilha-sao-conrado\/\" data-tooltip-icon=\"https:\/\/invexo.com.br\/blog\/wp-content\/uploads\/2020\/01\/garotas-na-trilha-sao-conrado-rio-de-janeiro-rj.jpg\" data-tooltip-text=\"Trilha S\u00e3o Conrado: Pedra Bonita, Garganta do C\u00e9u e P4\" target=\"_blank\" rel=\"noreferrer noopener\" style=\"width:100%;height:100%;display:block;position:absolute;top:0;left:0\"><\/p>\n<h1 class=\"fill text-wrapper\" style=\"white-space:pre-line;overflow-wrap:break-word;word-break:break-word;margin:-0.5763688760806917% 0;font-family:&quot;Lato&quot;,sans-serif;font-size:0.647249em;line-height:1.3;text-align:left;padding:0;color:#000000\"><span><span style=\"font-weight: 700; color: #fff; letter-spacing: 0.11em; text-transform: uppercase\">Trilhas de <\/span><span style=\"font-weight: 700; color: #ce9e00; letter-spacing: 0.11em; text-transform: uppercase\">S\u00e3o Conrado<\/span><\/span><\/h1>\n<p><\/a><\/div>\n<\/div>\n<div style=\"position:absolute;pointer-events:none;left:-1.94175%;top:38.83495%;width:104.85437%;height:79.28803%;opacity:1\">\n<div style=\"pointer-events:initial;width:100%;height:100%;display:block;position:absolute;top:0;left:0;z-index:0\" class=\"mask\" id=\"el-2f8c29c9-3bb0-4099-8183-d8c6d5397bfe\"><a href=\"https:\/\/invexo.com.br\/blog\/trilha-sao-conrado\/\" data-tooltip-icon=\"https:\/\/invexo.com.br\/blog\/wp-content\/uploads\/2020\/01\/garotas-na-trilha-sao-conrado-rio-de-janeiro-rj.jpg\" data-tooltip-text=\"Trilha S\u00e3o Conrado: Pedra Bonita, Garganta do C\u00e9u e P4\" target=\"_blank\" rel=\"noreferrer noopener\" style=\"width:100%;height:100%;display:block;position:absolute;top:0;left:0\"><\/p>\n<div style=\"position:absolute;width:113.42593%;height:100%;left:-6.71297%;top:0%\" data-leaf-element=\"true\"><amp-img layout=\"fill\" src=\"https:\/\/invexo.com.br\/blog\/wp-content\/uploads\/2024\/04\/trilha-trilhas-em-sao-conrado-rio-de-janeiro.jpg\" alt=\"trilha-trilhas-em-sao-conrado-rio-de-janeiro\" srcSet=\"https:\/\/invexo.com.br\/blog\/wp-content\/uploads\/2024\/04\/trilha-trilhas-em-sao-conrado-rio-de-janeiro.jpg 500w,https:\/\/invexo.com.br\/blog\/wp-content\/uploads\/2024\/04\/trilha-trilhas-em-sao-conrado-rio-de-janeiro-300x300.jpg 300w,https:\/\/invexo.com.br\/blog\/wp-content\/uploads\/2024\/04\/trilha-trilhas-em-sao-conrado-rio-de-janeiro-150x150.jpg 150w,https:\/\/invexo.com.br\/blog\/wp-content\/uploads\/2024\/04\/trilha-trilhas-em-sao-conrado-rio-de-janeiro-96x96.jpg 96w\" sizes=\"(min-width: 1024px) 47vh, 105vw\" disable-inline-width=\"true\"><\/amp-img><\/div>\n<p><\/a><\/p>\n<div class=\"element-overlay-area\" style=\"background-image:radial-gradient(ellipse 67% 67%, rgba(0,0,0,0) 0%, rgba(0,0,0,0.2) 100%)\"><\/div>\n<\/div>\n<\/div>\n<div style=\"position:absolute;pointer-events:none;left:82.28155%;top:94.66019%;width:15.29126%;height:10.84142%;opacity:0.5\">\n<div style=\"pointer-events:initial;width:100%;height:100%;display:block;position:absolute;top:0;left:0;z-index:0\" class=\"mask\" id=\"el-2ffbeede-e62d-42b9-85b7-130c2e1235d0\"><a href=\"https:\/\/invexo.com.br\/blog\/trilha-sao-conrado\/\" data-tooltip-icon=\"https:\/\/invexo.com.br\/blog\/wp-content\/uploads\/2020\/01\/garotas-na-trilha-sao-conrado-rio-de-janeiro-rj.jpg\" data-tooltip-text=\"Trilha S\u00e3o Conrado: Pedra Bonita, Garganta do C\u00e9u e P4\" target=\"_blank\" rel=\"noreferrer noopener\" style=\"width:100%;height:100%;display:block;position:absolute;top:0;left:0\"><\/p>\n<div style=\"position:absolute;width:106.34918%;height:100%;left:-3.17459%;top:0%\" data-leaf-element=\"true\"><amp-img layout=\"fill\" src=\"https:\/\/invexo.com.br\/blog\/wp-content\/uploads\/2022\/09\/marca-d-agua-site-branca.png\" alt=\"marca-d-agua-site-branca\" srcSet=\"https:\/\/invexo.com.br\/blog\/wp-content\/uploads\/2022\/09\/marca-d-agua-site-branca.png 200w,https:\/\/invexo.com.br\/blog\/wp-content\/uploads\/2022\/09\/marca-d-agua-site-branca-150x150.png 150w,https:\/\/invexo.com.br\/blog\/wp-content\/uploads\/2022\/09\/marca-d-agua-site-branca-96x96.png 96w\" sizes=\"(min-width: 1024px) 7vh, 15vw\" disable-inline-width=\"true\"><\/amp-img><\/div>\n<p><\/a><\/div>\n<\/div>\n<\/div>\n<\/div>\n<p><\/amp-story-grid-layer><\/amp-story-page><amp-story-page id=\"1914e9cd-0077-4a81-a7a9-fe4bdf5cd0d4\" auto-advance-after=\"7s\"><amp-story-animation layout=\"nodisplay\" trigger=\"visibility\"><script type=\"application\/json\">[{\"selector\":\"#anim-be770287-2da3-4b1d-a50d-89c57c44d113\",\"keyframes\":{\"opacity\":[0,1]},\"delay\":100,\"duration\":3000,\"easing\":\"cubic-bezier(0.4, 0.4, 0.0, 1)\",\"fill\":\"both\"}]<\/script><\/amp-story-animation><amp-story-grid-layer template=\"vertical\" aspect-ratio=\"412:618\" class=\"grid-layer\"><\/p>\n<div class=\"page-fullbleed-area\" style=\"background-color:#000\">\n<div class=\"page-safe-area\">\n<div style=\"position:absolute;pointer-events:none;left:0;top:-9.25926%;width:100%;height:118.51852%;opacity:1\">\n<div style=\"pointer-events:initial;width:100%;height:100%;display:block;position:absolute;top:0;left:0;z-index:0\" class=\"mask\" id=\"el-a31a8f4f-52f5-48a0-aec7-ce68fa7422c8\">\n<div class=\"fill\" style=\"will-change:transform\"><\/div>\n<\/div>\n<\/div>\n<\/div>\n<\/div>\n<p><\/amp-story-grid-layer><amp-story-grid-layer template=\"vertical\" aspect-ratio=\"412:618\" class=\"grid-layer\"><\/p>\n<div class=\"page-fullbleed-area\">\n<div class=\"page-safe-area\">\n<div style=\"position:absolute;pointer-events:none;left:-1.94175%;top:-18.77023%;width:104.85437%;height:59.54693%;opacity:1\">\n<div style=\"pointer-events:initial;width:100%;height:100%;display:block;position:absolute;top:0;left:0;z-index:0\" class=\"mask\" id=\"el-d83fbb42-42a4-481c-bee5-44a322322358\"><a href=\"https:\/\/invexo.com.br\/blog\/trilha-sao-conrado\/\" data-tooltip-icon=\"https:\/\/invexo.com.br\/blog\/wp-content\/uploads\/2020\/01\/garotas-na-trilha-sao-conrado-rio-de-janeiro-rj.jpg\" data-tooltip-text=\"Trilha S\u00e3o Conrado: Pedra Bonita, Garganta do C\u00e9u e P4\" target=\"_blank\" rel=\"noreferrer noopener\" style=\"width:100%;height:100%;display:block;position:absolute;top:0;left:0\"><\/p>\n<div class=\"fill\" style=\"background-color:#000;will-change:transform\"><\/div>\n<p><\/a><\/div>\n<\/div>\n<div style=\"position:absolute;pointer-events:none;left:49.51456%;top:18.77023%;width:108.00971%;height:8.41424%;transform:rotate(90deg);opacity:1\">\n<div style=\"pointer-events:initial;width:100%;height:100%;display:block;position:absolute;top:0;left:0;z-index:0\" class=\"mask\" id=\"el-6f7ef421-c0e1-458c-a6d2-0d8e903cbf76\">\n<div class=\"fill\" style=\"background-color:#ce9e00;will-change:transform\"><\/div>\n<\/div>\n<\/div>\n<div style=\"position:absolute;pointer-events:none;left:-1.21359%;top:52.10356%;width:104.85437%;height:58.41424%;opacity:1\">\n<div style=\"pointer-events:initial;width:100%;height:100%;display:block;position:absolute;top:0;left:0;z-index:0\" class=\"mask\" id=\"el-7f89cd4f-5c62-4ea0-9655-80fec44eb8a7\"><a href=\"https:\/\/invexo.com.br\/blog\/trilha-sao-conrado\/\" data-tooltip-icon=\"https:\/\/invexo.com.br\/blog\/wp-content\/uploads\/2020\/01\/garotas-na-trilha-sao-conrado-rio-de-janeiro-rj.jpg\" data-tooltip-text=\"Trilha S\u00e3o Conrado: Pedra Bonita, Garganta do C\u00e9u e P4\" target=\"_blank\" rel=\"noreferrer noopener\" style=\"width:100%;height:100%;display:block;position:absolute;top:0;left:0\"><\/p>\n<div style=\"position:absolute;width:100%;height:119.66759%;left:0%;top:-14.5891%\" data-leaf-element=\"true\"><amp-img layout=\"fill\" src=\"https:\/\/invexo.com.br\/blog\/wp-content\/uploads\/2024\/04\/trilha-trilhas-em-sao-conrado-rio-de-janeiro2.jpg\" alt=\"trilha-trilhas-em-sao-conrado-rio-de-janeiro(2)\" srcSet=\"https:\/\/invexo.com.br\/blog\/wp-content\/uploads\/2024\/04\/trilha-trilhas-em-sao-conrado-rio-de-janeiro2.jpg 500w,https:\/\/invexo.com.br\/blog\/wp-content\/uploads\/2024\/04\/trilha-trilhas-em-sao-conrado-rio-de-janeiro2-300x300.jpg 300w,https:\/\/invexo.com.br\/blog\/wp-content\/uploads\/2024\/04\/trilha-trilhas-em-sao-conrado-rio-de-janeiro2-150x150.jpg 150w,https:\/\/invexo.com.br\/blog\/wp-content\/uploads\/2024\/04\/trilha-trilhas-em-sao-conrado-rio-de-janeiro2-96x96.jpg 96w\" sizes=\"(min-width: 1024px) 47vh, 105vw\" disable-inline-width=\"true\"><\/amp-img><\/div>\n<p><\/a><\/p>\n<div class=\"element-overlay-area\" style=\"background-image:radial-gradient(ellipse 67% 67%, rgba(0,0,0,0) 0%, rgba(0,0,0,0.2) 100%)\"><\/div>\n<\/div>\n<\/div>\n<div style=\"position:absolute;pointer-events:none;left:11.40777%;top:0;width:78.15534%;height:15.53398%;opacity:1\">\n<div style=\"pointer-events:initial;width:100%;height:100%;display:block;position:absolute;top:0;left:0;z-index:0;border-radius:0.6211180124223602% 0.6211180124223602% 0.6211180124223602% 0.6211180124223602% \/ 2.083333333333333% 2.083333333333333% 2.083333333333333% 2.083333333333333%\" id=\"el-662d7ce5-046d-447e-983c-dff7100779a3\"><a href=\"https:\/\/invexo.com.br\/blog\/trilha-sao-conrado\/\" data-tooltip-icon=\"https:\/\/invexo.com.br\/blog\/wp-content\/uploads\/2020\/01\/garotas-na-trilha-sao-conrado-rio-de-janeiro-rj.jpg\" data-tooltip-text=\"Trilha S\u00e3o Conrado: Pedra Bonita, Garganta do C\u00e9u e P4\" target=\"_blank\" rel=\"noreferrer noopener\" style=\"width:100%;height:100%;display:block;position:absolute;top:0;left:0\"><\/p>\n<h1 class=\"fill text-wrapper\" style=\"white-space:pre-line;overflow-wrap:break-word;word-break:break-word;margin:0% 0;font-family:&quot;Lato&quot;,sans-serif;font-size:0.647249em;line-height:1.2;text-align:initial;padding:0;color:#000000\"><span><span style=\"font-weight: 700; color: #ce9e00; letter-spacing: 0.02em; text-transform: uppercase\">Trilha da Pedra Bonita<\/span><\/span><\/h1>\n<p><\/a><\/div>\n<\/div>\n<div style=\"position:absolute;pointer-events:none;left:11.40777%;top:21.0356%;width:76.21359%;height:25.72816%;opacity:1\">\n<div id=\"anim-be770287-2da3-4b1d-a50d-89c57c44d113\" class=\"animation-wrapper\" style=\"width:100%;height:100%;display:block;position:absolute;top:0;left:0;--initial-opacity:0;--initial-transform:none\">\n<div style=\"pointer-events:initial;width:100%;height:100%;display:block;position:absolute;top:0;left:0;z-index:0;border-radius:0.6369426751592357% 0.6369426751592357% 0.6369426751592357% 0.6369426751592357% \/ 1.257861635220126% 1.257861635220126% 1.257861635220126% 1.257861635220126%\" id=\"el-42a4d28d-b145-477a-a385-9ee251284a97\"><a href=\"https:\/\/invexo.com.br\/blog\/trilha-sao-conrado\/\" data-tooltip-icon=\"https:\/\/invexo.com.br\/blog\/wp-content\/uploads\/2020\/01\/garotas-na-trilha-sao-conrado-rio-de-janeiro-rj.jpg\" data-tooltip-text=\"Trilha S\u00e3o Conrado: Pedra Bonita, Garganta do C\u00e9u e P4\" target=\"_blank\" rel=\"noreferrer noopener\" style=\"width:100%;height:100%;display:block;position:absolute;top:0;left:0\"><\/p>\n<h3 class=\"fill text-wrapper\" style=\"white-space:pre-line;overflow-wrap:break-word;word-break:break-word;margin:0.7041401273885357% 0;font-family:&quot;Hind&quot;,sans-serif;font-size:0.355987em;line-height:1.4;text-align:initial;padding:0;color:#000000\"><span><span style=\"color: #fff\">A Trilha da Pedra Bonita \u00e9 uma das mais populares de S\u00e3o Conrado, oferecendo vistas panor\u00e2micas deslumbrantes da cidade e da natureza ao redor.<\/span><\/span><\/h3>\n<p><\/a><\/div>\n<\/div>\n<\/div>\n<div style=\"position:absolute;pointer-events:none;left:82.03883%;top:94.98382%;width:15.29126%;height:10.84142%;opacity:0.5\">\n<div style=\"pointer-events:initial;width:100%;height:100%;display:block;position:absolute;top:0;left:0;z-index:0\" class=\"mask\" id=\"el-a0bebad2-df94-4d83-bbef-b89110a099e2\"><a href=\"https:\/\/invexo.com.br\/blog\/trilha-sao-conrado\/\" data-tooltip-icon=\"https:\/\/invexo.com.br\/blog\/wp-content\/uploads\/2020\/01\/garotas-na-trilha-sao-conrado-rio-de-janeiro-rj.jpg\" data-tooltip-text=\"Trilha S\u00e3o Conrado: Pedra Bonita, Garganta do C\u00e9u e P4\" target=\"_blank\" rel=\"noreferrer noopener\" style=\"width:100%;height:100%;display:block;position:absolute;top:0;left:0\"><\/p>\n<div style=\"position:absolute;width:106.34918%;height:100%;left:-3.17459%;top:0%\" data-leaf-element=\"true\"><amp-img layout=\"fill\" src=\"https:\/\/invexo.com.br\/blog\/wp-content\/uploads\/2022\/09\/marca-d-agua-site-branca.png\" alt=\"marca-d-agua-site-branca\" srcSet=\"https:\/\/invexo.com.br\/blog\/wp-content\/uploads\/2022\/09\/marca-d-agua-site-branca.png 200w,https:\/\/invexo.com.br\/blog\/wp-content\/uploads\/2022\/09\/marca-d-agua-site-branca-150x150.png 150w,https:\/\/invexo.com.br\/blog\/wp-content\/uploads\/2022\/09\/marca-d-agua-site-branca-96x96.png 96w\" sizes=\"(min-width: 1024px) 7vh, 15vw\" disable-inline-width=\"true\"><\/amp-img><\/div>\n<p><\/a><\/div>\n<\/div>\n<\/div>\n<\/div>\n<p><\/amp-story-grid-layer><\/amp-story-page><amp-story-page id=\"0d9f7bf0-6f57-4a60-ba0c-504ed28dc38f\" auto-advance-after=\"7s\"><amp-story-animation layout=\"nodisplay\" trigger=\"visibility\"><script type=\"application\/json\">[{\"selector\":\"#anim-8b3fbe93-2e45-4e0e-8a0d-3398f19f0a79\",\"keyframes\":{\"opacity\":[0,1]},\"delay\":100,\"duration\":3000,\"easing\":\"cubic-bezier(0.4, 0.4, 0.0, 1)\",\"fill\":\"both\"}]<\/script><\/amp-story-animation><amp-story-grid-layer template=\"vertical\" aspect-ratio=\"412:618\" class=\"grid-layer\"><\/p>\n<div class=\"page-fullbleed-area\" style=\"background-color:#000\">\n<div class=\"page-safe-area\">\n<div style=\"position:absolute;pointer-events:none;left:0;top:-9.25926%;width:100%;height:118.51852%;opacity:1\">\n<div style=\"pointer-events:initial;width:100%;height:100%;display:block;position:absolute;top:0;left:0;z-index:0\" class=\"mask\" id=\"el-3108b6ac-d6a3-464c-b1f2-d853c25edafa\">\n<div class=\"fill\" style=\"will-change:transform\"><\/div>\n<\/div>\n<\/div>\n<\/div>\n<\/div>\n<p><\/amp-story-grid-layer><amp-story-grid-layer template=\"vertical\" aspect-ratio=\"412:618\" class=\"grid-layer\"><\/p>\n<div class=\"page-fullbleed-area\">\n<div class=\"page-safe-area\">\n<div style=\"position:absolute;pointer-events:none;left:11.65049%;top:0;width:66.26214%;height:17.79935%;opacity:1\">\n<div style=\"pointer-events:initial;width:100%;height:100%;display:block;position:absolute;top:0;left:0;z-index:0;border-radius:0.7326007326007326% 0.7326007326007326% 0.7326007326007326% 0.7326007326007326% \/ 1.8181818181818181% 1.8181818181818181% 1.8181818181818181% 1.8181818181818181%\" id=\"el-810c35ee-8652-4cd2-95bc-8730d8623de1\"><a href=\"https:\/\/invexo.com.br\/blog\/trilha-sao-conrado\/\" data-tooltip-icon=\"https:\/\/invexo.com.br\/blog\/wp-content\/uploads\/2020\/01\/garotas-na-trilha-sao-conrado-rio-de-janeiro-rj.jpg\" data-tooltip-text=\"Trilha S\u00e3o Conrado: Pedra Bonita, Garganta do C\u00e9u e P4\" target=\"_blank\" rel=\"noreferrer noopener\" style=\"width:100%;height:100%;display:block;position:absolute;top:0;left:0\"><\/p>\n<h1 class=\"fill text-wrapper\" style=\"white-space:pre-line;overflow-wrap:break-word;word-break:break-word;margin:2.0948717948717954% 0;font-family:&quot;Hind&quot;,sans-serif;font-size:0.614887em;line-height:1.3;text-align:initial;padding:0;color:#000000\"><span><span style=\"font-weight: 600; color: #ce9e00; letter-spacing: 0.02em; text-transform: uppercase\">Rampa de Voo Livre<\/span><\/span><\/h1>\n<p><\/a><\/div>\n<\/div>\n<div style=\"position:absolute;pointer-events:none;left:11.8932%;top:19.57929%;width:76.69903%;height:25.72816%;opacity:1\">\n<div id=\"anim-8b3fbe93-2e45-4e0e-8a0d-3398f19f0a79\" class=\"animation-wrapper\" style=\"width:100%;height:100%;display:block;position:absolute;top:0;left:0;--initial-opacity:0;--initial-transform:none\">\n<div style=\"pointer-events:initial;width:100%;height:100%;display:block;position:absolute;top:0;left:0;z-index:0;border-radius:0.6329113924050633% 0.6329113924050633% 0.6329113924050633% 0.6329113924050633% \/ 1.257861635220126% 1.257861635220126% 1.257861635220126% 1.257861635220126%\" id=\"el-066f7c7f-ba73-4976-8d46-b9fdee662241\"><a href=\"https:\/\/invexo.com.br\/blog\/trilha-sao-conrado\/\" data-tooltip-icon=\"https:\/\/invexo.com.br\/blog\/wp-content\/uploads\/2020\/01\/garotas-na-trilha-sao-conrado-rio-de-janeiro-rj.jpg\" data-tooltip-text=\"Trilha S\u00e3o Conrado: Pedra Bonita, Garganta do C\u00e9u e P4\" target=\"_blank\" rel=\"noreferrer noopener\" style=\"width:100%;height:100%;display:block;position:absolute;top:0;left:0\"><\/p>\n<h3 class=\"fill text-wrapper\" style=\"white-space:pre-line;overflow-wrap:break-word;word-break:break-word;margin:0.6996835443037981% 0;font-family:&quot;Hind&quot;,sans-serif;font-size:0.355987em;line-height:1.4;text-align:initial;padding:0;color:#000000\"><span><span style=\"color: #fff\">Para os mais aventureiros, a Rampa da Pedra Bonita \u00e9 o ponto de partida para emocionantes voos de asa-delta e parapente em S\u00e3o Conrado.<\/span><\/span><\/h3>\n<p><\/a><\/div>\n<\/div>\n<\/div>\n<div style=\"position:absolute;pointer-events:none;left:12.13592%;top:50.48544%;width:76.21359%;height:53.23625%;opacity:1\">\n<div style=\"pointer-events:initial;width:100%;height:100%;display:block;position:absolute;top:0;left:0;z-index:0\" class=\"mask\" id=\"el-477a19a6-ab99-475e-a465-25e776c477dc\"><a href=\"https:\/\/invexo.com.br\/blog\/trilha-sao-conrado\/\" data-tooltip-icon=\"https:\/\/invexo.com.br\/blog\/wp-content\/uploads\/2020\/01\/garotas-na-trilha-sao-conrado-rio-de-janeiro-rj.jpg\" data-tooltip-text=\"Trilha S\u00e3o Conrado: Pedra Bonita, Garganta do C\u00e9u e P4\" target=\"_blank\" rel=\"noreferrer noopener\" style=\"width:100%;height:100%;display:block;position:absolute;top:0;left:0\"><\/p>\n<div style=\"position:absolute;width:104.77708%;height:100%;left:-2.38854%;top:0%\" data-leaf-element=\"true\"><amp-img layout=\"fill\" src=\"https:\/\/invexo.com.br\/blog\/wp-content\/uploads\/2024\/04\/rampa-voo-livre-trilhas-em-sao-conrado-rio-de-janeiro2.jpg\" alt=\"rampa-voo-livre-trilhas-em-sao-conrado-rio-de-janeiro(2)\" srcSet=\"https:\/\/invexo.com.br\/blog\/wp-content\/uploads\/2024\/04\/rampa-voo-livre-trilhas-em-sao-conrado-rio-de-janeiro2.jpg 500w,https:\/\/invexo.com.br\/blog\/wp-content\/uploads\/2024\/04\/rampa-voo-livre-trilhas-em-sao-conrado-rio-de-janeiro2-300x300.jpg 300w,https:\/\/invexo.com.br\/blog\/wp-content\/uploads\/2024\/04\/rampa-voo-livre-trilhas-em-sao-conrado-rio-de-janeiro2-150x150.jpg 150w,https:\/\/invexo.com.br\/blog\/wp-content\/uploads\/2024\/04\/rampa-voo-livre-trilhas-em-sao-conrado-rio-de-janeiro2-96x96.jpg 96w\" sizes=\"(min-width: 1024px) 34vh, 76vw\" disable-inline-width=\"true\"><\/amp-img><\/div>\n<p><\/a><\/p>\n<div class=\"element-overlay-area\" style=\"background-image:radial-gradient(ellipse 67% 67%, rgba(0,0,0,0) 0%, rgba(0,0,0,0.2) 100%)\"><\/div>\n<\/div>\n<\/div>\n<div style=\"position:absolute;pointer-events:none;left:-100.24272%;top:45.46926%;width:189.56311%;height:10.03236%;transform:rotate(90deg);opacity:1\">\n<div style=\"pointer-events:initial;width:100%;height:100%;display:block;position:absolute;top:0;left:0;z-index:0\" class=\"mask\" id=\"el-779cf149-2451-4512-b32a-0722325ddfa4\">\n<div class=\"fill\" style=\"background-color:#ce9e00;will-change:transform\"><\/div>\n<\/div>\n<\/div>\n<div style=\"position:absolute;pointer-events:none;left:82.03883%;top:94.98382%;width:15.29126%;height:10.84142%;opacity:0.5\">\n<div style=\"pointer-events:initial;width:100%;height:100%;display:block;position:absolute;top:0;left:0;z-index:0\" class=\"mask\" id=\"el-238eb6b5-c3cc-4ff3-976b-d65f85433ada\"><a href=\"https:\/\/invexo.com.br\/blog\/trilha-sao-conrado\/\" data-tooltip-icon=\"https:\/\/invexo.com.br\/blog\/wp-content\/uploads\/2020\/01\/garotas-na-trilha-sao-conrado-rio-de-janeiro-rj.jpg\" data-tooltip-text=\"Trilha S\u00e3o Conrado: Pedra Bonita, Garganta do C\u00e9u e P4\" target=\"_blank\" rel=\"noreferrer noopener\" style=\"width:100%;height:100%;display:block;position:absolute;top:0;left:0\"><\/p>\n<div style=\"position:absolute;width:106.34918%;height:100%;left:-3.17459%;top:0%\" data-leaf-element=\"true\"><amp-img layout=\"fill\" src=\"https:\/\/invexo.com.br\/blog\/wp-content\/uploads\/2022\/09\/marca-d-agua-site-branca.png\" alt=\"marca-d-agua-site-branca\" srcSet=\"https:\/\/invexo.com.br\/blog\/wp-content\/uploads\/2022\/09\/marca-d-agua-site-branca.png 200w,https:\/\/invexo.com.br\/blog\/wp-content\/uploads\/2022\/09\/marca-d-agua-site-branca-150x150.png 150w,https:\/\/invexo.com.br\/blog\/wp-content\/uploads\/2022\/09\/marca-d-agua-site-branca-96x96.png 96w\" sizes=\"(min-width: 1024px) 7vh, 15vw\" disable-inline-width=\"true\"><\/amp-img><\/div>\n<p><\/a><\/div>\n<\/div>\n<\/div>\n<\/div>\n<p><\/amp-story-grid-layer><\/amp-story-page><amp-story-page id=\"a008d97e-4739-4e43-8739-4b065132f44c\" auto-advance-after=\"7s\"><amp-story-animation layout=\"nodisplay\" trigger=\"visibility\"><script type=\"application\/json\">[{\"selector\":\"#anim-8ebda906-b8f7-40a0-bc8d-03a47ddfc9a0\",\"keyframes\":{\"opacity\":[0,1]},\"delay\":100,\"duration\":3000,\"easing\":\"cubic-bezier(0.4, 0.4, 0.0, 1)\",\"fill\":\"both\"}]<\/script><\/amp-story-animation><amp-story-grid-layer template=\"vertical\" aspect-ratio=\"412:618\" class=\"grid-layer\"><\/p>\n<div class=\"page-fullbleed-area\" style=\"background-color:#000\">\n<div class=\"page-safe-area\">\n<div style=\"position:absolute;pointer-events:none;left:0;top:-9.25926%;width:100%;height:118.51852%;opacity:1\">\n<div style=\"pointer-events:initial;width:100%;height:100%;display:block;position:absolute;top:0;left:0;z-index:0\" class=\"mask\" id=\"el-d1fcfbd8-286a-4910-80fe-f5f34411dbb2\">\n<div class=\"fill\" style=\"will-change:transform\"><\/div>\n<\/div>\n<\/div>\n<\/div>\n<\/div>\n<p><\/amp-story-grid-layer><amp-story-grid-layer template=\"vertical\" aspect-ratio=\"412:618\" class=\"grid-layer\"><\/p>\n<div class=\"page-fullbleed-area\">\n<div class=\"page-safe-area\">\n<div style=\"position:absolute;pointer-events:none;left:0;top:-29.93528%;width:100%;height:77.18447%;opacity:1\">\n<div style=\"pointer-events:initial;width:100%;height:100%;display:block;position:absolute;top:0;left:0;z-index:0\" class=\"mask\" id=\"el-ea0f3e8b-cf60-4356-8aab-8cfd49f370d3\">\n<div class=\"fill\" style=\"background-color:#ce9e00;will-change:transform\"><\/div>\n<\/div>\n<\/div>\n<div style=\"position:absolute;pointer-events:none;left:0;top:-10.5178%;width:100.24272%;height:56.6343%;opacity:1\">\n<div style=\"pointer-events:initial;width:100%;height:100%;display:block;position:absolute;top:0;left:0;z-index:0\" class=\"mask\" id=\"el-7ca59bac-2e08-4305-827b-66be422542df\"><a href=\"https:\/\/invexo.com.br\/blog\/trilha-sao-conrado\/\" data-tooltip-icon=\"https:\/\/invexo.com.br\/blog\/wp-content\/uploads\/2020\/01\/garotas-na-trilha-sao-conrado-rio-de-janeiro-rj.jpg\" data-tooltip-text=\"Trilha S\u00e3o Conrado: Pedra Bonita, Garganta do C\u00e9u e P4\" target=\"_blank\" rel=\"noreferrer noopener\" style=\"width:100%;height:100%;display:block;position:absolute;top:0;left:0\"><\/p>\n<div style=\"position:absolute;width:100%;height:118.00001%;left:0%;top:-18.00001%\" data-leaf-element=\"true\"><amp-img layout=\"fill\" src=\"https:\/\/invexo.com.br\/blog\/wp-content\/uploads\/2024\/04\/garganta-do-ceu-trilhas-em-sao-conrado-rio-de-janeiro.jpg\" alt=\"garganta-do-ceu-trilhas-em-sao-conrado-rio-de-janeiro\" srcSet=\"https:\/\/invexo.com.br\/blog\/wp-content\/uploads\/2024\/04\/garganta-do-ceu-trilhas-em-sao-conrado-rio-de-janeiro.jpg 500w,https:\/\/invexo.com.br\/blog\/wp-content\/uploads\/2024\/04\/garganta-do-ceu-trilhas-em-sao-conrado-rio-de-janeiro-300x300.jpg 300w,https:\/\/invexo.com.br\/blog\/wp-content\/uploads\/2024\/04\/garganta-do-ceu-trilhas-em-sao-conrado-rio-de-janeiro-150x150.jpg 150w,https:\/\/invexo.com.br\/blog\/wp-content\/uploads\/2024\/04\/garganta-do-ceu-trilhas-em-sao-conrado-rio-de-janeiro-96x96.jpg 96w\" sizes=\"(min-width: 1024px) 45vh, 100vw\" disable-inline-width=\"true\"><\/amp-img><\/div>\n<p><\/a><\/p>\n<div class=\"element-overlay-area\" style=\"background-image:radial-gradient(ellipse 67% 67%, rgba(0,0,0,0) 0%, rgba(0,0,0,0.2) 100%)\"><\/div>\n<\/div>\n<\/div>\n<div style=\"position:absolute;pointer-events:none;left:82.03883%;top:94.98382%;width:15.29126%;height:10.84142%;opacity:0.5\">\n<div style=\"pointer-events:initial;width:100%;height:100%;display:block;position:absolute;top:0;left:0;z-index:0\" class=\"mask\" id=\"el-c1d28ffd-486e-4298-a946-6327ed9f6722\"><a href=\"https:\/\/invexo.com.br\/blog\/trilha-sao-conrado\/\" data-tooltip-icon=\"https:\/\/invexo.com.br\/blog\/wp-content\/uploads\/2020\/01\/garotas-na-trilha-sao-conrado-rio-de-janeiro-rj.jpg\" data-tooltip-text=\"Trilha S\u00e3o Conrado: Pedra Bonita, Garganta do C\u00e9u e P4\" target=\"_blank\" rel=\"noreferrer noopener\" style=\"width:100%;height:100%;display:block;position:absolute;top:0;left:0\"><\/p>\n<div style=\"position:absolute;width:106.34918%;height:100%;left:-3.17459%;top:0%\" data-leaf-element=\"true\"><amp-img layout=\"fill\" src=\"https:\/\/invexo.com.br\/blog\/wp-content\/uploads\/2022\/09\/marca-d-agua-site-branca.png\" alt=\"marca-d-agua-site-branca\" srcSet=\"https:\/\/invexo.com.br\/blog\/wp-content\/uploads\/2022\/09\/marca-d-agua-site-branca.png 200w,https:\/\/invexo.com.br\/blog\/wp-content\/uploads\/2022\/09\/marca-d-agua-site-branca-150x150.png 150w,https:\/\/invexo.com.br\/blog\/wp-content\/uploads\/2022\/09\/marca-d-agua-site-branca-96x96.png 96w\" sizes=\"(min-width: 1024px) 7vh, 15vw\" disable-inline-width=\"true\"><\/amp-img><\/div>\n<p><\/a><\/div>\n<\/div>\n<div style=\"position:absolute;pointer-events:none;left:9.2233%;top:52.589%;width:83.73786%;height:17.79935%;opacity:1\">\n<div style=\"pointer-events:initial;width:100%;height:100%;display:block;position:absolute;top:0;left:0;z-index:0;border-radius:0.5797101449275363% 0.5797101449275363% 0.5797101449275363% 0.5797101449275363% \/ 1.8181818181818181% 1.8181818181818181% 1.8181818181818181% 1.8181818181818181%\" id=\"el-43a1375f-d36c-4489-8f50-8e97f3d7b22a\"><a href=\"https:\/\/invexo.com.br\/blog\/trilha-sao-conrado\/\" data-tooltip-icon=\"https:\/\/invexo.com.br\/blog\/wp-content\/uploads\/2020\/01\/garotas-na-trilha-sao-conrado-rio-de-janeiro-rj.jpg\" data-tooltip-text=\"Trilha S\u00e3o Conrado: Pedra Bonita, Garganta do C\u00e9u e P4\" target=\"_blank\" rel=\"noreferrer noopener\" style=\"width:100%;height:100%;display:block;position:absolute;top:0;left:0\"><\/p>\n<h1 class=\"fill text-wrapper\" style=\"white-space:pre-line;overflow-wrap:break-word;word-break:break-word;margin:1.6576811594202903% 0;font-family:&quot;Hind&quot;,sans-serif;font-size:0.614887em;line-height:1.3;text-align:initial;padding:0;color:#000000\"><span><span style=\"font-weight: 600; color: #ce9e00; letter-spacing: 0.02em; text-transform: uppercase\">Trilha Garganta do C\u00e9u<\/span><\/span><\/h1>\n<p><\/a><\/div>\n<\/div>\n<div style=\"position:absolute;pointer-events:none;left:9.2233%;top:73.46278%;width:80.33981%;height:25.56634%;opacity:1\">\n<div id=\"anim-8ebda906-b8f7-40a0-bc8d-03a47ddfc9a0\" class=\"animation-wrapper\" style=\"width:100%;height:100%;display:block;position:absolute;top:0;left:0;--initial-opacity:0;--initial-transform:none\">\n<div style=\"pointer-events:initial;width:100%;height:100%;display:block;position:absolute;top:0;left:0;z-index:0;border-radius:0.6042296072507553% 0.6042296072507553% 0.6042296072507553% 0.6042296072507553% \/ 1.2658227848101267% 1.2658227848101267% 1.2658227848101267% 1.2658227848101267%\" id=\"el-ab9e0630-8db3-44d0-878a-191a21efa3fa\"><a href=\"https:\/\/invexo.com.br\/blog\/trilha-sao-conrado\/\" data-tooltip-icon=\"https:\/\/invexo.com.br\/blog\/wp-content\/uploads\/2020\/01\/garotas-na-trilha-sao-conrado-rio-de-janeiro-rj.jpg\" data-tooltip-text=\"Trilha S\u00e3o Conrado: Pedra Bonita, Garganta do C\u00e9u e P4\" target=\"_blank\" rel=\"noreferrer noopener\" style=\"width:100%;height:100%;display:block;position:absolute;top:0;left:0\"><\/p>\n<h3 class=\"fill text-wrapper\" style=\"white-space:pre-line;overflow-wrap:break-word;word-break:break-word;margin:0.6679758308157105% 0;font-family:&quot;Hind&quot;,sans-serif;font-size:0.355987em;line-height:1.4;text-align:initial;padding:0;color:#000000\"><span><span style=\"color: #fff\">A Trilha Garganta do C\u00e9u oferece uma experi\u00eancia de trekking desafiadora, mas recompensadora, com vistas panor\u00e2micas que valem cada passo.<\/span><\/span><\/h3>\n<p><\/a><\/div>\n<\/div>\n<\/div>\n<\/div>\n<\/div>\n<p><\/amp-story-grid-layer><\/amp-story-page><amp-story-page id=\"19705bc4-77cc-4137-b6c8-e83175cbe3e4\" auto-advance-after=\"7s\"><amp-story-animation layout=\"nodisplay\" trigger=\"visibility\"><script type=\"application\/json\">[{\"selector\":\"#anim-8d9f622e-56b0-43d0-9e77-f9f04436de34\",\"keyframes\":{\"opacity\":[0,1]},\"delay\":0,\"duration\":3000,\"easing\":\"cubic-bezier(0.2, 0.6, 0.0, 1)\",\"fill\":\"both\"}]<\/script><\/amp-story-animation><amp-story-animation layout=\"nodisplay\" trigger=\"visibility\"><script type=\"application\/json\">[{\"selector\":\"#anim-50f87030-b8d9-441c-ae23-61fa7a44bf57\",\"keyframes\":{\"transform\":[\"translate3d(-95.81396%, 0px, 0)\",\"translate3d(0px, 0px, 0)\"]},\"delay\":0,\"duration\":3000,\"easing\":\"cubic-bezier(0.2, 0.6, 0.0, 1)\",\"fill\":\"both\"}]<\/script><\/amp-story-animation><amp-story-animation layout=\"nodisplay\" trigger=\"visibility\"><script type=\"application\/json\">[{\"selector\":\"#anim-bb0ea7db-2fce-4553-9b0c-111143ba4d20\",\"keyframes\":{\"opacity\":[0,1]},\"delay\":100,\"duration\":3000,\"easing\":\"cubic-bezier(0.4, 0.4, 0.0, 1)\",\"fill\":\"both\"}]<\/script><\/amp-story-animation><amp-story-grid-layer template=\"vertical\" aspect-ratio=\"412:618\" class=\"grid-layer\"><\/p>\n<div class=\"page-fullbleed-area\" style=\"background-color:#000\">\n<div class=\"page-safe-area\">\n<div style=\"position:absolute;pointer-events:none;left:0;top:-9.25926%;width:100%;height:118.51852%;opacity:1\">\n<div style=\"pointer-events:initial;width:100%;height:100%;display:block;position:absolute;top:0;left:0;z-index:0\" class=\"mask\" id=\"el-8eb62411-9bfc-428e-9e08-babadca3d7f9\">\n<div class=\"fill\" style=\"will-change:transform\"><\/div>\n<\/div>\n<\/div>\n<\/div>\n<\/div>\n<p><\/amp-story-grid-layer><amp-story-grid-layer template=\"vertical\" aspect-ratio=\"412:618\" class=\"grid-layer\"><\/p>\n<div class=\"page-fullbleed-area\">\n<div class=\"page-safe-area\">\n<div style=\"position:absolute;pointer-events:none;left:-4.36893%;top:108.25243%;width:104.36893%;height:12.62136%;opacity:1\">\n<div id=\"anim-8d9f622e-56b0-43d0-9e77-f9f04436de34\" class=\"animation-wrapper\" style=\"width:100%;height:100%;display:block;position:absolute;top:0;left:0;--initial-opacity:0;--initial-transform:none\">\n<div id=\"anim-50f87030-b8d9-441c-ae23-61fa7a44bf57\" class=\"animation-wrapper\" style=\"width:100%;height:100%;display:block;position:absolute;top:0;left:0;--initial-opacity:1;--initial-transform:translate3d(-95.81396%, 0px, 0)\">\n<div style=\"pointer-events:initial;width:100%;height:100%;display:block;position:absolute;top:0;left:0;z-index:0\" class=\"mask\" id=\"el-630c4b1f-d936-4cdc-86b3-a061c7eb3102\">\n<div class=\"fill\" style=\"background-color:#ce9e00;will-change:transform\"><\/div>\n<\/div>\n<\/div>\n<\/div>\n<\/div>\n<div style=\"position:absolute;pointer-events:none;left:-2.18447%;top:-13.43042%;width:104.36893%;height:66.82848%;opacity:1\">\n<div style=\"pointer-events:initial;width:100%;height:100%;display:block;position:absolute;top:0;left:0;z-index:0\" class=\"mask\" id=\"el-f01ad7e0-4078-4041-b682-b0fa83155a49\"><a href=\"https:\/\/invexo.com.br\/blog\/trilha-sao-conrado\/\" data-tooltip-icon=\"https:\/\/invexo.com.br\/blog\/wp-content\/uploads\/2020\/01\/garotas-na-trilha-sao-conrado-rio-de-janeiro-rj.jpg\" data-tooltip-text=\"Trilha S\u00e3o Conrado: Pedra Bonita, Garganta do C\u00e9u e P4\" target=\"_blank\" rel=\"noreferrer noopener\" style=\"width:100%;height:100%;display:block;position:absolute;top:0;left:0\"><\/p>\n<div style=\"position:absolute;width:100%;height:104.11622%;left:0%;top:-2.05811%\" data-leaf-element=\"true\"><amp-img layout=\"fill\" src=\"https:\/\/invexo.com.br\/blog\/wp-content\/uploads\/2024\/04\/pico-dos-quatro-trilhas-em-sao-conrado-rio-de-janeiro.jpg\" alt=\"pico-dos-quatro-trilhas-em-sao-conrado-rio-de-janeiro\" srcSet=\"https:\/\/invexo.com.br\/blog\/wp-content\/uploads\/2024\/04\/pico-dos-quatro-trilhas-em-sao-conrado-rio-de-janeiro.jpg 500w,https:\/\/invexo.com.br\/blog\/wp-content\/uploads\/2024\/04\/pico-dos-quatro-trilhas-em-sao-conrado-rio-de-janeiro-300x300.jpg 300w,https:\/\/invexo.com.br\/blog\/wp-content\/uploads\/2024\/04\/pico-dos-quatro-trilhas-em-sao-conrado-rio-de-janeiro-150x150.jpg 150w,https:\/\/invexo.com.br\/blog\/wp-content\/uploads\/2024\/04\/pico-dos-quatro-trilhas-em-sao-conrado-rio-de-janeiro-96x96.jpg 96w\" sizes=\"(min-width: 1024px) 47vh, 104vw\" disable-inline-width=\"true\"><\/amp-img><\/div>\n<p><\/a><\/p>\n<div class=\"element-overlay-area\" style=\"background-image:radial-gradient(ellipse 67% 67%, rgba(0,0,0,0) 0%, rgba(0,0,0,0.2) 100%)\"><\/div>\n<\/div>\n<\/div>\n<div style=\"position:absolute;pointer-events:none;left:11.65049%;top:58.73786%;width:78.15534%;height:15.37217%;opacity:1\">\n<div style=\"pointer-events:initial;width:100%;height:100%;display:block;position:absolute;top:0;left:0;z-index:0;border-radius:0.6211180124223602% 0.6211180124223602% 0.6211180124223602% 0.6211180124223602% \/ 2.1052631578947367% 2.1052631578947367% 2.1052631578947367% 2.1052631578947367%\" id=\"el-199acbf8-85ed-44b8-a827-eaf3660b240d\"><a href=\"https:\/\/invexo.com.br\/blog\/trilha-sao-conrado\/\" data-tooltip-icon=\"https:\/\/invexo.com.br\/blog\/wp-content\/uploads\/2020\/01\/garotas-na-trilha-sao-conrado-rio-de-janeiro-rj.jpg\" data-tooltip-text=\"Trilha S\u00e3o Conrado: Pedra Bonita, Garganta do C\u00e9u e P4\" target=\"_blank\" rel=\"noreferrer noopener\" style=\"width:100%;height:100%;display:block;position:absolute;top:0;left:0\"><\/p>\n<h1 class=\"fill text-wrapper\" style=\"white-space:pre-line;overflow-wrap:break-word;word-break:break-word;margin:-0.5900621118012418% 0;font-family:&quot;Lato&quot;,sans-serif;font-size:0.614887em;line-height:1.3;text-align:initial;padding:0;color:#000000\"><span><span style=\"font-weight: 700; color: #ce9e00; letter-spacing: 0.02em; text-transform: uppercase\">Trilha Pico dos Quatro<\/span><\/span><\/h1>\n<p><\/a><\/div>\n<\/div>\n<div style=\"position:absolute;pointer-events:none;left:12.37864%;top:79.28803%;width:75.24272%;height:15.69579%;opacity:1\">\n<div id=\"anim-bb0ea7db-2fce-4553-9b0c-111143ba4d20\" class=\"animation-wrapper\" style=\"width:100%;height:100%;display:block;position:absolute;top:0;left:0;--initial-opacity:0;--initial-transform:none\">\n<div style=\"pointer-events:initial;width:100%;height:100%;display:block;position:absolute;top:0;left:0;z-index:0;border-radius:0.6451612903225806% 0.6451612903225806% 0.6451612903225806% 0.6451612903225806% \/ 2.0618556701030926% 2.0618556701030926% 2.0618556701030926% 2.0618556701030926%\" id=\"el-ba82677c-cca3-422d-985c-6b01ff8b8773\"><a href=\"https:\/\/invexo.com.br\/blog\/trilha-sao-conrado\/\" data-tooltip-icon=\"https:\/\/invexo.com.br\/blog\/wp-content\/uploads\/2020\/01\/garotas-na-trilha-sao-conrado-rio-de-janeiro-rj.jpg\" data-tooltip-text=\"Trilha S\u00e3o Conrado: Pedra Bonita, Garganta do C\u00e9u e P4\" target=\"_blank\" rel=\"noreferrer noopener\" style=\"width:100%;height:100%;display:block;position:absolute;top:0;left:0\"><\/p>\n<h3 class=\"fill text-wrapper\" style=\"white-space:pre-line;overflow-wrap:break-word;word-break:break-word;margin:0.7132258064516135% 0;font-family:&quot;Hind&quot;,sans-serif;font-size:0.355987em;line-height:1.4;text-align:initial;padding:0;color:#000000\"><span><span style=\"color: #fff\">Explore a Trilha Pico dos Quatro para uma jornada emocionante at\u00e9 o topo da Pedra da G\u00e1vea.<\/span><\/span><\/h3>\n<p><\/a><\/div>\n<\/div>\n<\/div>\n<div style=\"position:absolute;pointer-events:none;left:82.03883%;top:94.98382%;width:15.29126%;height:10.84142%;opacity:0.5\">\n<div style=\"pointer-events:initial;width:100%;height:100%;display:block;position:absolute;top:0;left:0;z-index:0\" class=\"mask\" id=\"el-65a88c4d-09a2-408c-b5c5-53c46260dc28\"><a href=\"https:\/\/invexo.com.br\/blog\/trilha-sao-conrado\/\" data-tooltip-icon=\"https:\/\/invexo.com.br\/blog\/wp-content\/uploads\/2020\/01\/garotas-na-trilha-sao-conrado-rio-de-janeiro-rj.jpg\" data-tooltip-text=\"Trilha S\u00e3o Conrado: Pedra Bonita, Garganta do C\u00e9u e P4\" target=\"_blank\" rel=\"noreferrer noopener\" style=\"width:100%;height:100%;display:block;position:absolute;top:0;left:0\"><\/p>\n<div style=\"position:absolute;width:106.34918%;height:100%;left:-3.17459%;top:0%\" data-leaf-element=\"true\"><amp-img layout=\"fill\" src=\"https:\/\/invexo.com.br\/blog\/wp-content\/uploads\/2022\/09\/marca-d-agua-site-branca.png\" alt=\"marca-d-agua-site-branca\" srcSet=\"https:\/\/invexo.com.br\/blog\/wp-content\/uploads\/2022\/09\/marca-d-agua-site-branca.png 200w,https:\/\/invexo.com.br\/blog\/wp-content\/uploads\/2022\/09\/marca-d-agua-site-branca-150x150.png 150w,https:\/\/invexo.com.br\/blog\/wp-content\/uploads\/2022\/09\/marca-d-agua-site-branca-96x96.png 96w\" sizes=\"(min-width: 1024px) 7vh, 15vw\" disable-inline-width=\"true\"><\/amp-img><\/div>\n<p><\/a><\/div>\n<\/div>\n<\/div>\n<\/div>\n<p><\/amp-story-grid-layer><\/amp-story-page><amp-story-page id=\"0b107022-a25f-4f2a-84aa-f650982a7195\" auto-advance-after=\"7s\"><amp-story-animation layout=\"nodisplay\" trigger=\"visibility\"><script type=\"application\/json\">[{\"selector\":\"#anim-3359569e-3e30-46cf-b5ef-eeceb4c3af4f\",\"keyframes\":{\"opacity\":[0,1]},\"delay\":100,\"duration\":3000,\"easing\":\"cubic-bezier(0.4, 0.4, 0.0, 1)\",\"fill\":\"both\"}]<\/script><\/amp-story-animation><amp-story-grid-layer template=\"vertical\" aspect-ratio=\"412:618\" class=\"grid-layer\"><\/p>\n<div class=\"page-fullbleed-area\" style=\"background-color:#000\">\n<div class=\"page-safe-area\">\n<div style=\"position:absolute;pointer-events:none;left:0;top:-9.25926%;width:100%;height:118.51852%;opacity:1\">\n<div style=\"pointer-events:initial;width:100%;height:100%;display:block;position:absolute;top:0;left:0;z-index:0\" class=\"mask\" id=\"el-e5758a0e-57fb-4f66-98f5-8ceb57cea64d\">\n<div class=\"fill\" style=\"will-change:transform\"><\/div>\n<\/div>\n<\/div>\n<\/div>\n<\/div>\n<p><\/amp-story-grid-layer><amp-story-grid-layer template=\"vertical\" aspect-ratio=\"412:618\" class=\"grid-layer\"><\/p>\n<div class=\"page-fullbleed-area\">\n<div class=\"page-safe-area\">\n<div style=\"position:absolute;pointer-events:none;left:11.65049%;top:43.68932%;width:77.6699%;height:24.43366%;opacity:1\">\n<div style=\"pointer-events:initial;width:100%;height:100%;display:block;position:absolute;top:0;left:0;z-index:0;border-radius:0.625% 0.625% 0.625% 0.625% \/ 1.3245033112582782% 1.3245033112582782% 1.3245033112582782% 1.3245033112582782%\" id=\"el-a6842cd4-8705-4c43-b037-21a62c57d447\"><a href=\"https:\/\/invexo.com.br\/blog\/trilha-sao-conrado\/\" data-tooltip-icon=\"https:\/\/invexo.com.br\/blog\/wp-content\/uploads\/2020\/01\/garotas-na-trilha-sao-conrado-rio-de-janeiro-rj.jpg\" data-tooltip-text=\"Trilha S\u00e3o Conrado: Pedra Bonita, Garganta do C\u00e9u e P4\" target=\"_blank\" rel=\"noreferrer noopener\" style=\"width:100%;height:100%;display:block;position:absolute;top:0;left:0\"><\/p>\n<h1 class=\"fill text-wrapper\" style=\"white-space:pre-line;overflow-wrap:break-word;word-break:break-word;margin:1.6931249999999989% 0;font-family:&quot;Hind&quot;,sans-serif;font-size:0.582524em;line-height:1.3;text-align:initial;padding:0;color:#000000\"><span><span style=\"font-weight: 600; color: #ce9e00; letter-spacing: 0.02em; text-transform: uppercase\">Dicas para uma experi\u00eancia segura<\/span><\/span><\/h1>\n<p><\/a><\/div>\n<\/div>\n<div style=\"position:absolute;pointer-events:none;left:11.65049%;top:70.71197%;width:76.69903%;height:30.58252%;opacity:1\">\n<div id=\"anim-3359569e-3e30-46cf-b5ef-eeceb4c3af4f\" class=\"animation-wrapper\" style=\"width:100%;height:100%;display:block;position:absolute;top:0;left:0;--initial-opacity:0;--initial-transform:none\">\n<div style=\"pointer-events:initial;width:100%;height:100%;display:block;position:absolute;top:0;left:0;z-index:0;border-radius:0.6329113924050633% 0.6329113924050633% 0.6329113924050633% 0.6329113924050633% \/ 1.0582010582010581% 1.0582010582010581% 1.0582010582010581% 1.0582010582010581%\" id=\"el-64955de9-e716-440b-b2ec-993a8d15761a\"><a href=\"https:\/\/invexo.com.br\/blog\/trilha-sao-conrado\/\" data-tooltip-icon=\"https:\/\/invexo.com.br\/blog\/wp-content\/uploads\/2020\/01\/garotas-na-trilha-sao-conrado-rio-de-janeiro-rj.jpg\" data-tooltip-text=\"Trilha S\u00e3o Conrado: Pedra Bonita, Garganta do C\u00e9u e P4\" target=\"_blank\" rel=\"noreferrer noopener\" style=\"width:100%;height:100%;display:block;position:absolute;top:0;left:0\"><\/p>\n<h3 class=\"fill text-wrapper\" style=\"white-space:pre-line;overflow-wrap:break-word;word-break:break-word;margin:0.6996835443037981% 0;font-family:&quot;Hind&quot;,sans-serif;font-size:0.355987em;line-height:1.4;text-align:initial;padding:0;color:#000000\"><span><span style=\"color: #fff\">Antes de partir, esteja preparado com \u00e1gua, lanches, protetor solar e roupas adequadas. Respeite as normas das trilhas e os hor\u00e1rios do parque para uma experi\u00eancia segura.<\/span><\/span><\/h3>\n<p><\/a><\/div>\n<\/div>\n<\/div>\n<div style=\"position:absolute;pointer-events:none;left:5.09709%;top:48.38188%;width:189.80583%;height:3.23625%;transform:rotate(90deg);opacity:1\">\n<div style=\"pointer-events:initial;width:100%;height:100%;display:block;position:absolute;top:0;left:0;z-index:0\" class=\"mask\" id=\"el-cf7344f9-985b-4eba-8af4-2f2e6f675c0a\">\n<div class=\"fill\" style=\"background-color:#ce9e00;will-change:transform\"><\/div>\n<\/div>\n<\/div>\n<div style=\"position:absolute;pointer-events:none;left:0;top:-13.26861%;width:104.85437%;height:54.20712%;opacity:1\">\n<div style=\"pointer-events:initial;width:100%;height:100%;display:block;position:absolute;top:0;left:0;z-index:0\" class=\"mask\" id=\"el-e8a948f6-6803-4322-b18c-e7691e1c44a6\"><a href=\"https:\/\/invexo.com.br\/blog\/trilha-sao-conrado\/\" data-tooltip-icon=\"https:\/\/invexo.com.br\/blog\/wp-content\/uploads\/2020\/01\/garotas-na-trilha-sao-conrado-rio-de-janeiro-rj.jpg\" data-tooltip-text=\"Trilha S\u00e3o Conrado: Pedra Bonita, Garganta do C\u00e9u e P4\" target=\"_blank\" rel=\"noreferrer noopener\" style=\"width:100%;height:100%;display:block;position:absolute;top:0;left:0\"><\/p>\n<div style=\"position:absolute;width:100%;height:128.95522%;left:0%;top:-22.36127%\" data-leaf-element=\"true\"><amp-img layout=\"fill\" src=\"https:\/\/invexo.com.br\/blog\/wp-content\/uploads\/2024\/04\/cuidados-trilhas-em-sao-conrado-rio-de-janeiro.jpg\" alt=\"cuidados-trilhas-em-sao-conrado-rio-de-janeiro\" srcSet=\"https:\/\/invexo.com.br\/blog\/wp-content\/uploads\/2024\/04\/cuidados-trilhas-em-sao-conrado-rio-de-janeiro.jpg 500w,https:\/\/invexo.com.br\/blog\/wp-content\/uploads\/2024\/04\/cuidados-trilhas-em-sao-conrado-rio-de-janeiro-300x300.jpg 300w,https:\/\/invexo.com.br\/blog\/wp-content\/uploads\/2024\/04\/cuidados-trilhas-em-sao-conrado-rio-de-janeiro-150x150.jpg 150w,https:\/\/invexo.com.br\/blog\/wp-content\/uploads\/2024\/04\/cuidados-trilhas-em-sao-conrado-rio-de-janeiro-96x96.jpg 96w\" sizes=\"(min-width: 1024px) 47vh, 105vw\" disable-inline-width=\"true\"><\/amp-img><\/div>\n<p><\/a><\/p>\n<div class=\"element-overlay-area\" style=\"background-image:radial-gradient(ellipse 67% 67%, rgba(0,0,0,0) 0%, rgba(0,0,0,0.2) 100%)\"><\/div>\n<\/div>\n<\/div>\n<div style=\"position:absolute;pointer-events:none;left:82.03883%;top:94.98382%;width:15.29126%;height:10.84142%;opacity:0.5\">\n<div style=\"pointer-events:initial;width:100%;height:100%;display:block;position:absolute;top:0;left:0;z-index:0\" class=\"mask\" id=\"el-3b462054-1566-4356-b14b-ac7dfb5c3790\"><a href=\"https:\/\/invexo.com.br\/blog\/trilha-sao-conrado\/\" data-tooltip-icon=\"https:\/\/invexo.com.br\/blog\/wp-content\/uploads\/2020\/01\/garotas-na-trilha-sao-conrado-rio-de-janeiro-rj.jpg\" data-tooltip-text=\"Trilha S\u00e3o Conrado: Pedra Bonita, Garganta do C\u00e9u e P4\" target=\"_blank\" rel=\"noreferrer noopener\" style=\"width:100%;height:100%;display:block;position:absolute;top:0;left:0\"><\/p>\n<div style=\"position:absolute;width:106.34918%;height:100%;left:-3.17459%;top:0%\" data-leaf-element=\"true\"><amp-img layout=\"fill\" src=\"https:\/\/invexo.com.br\/blog\/wp-content\/uploads\/2022\/09\/marca-d-agua-site-branca.png\" alt=\"marca-d-agua-site-branca\" srcSet=\"https:\/\/invexo.com.br\/blog\/wp-content\/uploads\/2022\/09\/marca-d-agua-site-branca.png 200w,https:\/\/invexo.com.br\/blog\/wp-content\/uploads\/2022\/09\/marca-d-agua-site-branca-150x150.png 150w,https:\/\/invexo.com.br\/blog\/wp-content\/uploads\/2022\/09\/marca-d-agua-site-branca-96x96.png 96w\" sizes=\"(min-width: 1024px) 7vh, 15vw\" disable-inline-width=\"true\"><\/amp-img><\/div>\n<p><\/a><\/div>\n<\/div>\n<\/div>\n<\/div>\n<p><\/amp-story-grid-layer><\/amp-story-page><amp-story-page id=\"1f59fc00-94b0-4c71-8699-4358b6b6c060\" auto-advance-after=\"7s\"><amp-story-animation layout=\"nodisplay\" trigger=\"visibility\"><script type=\"application\/json\">[{\"selector\":\"#anim-7a35fb07-a769-4df3-836a-5be90b2a11f3\",\"keyframes\":{\"opacity\":[0,1]},\"delay\":100,\"duration\":3000,\"easing\":\"cubic-bezier(0.4, 0.4, 0.0, 1)\",\"fill\":\"both\"}]<\/script><\/amp-story-animation><amp-story-grid-layer template=\"vertical\" aspect-ratio=\"412:618\" class=\"grid-layer\"><\/p>\n<div class=\"page-fullbleed-area\" style=\"background-color:#000\">\n<div class=\"page-safe-area\">\n<div style=\"position:absolute;pointer-events:none;left:0;top:-9.25926%;width:100%;height:118.51852%;opacity:1\">\n<div style=\"pointer-events:initial;width:100%;height:100%;display:block;position:absolute;top:0;left:0;z-index:0\" class=\"mask\" id=\"el-2a943059-2b7c-4b72-b2c3-6a87defc966a\">\n<div class=\"fill\" style=\"will-change:transform\"><\/div>\n<\/div>\n<\/div>\n<\/div>\n<\/div>\n<p><\/amp-story-grid-layer><amp-story-grid-layer template=\"vertical\" aspect-ratio=\"412:618\" class=\"grid-layer\"><\/p>\n<div class=\"page-fullbleed-area\">\n<div class=\"page-safe-area\">\n<div style=\"position:absolute;pointer-events:none;left:-12.13592%;top:-13.1068%;width:117.71845%;height:69.90291%;opacity:1\">\n<div style=\"pointer-events:initial;width:100%;height:100%;display:block;position:absolute;top:0;left:0;z-index:0\" class=\"mask\" id=\"el-3c5c8405-a4c4-404c-ba6f-eff48c2c9f9c\"><a href=\"https:\/\/invexo.com.br\/blog\/trilha-sao-conrado\/\" data-tooltip-icon=\"https:\/\/invexo.com.br\/blog\/wp-content\/uploads\/2020\/01\/garotas-na-trilha-sao-conrado-rio-de-janeiro-rj.jpg\" data-tooltip-text=\"Trilha S\u00e3o Conrado: Pedra Bonita, Garganta do C\u00e9u e P4\" target=\"_blank\" rel=\"noreferrer noopener\" style=\"width:100%;height:100%;display:block;position:absolute;top:0;left:0\"><\/p>\n<div class=\"fill\" style=\"background-color:#000;will-change:transform\"><\/div>\n<p><\/a><\/div>\n<\/div>\n<div style=\"position:absolute;pointer-events:none;left:0;top:56.95793%;width:100%;height:81.5534%;opacity:1\">\n<div style=\"pointer-events:initial;width:100%;height:100%;display:block;position:absolute;top:0;left:0;z-index:0\" class=\"mask\" id=\"el-749d544c-58e2-4866-9548-4fc4bd8d0a4c\">\n<div class=\"fill\" style=\"background-color:#ce9e00;will-change:transform\"><\/div>\n<\/div>\n<\/div>\n<div style=\"position:absolute;pointer-events:none;left:0;top:51.2945%;width:105.33981%;height:62.13592%;opacity:1\">\n<div style=\"pointer-events:initial;width:100%;height:100%;display:block;position:absolute;top:0;left:0;z-index:0\" class=\"mask\" id=\"el-328b49b3-de87-4ca7-ac09-12bc9295686b\"><a href=\"https:\/\/invexo.com.br\/blog\/trilha-sao-conrado\/\" data-tooltip-icon=\"https:\/\/invexo.com.br\/blog\/wp-content\/uploads\/2020\/01\/garotas-na-trilha-sao-conrado-rio-de-janeiro-rj.jpg\" data-tooltip-text=\"Trilha S\u00e3o Conrado: Pedra Bonita, Garganta do C\u00e9u e P4\" target=\"_blank\" rel=\"noreferrer noopener\" style=\"width:100%;height:100%;display:block;position:absolute;top:0;left:0\"><\/p>\n<div style=\"position:absolute;width:100%;height:113.02084%;left:0%;top:-6.51042%\" data-leaf-element=\"true\"><amp-img layout=\"fill\" src=\"https:\/\/invexo.com.br\/blog\/wp-content\/uploads\/2024\/04\/sao-conrado-trilhas-em-sao-conrado-rio-de-janeiro.jpg\" alt=\"sao-conrado-trilhas-em-sao-conrado-rio-de-janeiro\" srcSet=\"https:\/\/invexo.com.br\/blog\/wp-content\/uploads\/2024\/04\/sao-conrado-trilhas-em-sao-conrado-rio-de-janeiro.jpg 500w,https:\/\/invexo.com.br\/blog\/wp-content\/uploads\/2024\/04\/sao-conrado-trilhas-em-sao-conrado-rio-de-janeiro-300x300.jpg 300w,https:\/\/invexo.com.br\/blog\/wp-content\/uploads\/2024\/04\/sao-conrado-trilhas-em-sao-conrado-rio-de-janeiro-150x150.jpg 150w,https:\/\/invexo.com.br\/blog\/wp-content\/uploads\/2024\/04\/sao-conrado-trilhas-em-sao-conrado-rio-de-janeiro-96x96.jpg 96w\" sizes=\"(min-width: 1024px) 47vh, 105vw\" disable-inline-width=\"true\"><\/amp-img><\/div>\n<p><\/a><\/p>\n<div class=\"element-overlay-area\" style=\"background-image:radial-gradient(ellipse 67% 67%, rgba(0,0,0,0) 0%, rgba(0,0,0,0.2) 100%)\"><\/div>\n<\/div>\n<\/div>\n<div style=\"position:absolute;pointer-events:none;left:11.65049%;top:0;width:78.15534%;height:15.37217%;opacity:1\">\n<div style=\"pointer-events:initial;width:100%;height:100%;display:block;position:absolute;top:0;left:0;z-index:0;border-radius:0.6211180124223602% 0.6211180124223602% 0.6211180124223602% 0.6211180124223602% \/ 2.1052631578947367% 2.1052631578947367% 2.1052631578947367% 2.1052631578947367%\" id=\"el-198bdbd5-4dfc-4f7d-bedb-7a3a85ac91ff\"><a href=\"https:\/\/invexo.com.br\/blog\/trilha-sao-conrado\/\" data-tooltip-icon=\"https:\/\/invexo.com.br\/blog\/wp-content\/uploads\/2020\/01\/garotas-na-trilha-sao-conrado-rio-de-janeiro-rj.jpg\" data-tooltip-text=\"Trilha S\u00e3o Conrado: Pedra Bonita, Garganta do C\u00e9u e P4\" target=\"_blank\" rel=\"noreferrer noopener\" style=\"width:100%;height:100%;display:block;position:absolute;top:0;left:0\"><\/p>\n<h1 class=\"fill text-wrapper\" style=\"white-space:pre-line;overflow-wrap:break-word;word-break:break-word;margin:-0.5900621118012418% 0;font-family:&quot;Lato&quot;,sans-serif;font-size:0.614887em;line-height:1.3;text-align:initial;padding:0;color:#000000\"><span><span style=\"font-weight: 700; color: #ce9e00; letter-spacing: 0.02em; text-transform: uppercase\">Explore S\u00e3o Conrado<\/span><\/span><\/h1>\n<p><\/a><\/div>\n<\/div>\n<div style=\"position:absolute;pointer-events:none;left:11.65049%;top:18.93204%;width:76.69903%;height:25.56634%;opacity:1\">\n<div id=\"anim-7a35fb07-a769-4df3-836a-5be90b2a11f3\" class=\"animation-wrapper\" style=\"width:100%;height:100%;display:block;position:absolute;top:0;left:0;--initial-opacity:0;--initial-transform:none\">\n<div style=\"pointer-events:initial;width:100%;height:100%;display:block;position:absolute;top:0;left:0;z-index:0;border-radius:0.6329113924050633% 0.6329113924050633% 0.6329113924050633% 0.6329113924050633% \/ 1.2658227848101267% 1.2658227848101267% 1.2658227848101267% 1.2658227848101267%\" id=\"el-3af34ee4-28c6-45e2-b1b6-e954a2393788\"><a href=\"https:\/\/invexo.com.br\/blog\/trilha-sao-conrado\/\" data-tooltip-icon=\"https:\/\/invexo.com.br\/blog\/wp-content\/uploads\/2020\/01\/garotas-na-trilha-sao-conrado-rio-de-janeiro-rj.jpg\" data-tooltip-text=\"Trilha S\u00e3o Conrado: Pedra Bonita, Garganta do C\u00e9u e P4\" target=\"_blank\" rel=\"noreferrer noopener\" style=\"width:100%;height:100%;display:block;position:absolute;top:0;left:0\"><\/p>\n<h3 class=\"fill text-wrapper\" style=\"white-space:pre-line;overflow-wrap:break-word;word-break:break-word;margin:0.6996835443037981% 0;font-family:&quot;Hind&quot;,sans-serif;font-size:0.355987em;line-height:1.4;text-align:initial;padding:0;color:#000000\"><span><span style=\"color: #fff\">Al\u00e9m das trilhas deslumbrantes, S\u00e3o Conrado oferece uma infinidade de atividades ao ar livre e uma qualidade de vida incompar\u00e1vel.<\/span><\/span><\/h3>\n<p><\/a><\/div>\n<\/div>\n<\/div>\n<div style=\"position:absolute;pointer-events:none;left:82.03883%;top:94.98382%;width:15.29126%;height:10.84142%;opacity:0.5\">\n<div style=\"pointer-events:initial;width:100%;height:100%;display:block;position:absolute;top:0;left:0;z-index:0\" class=\"mask\" id=\"el-1175f187-8c5e-406f-939a-ab546361bc11\"><a href=\"https:\/\/invexo.com.br\/blog\/trilha-sao-conrado\/\" data-tooltip-icon=\"https:\/\/invexo.com.br\/blog\/wp-content\/uploads\/2020\/01\/garotas-na-trilha-sao-conrado-rio-de-janeiro-rj.jpg\" data-tooltip-text=\"Trilha S\u00e3o Conrado: Pedra Bonita, Garganta do C\u00e9u e P4\" target=\"_blank\" rel=\"noreferrer noopener\" style=\"width:100%;height:100%;display:block;position:absolute;top:0;left:0\"><\/p>\n<div style=\"position:absolute;width:106.34918%;height:100%;left:-3.17459%;top:0%\" data-leaf-element=\"true\"><amp-img layout=\"fill\" src=\"https:\/\/invexo.com.br\/blog\/wp-content\/uploads\/2022\/09\/marca-d-agua-site-branca.png\" alt=\"marca-d-agua-site-branca\" srcSet=\"https:\/\/invexo.com.br\/blog\/wp-content\/uploads\/2022\/09\/marca-d-agua-site-branca.png 200w,https:\/\/invexo.com.br\/blog\/wp-content\/uploads\/2022\/09\/marca-d-agua-site-branca-150x150.png 150w,https:\/\/invexo.com.br\/blog\/wp-content\/uploads\/2022\/09\/marca-d-agua-site-branca-96x96.png 96w\" sizes=\"(min-width: 1024px) 7vh, 15vw\" disable-inline-width=\"true\"><\/amp-img><\/div>\n<p><\/a><\/div>\n<\/div>\n<\/div>\n<\/div>\n<p><\/amp-story-grid-layer><\/amp-story-page><amp-story-page id=\"f3843afa-3666-43e2-9a11-89ea6e6fdd8a\" auto-advance-after=\"7s\"><amp-story-animation layout=\"nodisplay\" trigger=\"visibility\"><script type=\"application\/json\">[{\"selector\":\"#anim-a30ab3db-6d9b-49bd-a173-5cd8545e6c78\",\"keyframes\":{\"opacity\":[0,1]},\"delay\":100,\"duration\":3000,\"easing\":\"cubic-bezier(0.4, 0.4, 0.0, 1)\",\"fill\":\"both\"}]<\/script><\/amp-story-animation><amp-story-grid-layer template=\"vertical\" aspect-ratio=\"412:618\" class=\"grid-layer\"><\/p>\n<div class=\"page-fullbleed-area\" style=\"background-color:#000\">\n<div class=\"page-safe-area\">\n<div style=\"position:absolute;pointer-events:none;left:0;top:-9.25926%;width:100%;height:118.51852%;opacity:1\">\n<div style=\"pointer-events:initial;width:100%;height:100%;display:block;position:absolute;top:0;left:0;z-index:0\" class=\"mask\" id=\"el-2c0f5303-5faf-4834-86da-fcc3986b6b58\">\n<div class=\"fill\" style=\"will-change:transform\"><\/div>\n<\/div>\n<\/div>\n<\/div>\n<\/div>\n<p><\/amp-story-grid-layer><amp-story-grid-layer template=\"vertical\" aspect-ratio=\"412:618\" class=\"grid-layer\"><\/p>\n<div class=\"page-fullbleed-area\">\n<div class=\"page-safe-area\">\n<div style=\"position:absolute;pointer-events:none;left:0;top:-72.00647%;width:100%;height:118.4466%;opacity:1\">\n<div style=\"pointer-events:initial;width:100%;height:100%;display:block;position:absolute;top:0;left:0;z-index:0\" class=\"mask\" id=\"el-bfa08f7e-cd29-496d-973b-318eb35d8d87\">\n<div class=\"fill\" style=\"background-color:#000;will-change:transform\"><\/div>\n<\/div>\n<\/div>\n<div style=\"position:absolute;pointer-events:none;left:-28.15534%;top:41.90939%;width:138.83495%;height:3.23625%;opacity:1\">\n<div style=\"pointer-events:initial;width:100%;height:100%;display:block;position:absolute;top:0;left:0;z-index:0\" class=\"mask\" id=\"el-f14c8712-5d6d-4237-99b3-6993fca4aef1\">\n<div class=\"fill\" style=\"background-color:#ce9e00;will-change:transform\"><\/div>\n<\/div>\n<\/div>\n<div style=\"position:absolute;pointer-events:none;left:-4.12621%;top:-18.4466%;width:108.25243%;height:61.97411%;opacity:1\">\n<div style=\"pointer-events:initial;width:100%;height:100%;display:block;position:absolute;top:0;left:0;z-index:0\" class=\"mask\" id=\"el-bcab5106-bfd0-446d-a6e8-7800bbe034b7\"><a href=\"https:\/\/invexo.com.br\/blog\/trilha-sao-conrado\/\" data-tooltip-icon=\"https:\/\/invexo.com.br\/blog\/wp-content\/uploads\/2020\/01\/garotas-na-trilha-sao-conrado-rio-de-janeiro-rj.jpg\" data-tooltip-text=\"Trilha S\u00e3o Conrado: Pedra Bonita, Garganta do C\u00e9u e P4\" target=\"_blank\" rel=\"noreferrer noopener\" style=\"width:100%;height:100%;display:block;position:absolute;top:0;left:0\"><\/p>\n<div style=\"position:absolute;width:100%;height:116.44909%;left:0%;top:-16.44909%\" data-leaf-element=\"true\"><amp-img layout=\"fill\" src=\"https:\/\/invexo.com.br\/blog\/wp-content\/uploads\/2024\/04\/experiencia-trilhas-em-sao-conrado-rio-de-janeiro.jpg\" alt=\"experiencia-trilhas-em-sao-conrado-rio-de-janeiro\" srcSet=\"https:\/\/invexo.com.br\/blog\/wp-content\/uploads\/2024\/04\/experiencia-trilhas-em-sao-conrado-rio-de-janeiro.jpg 500w,https:\/\/invexo.com.br\/blog\/wp-content\/uploads\/2024\/04\/experiencia-trilhas-em-sao-conrado-rio-de-janeiro-300x300.jpg 300w,https:\/\/invexo.com.br\/blog\/wp-content\/uploads\/2024\/04\/experiencia-trilhas-em-sao-conrado-rio-de-janeiro-150x150.jpg 150w,https:\/\/invexo.com.br\/blog\/wp-content\/uploads\/2024\/04\/experiencia-trilhas-em-sao-conrado-rio-de-janeiro-96x96.jpg 96w\" sizes=\"(min-width: 1024px) 49vh, 108vw\" disable-inline-width=\"true\"><\/amp-img><\/div>\n<p><\/a><\/p>\n<div class=\"element-overlay-area\" style=\"background-image:radial-gradient(ellipse 67% 67%, rgba(0,0,0,0) 0%, rgba(0,0,0,0.2) 100%)\"><\/div>\n<\/div>\n<\/div>\n<div style=\"position:absolute;pointer-events:none;left:11.65049%;top:50%;width:78.15534%;height:15.53398%;opacity:1\">\n<div style=\"pointer-events:initial;width:100%;height:100%;display:block;position:absolute;top:0;left:0;z-index:0;border-radius:0.6211180124223602% 0.6211180124223602% 0.6211180124223602% 0.6211180124223602% \/ 2.083333333333333% 2.083333333333333% 2.083333333333333% 2.083333333333333%\" id=\"el-5e33ae1b-0410-4dae-a70b-9a95202dd5ad\"><a href=\"https:\/\/invexo.com.br\/blog\/trilha-sao-conrado\/\" data-tooltip-icon=\"https:\/\/invexo.com.br\/blog\/wp-content\/uploads\/2020\/01\/garotas-na-trilha-sao-conrado-rio-de-janeiro-rj.jpg\" data-tooltip-text=\"Trilha S\u00e3o Conrado: Pedra Bonita, Garganta do C\u00e9u e P4\" target=\"_blank\" rel=\"noreferrer noopener\" style=\"width:100%;height:100%;display:block;position:absolute;top:0;left:0\"><\/p>\n<h1 class=\"fill text-wrapper\" style=\"white-space:pre-line;overflow-wrap:break-word;word-break:break-word;margin:0% 0;font-family:&quot;Lato&quot;,sans-serif;font-size:0.647249em;line-height:1.2;text-align:initial;padding:0;color:#000000\"><span><span style=\"font-weight: 700; color: #ce9e00; letter-spacing: 0.02em; text-transform: uppercase\">Viva a experi\u00eancia<\/span><\/span><\/h1>\n<p><\/a><\/div>\n<\/div>\n<div style=\"position:absolute;pointer-events:none;left:11.65049%;top:69.7411%;width:76.69903%;height:30.58252%;opacity:1\">\n<div id=\"anim-a30ab3db-6d9b-49bd-a173-5cd8545e6c78\" class=\"animation-wrapper\" style=\"width:100%;height:100%;display:block;position:absolute;top:0;left:0;--initial-opacity:0;--initial-transform:none\">\n<div style=\"pointer-events:initial;width:100%;height:100%;display:block;position:absolute;top:0;left:0;z-index:0;border-radius:0.6329113924050633% 0.6329113924050633% 0.6329113924050633% 0.6329113924050633% \/ 1.0582010582010581% 1.0582010582010581% 1.0582010582010581% 1.0582010582010581%\" id=\"el-b9cdfe6d-9835-4ace-bbf5-c6c069042040\"><a href=\"https:\/\/invexo.com.br\/blog\/trilha-sao-conrado\/\" data-tooltip-icon=\"https:\/\/invexo.com.br\/blog\/wp-content\/uploads\/2020\/01\/garotas-na-trilha-sao-conrado-rio-de-janeiro-rj.jpg\" data-tooltip-text=\"Trilha S\u00e3o Conrado: Pedra Bonita, Garganta do C\u00e9u e P4\" target=\"_blank\" rel=\"noreferrer noopener\" style=\"width:100%;height:100%;display:block;position:absolute;top:0;left:0\"><\/p>\n<h3 class=\"fill text-wrapper\" style=\"white-space:pre-line;overflow-wrap:break-word;word-break:break-word;margin:0.6996835443037981% 0;font-family:&quot;Hind&quot;,sans-serif;font-size:0.355987em;line-height:1.4;text-align:initial;padding:0;color:#000000\"><span><span style=\"color: #fff\">Explore as trilhas, voe pelos c\u00e9us e descubra o encanto natural de S\u00e3o Conrado. Seja voc\u00ea um morador ou visitante, h\u00e1 sempre algo novo para descobrir neste para\u00edso da natureza.<\/span><\/span><\/h3>\n<p><\/a><\/div>\n<\/div>\n<\/div>\n<div style=\"position:absolute;pointer-events:none;left:82.03883%;top:94.98382%;width:15.29126%;height:10.84142%;opacity:0.5\">\n<div style=\"pointer-events:initial;width:100%;height:100%;display:block;position:absolute;top:0;left:0;z-index:0\" class=\"mask\" id=\"el-3f7eb1b1-f175-4bc7-821d-b365e2b13639\"><a href=\"https:\/\/invexo.com.br\/blog\/trilha-sao-conrado\/\" data-tooltip-icon=\"https:\/\/invexo.com.br\/blog\/wp-content\/uploads\/2020\/01\/garotas-na-trilha-sao-conrado-rio-de-janeiro-rj.jpg\" data-tooltip-text=\"Trilha S\u00e3o Conrado: Pedra Bonita, Garganta do C\u00e9u e P4\" target=\"_blank\" rel=\"noreferrer noopener\" style=\"width:100%;height:100%;display:block;position:absolute;top:0;left:0\"><\/p>\n<div style=\"position:absolute;width:106.34918%;height:100%;left:-3.17459%;top:0%\" data-leaf-element=\"true\"><amp-img layout=\"fill\" src=\"https:\/\/invexo.com.br\/blog\/wp-content\/uploads\/2022\/09\/marca-d-agua-site-branca.png\" alt=\"marca-d-agua-site-branca\" srcSet=\"https:\/\/invexo.com.br\/blog\/wp-content\/uploads\/2022\/09\/marca-d-agua-site-branca.png 200w,https:\/\/invexo.com.br\/blog\/wp-content\/uploads\/2022\/09\/marca-d-agua-site-branca-150x150.png 150w,https:\/\/invexo.com.br\/blog\/wp-content\/uploads\/2022\/09\/marca-d-agua-site-branca-96x96.png 96w\" sizes=\"(min-width: 1024px) 7vh, 15vw\" disable-inline-width=\"true\"><\/amp-img><\/div>\n<p><\/a><\/div>\n<\/div>\n<\/div>\n<\/div>\n<p><\/amp-story-grid-layer><\/amp-story-page><amp-story-page id=\"475ef729-9e3d-4503-89aa-d71b10d8d780\" auto-advance-after=\"7s\"><amp-story-animation layout=\"nodisplay\" trigger=\"visibility\"><script type=\"application\/json\">[{\"selector\":\"#anim-b7cb6438-8324-4a22-b139-169546f12d86\",\"keyframes\":{\"opacity\":[0,1]},\"delay\":100,\"duration\":3000,\"easing\":\"cubic-bezier(0.4, 0.4, 0.0, 1)\",\"fill\":\"both\"}]<\/script><\/amp-story-animation><amp-story-grid-layer template=\"vertical\" aspect-ratio=\"412:618\" class=\"grid-layer\"><\/p>\n<div class=\"page-fullbleed-area\" style=\"background-color:#000\">\n<div class=\"page-safe-area\">\n<div style=\"position:absolute;pointer-events:none;left:0;top:-9.25926%;width:100%;height:118.51852%;opacity:1\">\n<div style=\"pointer-events:initial;width:100%;height:100%;display:block;position:absolute;top:0;left:0;z-index:0\" class=\"mask\" id=\"el-1781fb62-f7fb-4a7e-8944-2368a91f69e5\">\n<div class=\"fill\" style=\"will-change:transform\"><\/div>\n<\/div>\n<\/div>\n<\/div>\n<\/div>\n<p><\/amp-story-grid-layer><amp-story-grid-layer template=\"vertical\" aspect-ratio=\"412:618\" class=\"grid-layer\"><\/p>\n<div class=\"page-fullbleed-area\">\n<div class=\"page-safe-area\">\n<div style=\"position:absolute;pointer-events:none;left:-1.94175%;top:-18.77023%;width:104.85437%;height:59.54693%;opacity:1\">\n<div style=\"pointer-events:initial;width:100%;height:100%;display:block;position:absolute;top:0;left:0;z-index:0\" class=\"mask\" id=\"el-394c94ba-71cb-4013-bf0e-e62aab34ada9\"><a href=\"https:\/\/invexo.com.br\/blog\/trilha-sao-conrado\/\" data-tooltip-icon=\"https:\/\/invexo.com.br\/blog\/wp-content\/uploads\/2020\/01\/garotas-na-trilha-sao-conrado-rio-de-janeiro-rj.jpg\" data-tooltip-text=\"Trilha S\u00e3o Conrado: Pedra Bonita, Garganta do C\u00e9u e P4\" target=\"_blank\" rel=\"noreferrer noopener\" style=\"width:100%;height:100%;display:block;position:absolute;top:0;left:0\"><\/p>\n<div class=\"fill\" style=\"background-color:#000;will-change:transform\"><\/div>\n<p><\/a><\/div>\n<\/div>\n<div style=\"position:absolute;pointer-events:none;left:44.66019%;top:21.68285%;width:116.74757%;height:8.41424%;transform:rotate(90deg);opacity:1\">\n<div style=\"pointer-events:initial;width:100%;height:100%;display:block;position:absolute;top:0;left:0;z-index:0\" class=\"mask\" id=\"el-47c5d110-7ec3-4c22-a5b7-31ec91696ac4\">\n<div class=\"fill\" style=\"background-color:#ce9e00;will-change:transform\"><\/div>\n<\/div>\n<\/div>\n<div style=\"position:absolute;pointer-events:none;left:-1.21359%;top:59.06149%;width:104.85437%;height:51.45631%;opacity:1\">\n<div style=\"pointer-events:initial;width:100%;height:100%;display:block;position:absolute;top:0;left:0;z-index:0\" class=\"mask\" id=\"el-d6b9a276-dd40-4177-834e-2eda6c7ad891\"><a href=\"https:\/\/invexo.com.br\/blog\/trilha-sao-conrado\/\" data-tooltip-icon=\"https:\/\/invexo.com.br\/blog\/wp-content\/uploads\/2020\/01\/garotas-na-trilha-sao-conrado-rio-de-janeiro-rj.jpg\" data-tooltip-text=\"Trilha S\u00e3o Conrado: Pedra Bonita, Garganta do C\u00e9u e P4\" target=\"_blank\" rel=\"noreferrer noopener\" style=\"width:100%;height:100%;display:block;position:absolute;top:0;left:0\"><\/p>\n<div style=\"position:absolute;width:100%;height:135.84906%;left:0%;top:-17.92453%\" data-leaf-element=\"true\"><amp-img layout=\"fill\" src=\"https:\/\/invexo.com.br\/blog\/wp-content\/uploads\/2023\/11\/sala-conheca-o-boteco-boa-praca-rio-de-janeiro.jpg\" alt=\"Sala Conhe\u00e7a o Boteco Boa Pra\u00e7a Rio de Janeiro\" srcSet=\"https:\/\/invexo.com.br\/blog\/wp-content\/uploads\/2023\/11\/sala-conheca-o-boteco-boa-praca-rio-de-janeiro.jpg 500w,https:\/\/invexo.com.br\/blog\/wp-content\/uploads\/2023\/11\/sala-conheca-o-boteco-boa-praca-rio-de-janeiro-300x300.jpg 300w,https:\/\/invexo.com.br\/blog\/wp-content\/uploads\/2023\/11\/sala-conheca-o-boteco-boa-praca-rio-de-janeiro-150x150.jpg 150w,https:\/\/invexo.com.br\/blog\/wp-content\/uploads\/2023\/11\/sala-conheca-o-boteco-boa-praca-rio-de-janeiro-96x96.jpg 96w\" sizes=\"(min-width: 1024px) 47vh, 105vw\" disable-inline-width=\"true\"><\/amp-img><\/div>\n<p><\/a><\/p>\n<div class=\"element-overlay-area\" style=\"background-image:radial-gradient(ellipse 67% 67%, rgba(0,0,0,0) 0%, rgba(0,0,0,0.2) 100%)\"><\/div>\n<\/div>\n<\/div>\n<div style=\"position:absolute;pointer-events:none;left:11.40777%;top:0;width:78.15534%;height:15.53398%;opacity:1\">\n<div style=\"pointer-events:initial;width:100%;height:100%;display:block;position:absolute;top:0;left:0;z-index:0;border-radius:0.6211180124223602% 0.6211180124223602% 0.6211180124223602% 0.6211180124223602% \/ 2.083333333333333% 2.083333333333333% 2.083333333333333% 2.083333333333333%\" id=\"el-93e39eca-3b74-431b-abdd-7b49c9831c66\"><a href=\"https:\/\/invexo.com.br\/blog\/trilha-sao-conrado\/\" data-tooltip-icon=\"https:\/\/invexo.com.br\/blog\/wp-content\/uploads\/2020\/01\/garotas-na-trilha-sao-conrado-rio-de-janeiro-rj.jpg\" data-tooltip-text=\"Trilha S\u00e3o Conrado: Pedra Bonita, Garganta do C\u00e9u e P4\" target=\"_blank\" rel=\"noreferrer noopener\" style=\"width:100%;height:100%;display:block;position:absolute;top:0;left:0\"><\/p>\n<h1 class=\"fill text-wrapper\" style=\"white-space:pre-line;overflow-wrap:break-word;word-break:break-word;margin:0% 0;font-family:&quot;Lato&quot;,sans-serif;font-size:0.647249em;line-height:1.2;text-align:initial;padding:0;color:#000000\"><span><span style=\"font-weight: 700; color: #ce9e00; letter-spacing: 0.02em; text-transform: uppercase\">IM\u00d3VEIS DE LUXO<\/span><\/span><\/h1>\n<p><\/a><\/div>\n<\/div>\n<div style=\"position:absolute;pointer-events:none;left:11.65049%;top:18.4466%;width:76.21359%;height:35.59871%;opacity:1\">\n<div id=\"anim-b7cb6438-8324-4a22-b139-169546f12d86\" class=\"animation-wrapper\" style=\"width:100%;height:100%;display:block;position:absolute;top:0;left:0;--initial-opacity:0;--initial-transform:none\">\n<div style=\"pointer-events:initial;width:100%;height:100%;display:block;position:absolute;top:0;left:0;z-index:0;border-radius:0.6369426751592357% 0.6369426751592357% 0.6369426751592357% 0.6369426751592357% \/ 0.9090909090909091% 0.9090909090909091% 0.9090909090909091% 0.9090909090909091%\" id=\"el-bdea904d-570b-49f9-ba72-7406ab859160\"><a href=\"https:\/\/invexo.com.br\/blog\/trilha-sao-conrado\/\" data-tooltip-icon=\"https:\/\/invexo.com.br\/blog\/wp-content\/uploads\/2020\/01\/garotas-na-trilha-sao-conrado-rio-de-janeiro-rj.jpg\" data-tooltip-text=\"Trilha S\u00e3o Conrado: Pedra Bonita, Garganta do C\u00e9u e P4\" target=\"_blank\" rel=\"noreferrer noopener\" style=\"width:100%;height:100%;display:block;position:absolute;top:0;left:0\"><\/p>\n<h3 class=\"fill text-wrapper\" style=\"white-space:pre-line;overflow-wrap:break-word;word-break:break-word;margin:0.7041401273885357% 0;font-family:&quot;Hind&quot;,sans-serif;font-size:0.355987em;line-height:1.4;text-align:initial;padding:0;color:#000000\"><span><span style=\"color: #fff\">Somos a INVEXO, uma imobili\u00e1ria especializada nos bairros nobres do Rio de Janeiro, com um cat\u00e1logo composto pelos melhores im\u00f3veis de luxo da regi\u00e3o. Acesse nosso site agora mesmo!<\/span><\/span><\/h3>\n<p><\/a><\/div>\n<\/div>\n<\/div>\n<div style=\"position:absolute;pointer-events:none;left:82.03883%;top:94.98382%;width:15.29126%;height:10.84142%;opacity:0.5\">\n<div style=\"pointer-events:initial;width:100%;height:100%;display:block;position:absolute;top:0;left:0;z-index:0\" class=\"mask\" id=\"el-794fb5cd-fcae-46db-8fee-125aee87a5da\"><a href=\"https:\/\/invexo.com.br\/blog\/trilha-sao-conrado\/\" data-tooltip-icon=\"https:\/\/invexo.com.br\/blog\/wp-content\/uploads\/2020\/01\/garotas-na-trilha-sao-conrado-rio-de-janeiro-rj.jpg\" data-tooltip-text=\"Trilha S\u00e3o Conrado: Pedra Bonita, Garganta do C\u00e9u e P4\" target=\"_blank\" rel=\"noreferrer noopener\" style=\"width:100%;height:100%;display:block;position:absolute;top:0;left:0\"><\/p>\n<div style=\"position:absolute;width:106.34918%;height:100%;left:-3.17459%;top:0%\" data-leaf-element=\"true\"><amp-img layout=\"fill\" src=\"https:\/\/invexo.com.br\/blog\/wp-content\/uploads\/2022\/09\/marca-d-agua-site-branca.png\" alt=\"marca-d-agua-site-branca\" srcSet=\"https:\/\/invexo.com.br\/blog\/wp-content\/uploads\/2022\/09\/marca-d-agua-site-branca.png 200w,https:\/\/invexo.com.br\/blog\/wp-content\/uploads\/2022\/09\/marca-d-agua-site-branca-150x150.png 150w,https:\/\/invexo.com.br\/blog\/wp-content\/uploads\/2022\/09\/marca-d-agua-site-branca-96x96.png 96w\" sizes=\"(min-width: 1024px) 7vh, 15vw\" disable-inline-width=\"true\"><\/amp-img><\/div>\n<p><\/a><\/div>\n<\/div>\n<\/div>\n<\/div>\n<p><\/amp-story-grid-layer><\/amp-story-page><amp-story-page id=\"1584d716-21a1-416b-b5c0-bfd0d622eb62\" auto-advance-after=\"7s\"><amp-story-grid-layer template=\"vertical\" aspect-ratio=\"412:618\" class=\"grid-layer\"><\/p>\n<div class=\"page-fullbleed-area\" style=\"background-color:#000\">\n<div class=\"page-safe-area\">\n<div style=\"position:absolute;pointer-events:none;left:0;top:-9.25926%;width:100%;height:118.51852%;opacity:1\">\n<div style=\"pointer-events:initial;width:100%;height:100%;display:block;position:absolute;top:0;left:0;z-index:0\" class=\"mask\" id=\"el-a225b838-7753-4c74-bb62-c46d6b4c4bff\">\n<div class=\"fill\" style=\"will-change:transform\"><\/div>\n<\/div>\n<\/div>\n<\/div>\n<\/div>\n<p><\/amp-story-grid-layer><amp-story-grid-layer template=\"vertical\" aspect-ratio=\"412:618\" class=\"grid-layer\"><\/p>\n<div class=\"page-fullbleed-area\">\n<div class=\"page-safe-area\">\n<div style=\"position:absolute;pointer-events:none;left:0;top:-72.00647%;width:100%;height:118.4466%;opacity:1\">\n<div style=\"pointer-events:initial;width:100%;height:100%;display:block;position:absolute;top:0;left:0;z-index:0\" class=\"mask\" id=\"el-d098bc40-0978-48a2-8fcf-38221ba821bd\"><a href=\"https:\/\/invexo.com.br\/blog\/trilha-sao-conrado\/\" data-tooltip-icon=\"https:\/\/invexo.com.br\/blog\/wp-content\/uploads\/2020\/01\/garotas-na-trilha-sao-conrado-rio-de-janeiro-rj.jpg\" data-tooltip-text=\"Trilha S\u00e3o Conrado: Pedra Bonita, Garganta do C\u00e9u e P4\" target=\"_blank\" rel=\"noreferrer noopener\" style=\"width:100%;height:100%;display:block;position:absolute;top:0;left:0\"><\/p>\n<div class=\"fill\" style=\"background-color:#000;will-change:transform\"><\/div>\n<p><\/a><\/div>\n<\/div>\n<div style=\"position:absolute;pointer-events:none;left:9.46602%;top:34.95146%;width:80.82524%;height:20.22654%;opacity:1\">\n<div style=\"pointer-events:initial;width:100%;height:100%;display:block;position:absolute;top:0;left:0;z-index:0;border-radius:0.6006006006006006% 0.6006006006006006% 0.6006006006006006% 0.6006006006006006% \/ 1.6% 1.6% 1.6% 1.6%\" id=\"el-898d3c9a-e589-4ea7-86c1-2ead205e6fd1\"><a href=\"https:\/\/invexo.com.br\/blog\/trilha-sao-conrado\/\" data-tooltip-icon=\"https:\/\/invexo.com.br\/blog\/wp-content\/uploads\/2020\/01\/garotas-na-trilha-sao-conrado-rio-de-janeiro-rj.jpg\" data-tooltip-text=\"Trilha S\u00e3o Conrado: Pedra Bonita, Garganta do C\u00e9u e P4\" target=\"_blank\" rel=\"noreferrer noopener\" style=\"width:100%;height:100%;display:block;position:absolute;top:0;left:0\"><\/p>\n<h2 class=\"fill text-wrapper\" style=\"white-space:pre-line;overflow-wrap:break-word;word-break:break-word;margin:-1.4780405405405406% 0;font-family:&quot;Roboto&quot;,sans-serif;font-size:0.485437em;line-height:1.5;text-align:center;padding:0;color:#000000\"><span><span style=\"font-weight: 700; color: #fff\">LEIA MAIS SOBRE <\/span><span style=\"font-weight: 700; color: #ce9e00\">TRILHAS DE S\u00c3O CONRADO<\/span><\/span><\/h2>\n<p><\/a><\/div>\n<\/div>\n<div style=\"position:absolute;pointer-events:none;left:17.83981%;top:60.35599%;width:63.83495%;height:7.76699%;opacity:1\">\n<div style=\"pointer-events:initial;width:100%;height:100%;display:block;position:absolute;top:0;left:0;z-index:0;border-radius:3.802281368821293% 3.802281368821293% 3.802281368821293% 3.802281368821293% \/ 20.833333333333336% 20.833333333333336% 20.833333333333336% 20.833333333333336%\" class=\"mask\" id=\"el-802116a6-52d1-47d4-a094-b586b6e674d7\"><a href=\"https:\/\/invexo.com.br\/blog\/trilha-sao-conrado\/\" data-tooltip-icon=\"https:\/\/invexo.com.br\/blog\/wp-content\/uploads\/2020\/01\/garotas-na-trilha-sao-conrado-rio-de-janeiro-rj.jpg\" data-tooltip-text=\"Trilha S\u00e3o Conrado: Pedra Bonita, Garganta do C\u00e9u e P4\" target=\"_blank\" rel=\"noreferrer noopener\" style=\"width:100%;height:100%;display:block;position:absolute;top:0;left:0\"><\/p>\n<div class=\"fill\" style=\"background-color:#ce9e00;will-change:transform\"><\/div>\n<p><\/a><\/div>\n<\/div>\n<div style=\"position:absolute;pointer-events:none;left:9.70874%;top:61.32686%;width:80.82524%;height:5.66343%;opacity:1\">\n<div style=\"pointer-events:initial;width:100%;height:100%;display:block;position:absolute;top:0;left:0;z-index:0;border-radius:0.6006006006006006% 0.6006006006006006% 0.6006006006006006% 0.6006006006006006% \/ 5.714285714285714% 5.714285714285714% 5.714285714285714% 5.714285714285714%\" id=\"el-05ed305b-b192-4126-831f-a75e781f939d\"><a href=\"https:\/\/invexo.com.br\/blog\/trilha-sao-conrado\/\" data-tooltip-icon=\"https:\/\/invexo.com.br\/blog\/wp-content\/uploads\/2020\/01\/garotas-na-trilha-sao-conrado-rio-de-janeiro-rj.jpg\" data-tooltip-text=\"Trilha S\u00e3o Conrado: Pedra Bonita, Garganta do C\u00e9u e P4\" target=\"_blank\" rel=\"noreferrer noopener\" style=\"width:100%;height:100%;display:block;position:absolute;top:0;left:0\"><\/p>\n<h2 class=\"fill text-wrapper\" style=\"white-space:pre-line;overflow-wrap:break-word;word-break:break-word;margin:-0.1266891891891892% 0;font-family:&quot;Roboto&quot;,sans-serif;font-size:0.485437em;line-height:1.2;text-align:center;padding:0;color:#000000\"><span><span style=\"font-weight: 700; color: #fff\">CONTINUE LENDO<\/span><\/span><\/h2>\n<p><\/a><\/div>\n<\/div>\n<div style=\"position:absolute;pointer-events:none;left:-38.59223%;top:-10.84142%;width:138.83495%;height:3.23625%;opacity:1\">\n<div style=\"pointer-events:initial;width:100%;height:100%;display:block;position:absolute;top:0;left:0;z-index:0\" class=\"mask\" id=\"el-bec7c0a0-89a4-4c15-abb9-59d85739481c\">\n<div class=\"fill\" style=\"background-color:#ce9e00;will-change:transform\"><\/div>\n<\/div>\n<\/div>\n<div style=\"position:absolute;pointer-events:none;left:-34.95146%;top:107.60518%;width:138.83495%;height:3.23625%;opacity:1\">\n<div style=\"pointer-events:initial;width:100%;height:100%;display:block;position:absolute;top:0;left:0;z-index:0\" class=\"mask\" id=\"el-2b3d6c4a-ad78-4841-a997-a49f68abfb76\">\n<div class=\"fill\" style=\"background-color:#ce9e00;will-change:transform\"><\/div>\n<\/div>\n<\/div>\n<div style=\"position:absolute;pointer-events:none;left:82.03883%;top:94.98382%;width:15.29126%;height:10.84142%;opacity:0.5\">\n<div style=\"pointer-events:initial;width:100%;height:100%;display:block;position:absolute;top:0;left:0;z-index:0\" class=\"mask\" id=\"el-d4e786b0-5ac8-4f48-819e-9b71d6d69e9c\"><a href=\"https:\/\/invexo.com.br\/blog\/trilha-sao-conrado\/\" data-tooltip-icon=\"https:\/\/invexo.com.br\/blog\/wp-content\/uploads\/2020\/01\/garotas-na-trilha-sao-conrado-rio-de-janeiro-rj.jpg\" data-tooltip-text=\"Trilha S\u00e3o Conrado: Pedra Bonita, Garganta do C\u00e9u e P4\" target=\"_blank\" rel=\"noreferrer noopener\" style=\"width:100%;height:100%;display:block;position:absolute;top:0;left:0\"><\/p>\n<div style=\"position:absolute;width:106.34918%;height:100%;left:-3.17459%;top:0%\" data-leaf-element=\"true\"><amp-img layout=\"fill\" src=\"https:\/\/invexo.com.br\/blog\/wp-content\/uploads\/2022\/09\/marca-d-agua-site-branca.png\" alt=\"marca-d-agua-site-branca\" srcSet=\"https:\/\/invexo.com.br\/blog\/wp-content\/uploads\/2022\/09\/marca-d-agua-site-branca.png 200w,https:\/\/invexo.com.br\/blog\/wp-content\/uploads\/2022\/09\/marca-d-agua-site-branca-150x150.png 150w,https:\/\/invexo.com.br\/blog\/wp-content\/uploads\/2022\/09\/marca-d-agua-site-branca-96x96.png 96w\" sizes=\"(min-width: 1024px) 7vh, 15vw\" disable-inline-width=\"true\"><\/amp-img><\/div>\n<p><\/a><\/div>\n<\/div>\n<\/div>\n<\/div>\n<p><\/amp-story-grid-layer><\/amp-story-page><\/amp-story><\/body><\/html><\/p>\n","protected":false},"excerpt":{"rendered":"<p>Se est\u00e1 em busca de atividades ao ar livre, considere explorar uma trilha em S\u00e3o Conrado! Localizado no Rio de Janeiro, S\u00e3o Conrado \u00e9 um bairro que oferece uma variedade de op\u00e7\u00f5es para os amantes da n<\/p>\n","protected":false},"author":2,"featured_media":43626,"template":"","meta":{"_acf_changed":false,"_kad_blocks_custom_css":"","_kad_blocks_head_custom_js":"","_kad_blocks_body_custom_js":"","_kad_blocks_footer_custom_js":"","_kadence_starter_templates_imported_post":false,"_kad_post_transparent":"","_kad_post_title":"","_kad_post_layout":"","_kad_post_sidebar_id":"","_kad_post_content_style":"","_kad_post_vertical_padding":"","_kad_post_feature":"","_kad_post_feature_position":"","_kad_post_header":false,"_kad_post_footer":false,"web_stories_publisher_logo":26279,"web_stories_poster":[],"web_stories_products":[],"footnotes":""},"web_story_category":[],"web_story_tag":[],"yoast_head":"<!-- This site is optimized with the Yoast SEO plugin v24.1 - https:\/\/yoast.com\/wordpress\/plugins\/seo\/ -->\n<title>Trilhas de S\u00e3o Conrado | Not\u00edcias RJ<\/title>\n<meta name=\"description\" content=\"Conhe\u00e7a tudo sobre o Trilhas de S\u00e3o Conrado, informa\u00e7\u00e3o desenvolvida por especialistas no assunto.\" \/>\n<meta name=\"robots\" content=\"index, follow, max-snippet:-1, max-image-preview:large, max-video-preview:-1\" \/>\n<link rel=\"canonical\" href=\"https:\/\/invexo.com.br\/blog\/web-stories\/trilhas-de-sao-conrado\/\" \/>\n<meta property=\"og:locale\" content=\"pt_BR\" \/>\n<meta property=\"og:type\" content=\"article\" \/>\n<meta property=\"og:title\" content=\"Trilhas de S\u00e3o Conrado | Not\u00edcias RJ\" \/>\n<meta property=\"og:description\" content=\"Conhe\u00e7a tudo sobre o Trilhas de S\u00e3o Conrado, informa\u00e7\u00e3o desenvolvida por especialistas no assunto.\" \/>\n<meta property=\"og:url\" content=\"https:\/\/invexo.com.br\/blog\/web-stories\/trilhas-de-sao-conrado\/\" \/>\n<meta property=\"og:site_name\" content=\"Not\u00edcias RJ\" \/>\n<meta property=\"article:publisher\" content=\"https:\/\/facebook.com\/invexo\" \/>\n<meta property=\"og:image\" content=\"https:\/\/invexo.com.br\/blog\/wp-content\/uploads\/2024\/04\/cropped-trilha-trilhas-em-sao-conrado-rio-de-janeiro3.jpg\" \/>\n\t<meta property=\"og:image:width\" content=\"640\" \/>\n\t<meta property=\"og:image:height\" content=\"853\" \/>\n\t<meta property=\"og:image:type\" content=\"image\/jpeg\" \/>\n<meta name=\"twitter:card\" content=\"summary_large_image\" \/>\n<meta name=\"twitter:site\" content=\"@invexoimoveis\" \/>\n<script type=\"application\/ld+json\" class=\"yoast-schema-graph\">{\"@context\":\"https:\/\/schema.org\",\"@graph\":[{\"@type\":\"Article\",\"@id\":\"https:\/\/invexo.com.br\/blog\/web-stories\/trilhas-de-sao-conrado\/#article\",\"isPartOf\":{\"@id\":\"https:\/\/invexo.com.br\/blog\/web-stories\/trilhas-de-sao-conrado\/\"},\"author\":{\"name\":\"Ronnie Possatti\",\"@id\":\"https:\/\/invexo.com.br\/blog\/#\/schema\/person\/36bee32f1cfacde03dc4c9622a58778d\"},\"headline\":\"Trilhas de S\u00e3o Conrado\",\"datePublished\":\"2024-04-09T12:24:45+00:00\",\"dateModified\":\"2024-04-09T12:24:45+00:00\",\"mainEntityOfPage\":{\"@id\":\"https:\/\/invexo.com.br\/blog\/web-stories\/trilhas-de-sao-conrado\/\"},\"wordCount\":268,\"publisher\":{\"@id\":\"https:\/\/invexo.com.br\/blog\/#organization\"},\"image\":{\"@id\":\"https:\/\/invexo.com.br\/blog\/web-stories\/trilhas-de-sao-conrado\/#primaryimage\"},\"thumbnailUrl\":\"https:\/\/invexo.com.br\/blog\/wp-content\/uploads\/2024\/04\/cropped-trilha-trilhas-em-sao-conrado-rio-de-janeiro3.jpg\",\"inLanguage\":\"pt-BR\"},{\"@type\":\"WebPage\",\"@id\":\"https:\/\/invexo.com.br\/blog\/web-stories\/trilhas-de-sao-conrado\/\",\"url\":\"https:\/\/invexo.com.br\/blog\/web-stories\/trilhas-de-sao-conrado\/\",\"name\":\"Trilhas de S\u00e3o Conrado | Not\u00edcias RJ\",\"isPartOf\":{\"@id\":\"https:\/\/invexo.com.br\/blog\/#website\"},\"primaryImageOfPage\":{\"@id\":\"https:\/\/invexo.com.br\/blog\/web-stories\/trilhas-de-sao-conrado\/#primaryimage\"},\"image\":{\"@id\":\"https:\/\/invexo.com.br\/blog\/web-stories\/trilhas-de-sao-conrado\/#primaryimage\"},\"thumbnailUrl\":\"https:\/\/invexo.com.br\/blog\/wp-content\/uploads\/2024\/04\/cropped-trilha-trilhas-em-sao-conrado-rio-de-janeiro3.jpg\",\"datePublished\":\"2024-04-09T12:24:45+00:00\",\"dateModified\":\"2024-04-09T12:24:45+00:00\",\"description\":\"Conhe\u00e7a tudo sobre o Trilhas de S\u00e3o Conrado, informa\u00e7\u00e3o desenvolvida por especialistas no assunto.\",\"breadcrumb\":{\"@id\":\"https:\/\/invexo.com.br\/blog\/web-stories\/trilhas-de-sao-conrado\/#breadcrumb\"},\"inLanguage\":\"pt-BR\",\"potentialAction\":[{\"@type\":\"ReadAction\",\"target\":[\"https:\/\/invexo.com.br\/blog\/web-stories\/trilhas-de-sao-conrado\/\"]}]},{\"@type\":\"ImageObject\",\"inLanguage\":\"pt-BR\",\"@id\":\"https:\/\/invexo.com.br\/blog\/web-stories\/trilhas-de-sao-conrado\/#primaryimage\",\"url\":\"https:\/\/invexo.com.br\/blog\/wp-content\/uploads\/2024\/04\/cropped-trilha-trilhas-em-sao-conrado-rio-de-janeiro3.jpg\",\"contentUrl\":\"https:\/\/invexo.com.br\/blog\/wp-content\/uploads\/2024\/04\/cropped-trilha-trilhas-em-sao-conrado-rio-de-janeiro3.jpg\",\"width\":640,\"height\":853,\"caption\":\"Trilhas Trihas em S\u00e3o Conrado Rio de Janeiro\"},{\"@type\":\"BreadcrumbList\",\"@id\":\"https:\/\/invexo.com.br\/blog\/web-stories\/trilhas-de-sao-conrado\/#breadcrumb\",\"itemListElement\":[{\"@type\":\"ListItem\",\"position\":1,\"name\":\"Blog\",\"item\":\"https:\/\/invexo.com.br\/blog\/\"},{\"@type\":\"ListItem\",\"position\":2,\"name\":\"Story\",\"item\":\"https:\/\/invexo.com.br\/blog\/web-stories\/\"},{\"@type\":\"ListItem\",\"position\":3,\"name\":\"Trilhas de S\u00e3o Conrado\"}]},{\"@type\":\"WebSite\",\"@id\":\"https:\/\/invexo.com.br\/blog\/#website\",\"url\":\"https:\/\/invexo.com.br\/blog\/\",\"name\":\"Not\u00edcias RJ\",\"description\":\"Not\u00edcias sobre im\u00f3veis, financiamento, mercado imobili\u00e1rio do Rio de Janeiro. Informa\u00e7\u00f5es sobre Bairros, Condom\u00ednios e Regi\u00e3o do Rio de Janeiro.\",\"publisher\":{\"@id\":\"https:\/\/invexo.com.br\/blog\/#organization\"},\"potentialAction\":[{\"@type\":\"SearchAction\",\"target\":{\"@type\":\"EntryPoint\",\"urlTemplate\":\"https:\/\/invexo.com.br\/blog\/?s={search_term_string}\"},\"query-input\":{\"@type\":\"PropertyValueSpecification\",\"valueRequired\":true,\"valueName\":\"search_term_string\"}}],\"inLanguage\":\"pt-BR\"},{\"@type\":\"Organization\",\"@id\":\"https:\/\/invexo.com.br\/blog\/#organization\",\"name\":\"INVEXO Imobili\u00e1ria\",\"url\":\"https:\/\/invexo.com.br\/blog\/\",\"logo\":{\"@type\":\"ImageObject\",\"inLanguage\":\"pt-BR\",\"@id\":\"https:\/\/invexo.com.br\/blog\/#\/schema\/logo\/image\/\",\"url\":\"https:\/\/invexo.com.br\/blog\/wp-content\/uploads\/2018\/09\/invexo-80-melhor.png\",\"contentUrl\":\"https:\/\/invexo.com.br\/blog\/wp-content\/uploads\/2018\/09\/invexo-80-melhor.png\",\"width\":247,\"height\":80,\"caption\":\"INVEXO Imobili\u00e1ria\"},\"image\":{\"@id\":\"https:\/\/invexo.com.br\/blog\/#\/schema\/logo\/image\/\"},\"sameAs\":[\"https:\/\/facebook.com\/invexo\",\"https:\/\/x.com\/invexoimoveis\"]},{\"@type\":\"Person\",\"@id\":\"https:\/\/invexo.com.br\/blog\/#\/schema\/person\/36bee32f1cfacde03dc4c9622a58778d\",\"name\":\"Ronnie Possatti\",\"image\":{\"@type\":\"ImageObject\",\"inLanguage\":\"pt-BR\",\"@id\":\"https:\/\/invexo.com.br\/blog\/#\/schema\/person\/image\/\",\"url\":\"https:\/\/secure.gravatar.com\/avatar\/51a6cdcc215551235c39affb853f1e38?s=96&d=blank&r=g\",\"contentUrl\":\"https:\/\/secure.gravatar.com\/avatar\/51a6cdcc215551235c39affb853f1e38?s=96&d=blank&r=g\",\"caption\":\"Ronnie Possatti\"},\"description\":\"Equipe de especialistas que traz para seus leitores conte\u00fados relevantes e de qualidade sobre bairros, condom\u00ednios, lan\u00e7amentos e not\u00edcias imobili\u00e1rias no Rio de Janeiro.\",\"sameAs\":[\"https:\/\/facebook.com\/invexo\",\"https:\/\/instagram.com\/invexo\",\"https:\/\/x.com\/https:\/\/twitter.com\/invexoimoveis\"],\"url\":\"https:\/\/invexo.com.br\/blog\/author\/invexo\/\"}]}<\/script>\n<!-- \/ Yoast SEO plugin. -->","yoast_head_json":{"title":"Trilhas de S\u00e3o Conrado | Not\u00edcias RJ","description":"Conhe\u00e7a tudo sobre o Trilhas de S\u00e3o Conrado, informa\u00e7\u00e3o desenvolvida por especialistas no assunto.","robots":{"index":"index","follow":"follow","max-snippet":"max-snippet:-1","max-image-preview":"max-image-preview:large","max-video-preview":"max-video-preview:-1"},"canonical":"https:\/\/invexo.com.br\/blog\/web-stories\/trilhas-de-sao-conrado\/","og_locale":"pt_BR","og_type":"article","og_title":"Trilhas de S\u00e3o Conrado | Not\u00edcias RJ","og_description":"Conhe\u00e7a tudo sobre o Trilhas de S\u00e3o Conrado, informa\u00e7\u00e3o desenvolvida por especialistas no assunto.","og_url":"https:\/\/invexo.com.br\/blog\/web-stories\/trilhas-de-sao-conrado\/","og_site_name":"Not\u00edcias RJ","article_publisher":"https:\/\/facebook.com\/invexo","og_image":[{"width":640,"height":853,"url":"https:\/\/invexo.com.br\/blog\/wp-content\/uploads\/2024\/04\/cropped-trilha-trilhas-em-sao-conrado-rio-de-janeiro3.jpg","type":"image\/jpeg"}],"twitter_card":"summary_large_image","twitter_site":"@invexoimoveis","schema":{"@context":"https:\/\/schema.org","@graph":[{"@type":"Article","@id":"https:\/\/invexo.com.br\/blog\/web-stories\/trilhas-de-sao-conrado\/#article","isPartOf":{"@id":"https:\/\/invexo.com.br\/blog\/web-stories\/trilhas-de-sao-conrado\/"},"author":{"name":"Ronnie Possatti","@id":"https:\/\/invexo.com.br\/blog\/#\/schema\/person\/36bee32f1cfacde03dc4c9622a58778d"},"headline":"Trilhas de S\u00e3o Conrado","datePublished":"2024-04-09T12:24:45+00:00","dateModified":"2024-04-09T12:24:45+00:00","mainEntityOfPage":{"@id":"https:\/\/invexo.com.br\/blog\/web-stories\/trilhas-de-sao-conrado\/"},"wordCount":268,"publisher":{"@id":"https:\/\/invexo.com.br\/blog\/#organization"},"image":{"@id":"https:\/\/invexo.com.br\/blog\/web-stories\/trilhas-de-sao-conrado\/#primaryimage"},"thumbnailUrl":"https:\/\/invexo.com.br\/blog\/wp-content\/uploads\/2024\/04\/cropped-trilha-trilhas-em-sao-conrado-rio-de-janeiro3.jpg","inLanguage":"pt-BR"},{"@type":"WebPage","@id":"https:\/\/invexo.com.br\/blog\/web-stories\/trilhas-de-sao-conrado\/","url":"https:\/\/invexo.com.br\/blog\/web-stories\/trilhas-de-sao-conrado\/","name":"Trilhas de S\u00e3o Conrado | Not\u00edcias RJ","isPartOf":{"@id":"https:\/\/invexo.com.br\/blog\/#website"},"primaryImageOfPage":{"@id":"https:\/\/invexo.com.br\/blog\/web-stories\/trilhas-de-sao-conrado\/#primaryimage"},"image":{"@id":"https:\/\/invexo.com.br\/blog\/web-stories\/trilhas-de-sao-conrado\/#primaryimage"},"thumbnailUrl":"https:\/\/invexo.com.br\/blog\/wp-content\/uploads\/2024\/04\/cropped-trilha-trilhas-em-sao-conrado-rio-de-janeiro3.jpg","datePublished":"2024-04-09T12:24:45+00:00","dateModified":"2024-04-09T12:24:45+00:00","description":"Conhe\u00e7a tudo sobre o Trilhas de S\u00e3o Conrado, informa\u00e7\u00e3o desenvolvida por especialistas no assunto.","breadcrumb":{"@id":"https:\/\/invexo.com.br\/blog\/web-stories\/trilhas-de-sao-conrado\/#breadcrumb"},"inLanguage":"pt-BR","potentialAction":[{"@type":"ReadAction","target":["https:\/\/invexo.com.br\/blog\/web-stories\/trilhas-de-sao-conrado\/"]}]},{"@type":"ImageObject","inLanguage":"pt-BR","@id":"https:\/\/invexo.com.br\/blog\/web-stories\/trilhas-de-sao-conrado\/#primaryimage","url":"https:\/\/invexo.com.br\/blog\/wp-content\/uploads\/2024\/04\/cropped-trilha-trilhas-em-sao-conrado-rio-de-janeiro3.jpg","contentUrl":"https:\/\/invexo.com.br\/blog\/wp-content\/uploads\/2024\/04\/cropped-trilha-trilhas-em-sao-conrado-rio-de-janeiro3.jpg","width":640,"height":853,"caption":"Trilhas Trihas em S\u00e3o Conrado Rio de Janeiro"},{"@type":"BreadcrumbList","@id":"https:\/\/invexo.com.br\/blog\/web-stories\/trilhas-de-sao-conrado\/#breadcrumb","itemListElement":[{"@type":"ListItem","position":1,"name":"Blog","item":"https:\/\/invexo.com.br\/blog\/"},{"@type":"ListItem","position":2,"name":"Story","item":"https:\/\/invexo.com.br\/blog\/web-stories\/"},{"@type":"ListItem","position":3,"name":"Trilhas de S\u00e3o Conrado"}]},{"@type":"WebSite","@id":"https:\/\/invexo.com.br\/blog\/#website","url":"https:\/\/invexo.com.br\/blog\/","name":"Not\u00edcias RJ","description":"Not\u00edcias sobre im\u00f3veis, financiamento, mercado imobili\u00e1rio do Rio de Janeiro. Informa\u00e7\u00f5es sobre Bairros, Condom\u00ednios e Regi\u00e3o do Rio de Janeiro.","publisher":{"@id":"https:\/\/invexo.com.br\/blog\/#organization"},"potentialAction":[{"@type":"SearchAction","target":{"@type":"EntryPoint","urlTemplate":"https:\/\/invexo.com.br\/blog\/?s={search_term_string}"},"query-input":{"@type":"PropertyValueSpecification","valueRequired":true,"valueName":"search_term_string"}}],"inLanguage":"pt-BR"},{"@type":"Organization","@id":"https:\/\/invexo.com.br\/blog\/#organization","name":"INVEXO Imobili\u00e1ria","url":"https:\/\/invexo.com.br\/blog\/","logo":{"@type":"ImageObject","inLanguage":"pt-BR","@id":"https:\/\/invexo.com.br\/blog\/#\/schema\/logo\/image\/","url":"https:\/\/invexo.com.br\/blog\/wp-content\/uploads\/2018\/09\/invexo-80-melhor.png","contentUrl":"https:\/\/invexo.com.br\/blog\/wp-content\/uploads\/2018\/09\/invexo-80-melhor.png","width":247,"height":80,"caption":"INVEXO Imobili\u00e1ria"},"image":{"@id":"https:\/\/invexo.com.br\/blog\/#\/schema\/logo\/image\/"},"sameAs":["https:\/\/facebook.com\/invexo","https:\/\/x.com\/invexoimoveis"]},{"@type":"Person","@id":"https:\/\/invexo.com.br\/blog\/#\/schema\/person\/36bee32f1cfacde03dc4c9622a58778d","name":"Ronnie Possatti","image":{"@type":"ImageObject","inLanguage":"pt-BR","@id":"https:\/\/invexo.com.br\/blog\/#\/schema\/person\/image\/","url":"https:\/\/secure.gravatar.com\/avatar\/51a6cdcc215551235c39affb853f1e38?s=96&d=blank&r=g","contentUrl":"https:\/\/secure.gravatar.com\/avatar\/51a6cdcc215551235c39affb853f1e38?s=96&d=blank&r=g","caption":"Ronnie Possatti"},"description":"Equipe de especialistas que traz para seus leitores conte\u00fados relevantes e de qualidade sobre bairros, condom\u00ednios, lan\u00e7amentos e not\u00edcias imobili\u00e1rias no Rio de Janeiro.","sameAs":["https:\/\/facebook.com\/invexo","https:\/\/instagram.com\/invexo","https:\/\/x.com\/https:\/\/twitter.com\/invexoimoveis"],"url":"https:\/\/invexo.com.br\/blog\/author\/invexo\/"}]}},"taxonomy_info":[],"featured_image_src_large":["https:\/\/invexo.com.br\/blog\/wp-content\/uploads\/2024\/04\/cropped-trilha-trilhas-em-sao-conrado-rio-de-janeiro3.jpg",640,853,false],"author_info":{"display_name":"Ronnie Possatti","author_link":"https:\/\/invexo.com.br\/blog\/author\/invexo\/"},"comment_info":"","story_data":{"version":47,"pages":[{"elements":[{"opacity":100,"flip":{"vertical":false,"horizontal":false},"rotationAngle":0,"lockAspectRatio":true,"x":1,"y":1,"width":1,"height":1,"mask":{"type":"rectangle"},"isBackground":true,"isDefaultBackground":true,"type":"shape","id":"e0e9305e-c182-4cfe-b9fb-ba0f2ae796c5"},{"opacity":100,"flip":{"vertical":false,"horizontal":false},"rotationAngle":0,"lockAspectRatio":false,"backgroundColor":{"color":{"r":0,"g":0,"b":0}},"type":"shape","x":0,"y":-445,"width":412,"height":732,"mask":{"type":"rectangle"},"id":"ea97f8b4-5f3d-41a0-83a1-7088caf806c6","link":{"needsProxy":false,"url":"https:\/\/invexo.com.br\/blog\/trilha-sao-conrado\/","rel":[],"type":"regular","pageId":null,"icon":"https:\/\/invexo.com.br\/blog\/wp-content\/uploads\/2020\/01\/garotas-na-trilha-sao-conrado-rio-de-janeiro-rj.jpg","desc":"Trilha S\u00e3o Conrado: Pedra Bonita, Garganta do C\u00e9u e P4"}},{"opacity":100,"flip":{"vertical":false,"horizontal":false},"rotationAngle":0,"lockAspectRatio":false,"backgroundColor":{"color":{"r":206,"g":158,"b":0,"a":1}},"type":"shape","x":-122,"y":230,"width":572,"height":20,"mask":{"type":"rectangle"},"id":"0a31697d-612b-4cee-996f-2aae46fdcef7"},{"x":34,"y":39,"id":"24fcde09-a421-4762-9a3f-9c8793df7f41","basedOn":"ea6badf3-5d35-4903-8593-e7154b48d5a4","opacity":100,"flip":{"vertical":false,"horizontal":false},"rotationAngle":0,"lockAspectRatio":true,"backgroundTextMode":"NONE","font":{"family":"Lato"},"fontSize":40,"backgroundColor":{"color":{"r":196,"g":196,"b":196}},"lineHeight":1.3,"textAlign":"left","padding":{"locked":true,"hasHiddenPadding":false,"horizontal":0,"vertical":0},"type":"text","content":"<span style=\"font-weight: 700; color: #fff; letter-spacing: 0.11em; text-transform: uppercase\">Trilhas de <\/span><span style=\"font-weight: 700; color: #ce9e00; letter-spacing: 0.11em; text-transform: uppercase\">S\u00e3o Conrado<\/span>","borderRadius":{"locked":true,"topLeft":2,"topRight":2,"bottomRight":2,"bottomLeft":2},"width":347,"height":100,"tagName":"h1","marginOffset":4.400000000000006,"link":{"needsProxy":false,"url":"https:\/\/invexo.com.br\/blog\/trilha-sao-conrado\/","rel":[],"type":"regular","pageId":null,"icon":"https:\/\/invexo.com.br\/blog\/wp-content\/uploads\/2020\/01\/garotas-na-trilha-sao-conrado-rio-de-janeiro-rj.jpg","desc":"Trilha S\u00e3o Conrado: Pedra Bonita, Garganta do C\u00e9u e P4"}},{"opacity":100,"flip":{"vertical":false,"horizontal":false},"rotationAngle":0,"lockAspectRatio":false,"scale":100,"focalX":50,"focalY":50,"resource":{"type":"image","mimeType":"image\/jpeg","width":500,"height":500,"sizes":{"medium":{"file":"trilha-trilhas-em-sao-conrado-rio-de-janeiro-300x300.jpg","width":300,"height":300,"filesize":30865,"mimeType":"image\/jpeg","sourceUrl":"https:\/\/invexo.com.br\/blog\/wp-content\/uploads\/2024\/04\/trilha-trilhas-em-sao-conrado-rio-de-janeiro-300x300.jpg"},"thumbnail":{"file":"trilha-trilhas-em-sao-conrado-rio-de-janeiro-150x150.jpg","width":150,"height":150,"filesize":10009,"mimeType":"image\/jpeg","sourceUrl":"https:\/\/invexo.com.br\/blog\/wp-content\/uploads\/2024\/04\/trilha-trilhas-em-sao-conrado-rio-de-janeiro-150x150.jpg"},"web-stories-publisher-logo":{"file":"trilha-trilhas-em-sao-conrado-rio-de-janeiro-96x96.jpg","width":96,"height":96,"filesize":5222,"mimeType":"image\/jpeg","sourceUrl":"https:\/\/invexo.com.br\/blog\/wp-content\/uploads\/2024\/04\/trilha-trilhas-em-sao-conrado-rio-de-janeiro-96x96.jpg"},"web-stories-thumbnail":{"file":"trilha-trilhas-em-sao-conrado-rio-de-janeiro-150x150.jpg","width":150,"height":150,"filesize":10009,"mimeType":"image\/jpeg","sourceUrl":"https:\/\/invexo.com.br\/blog\/wp-content\/uploads\/2024\/04\/trilha-trilhas-em-sao-conrado-rio-de-janeiro-150x150.jpg"},"full":{"file":"trilha-trilhas-em-sao-conrado-rio-de-janeiro.jpg","width":500,"height":500,"mimeType":"image\/jpeg","sourceUrl":"https:\/\/invexo.com.br\/blog\/wp-content\/uploads\/2024\/04\/trilha-trilhas-em-sao-conrado-rio-de-janeiro.jpg"}},"isPlaceholder":false,"isExternal":false,"needsProxy":false,"baseColor":"#307872","blurHash":"UvA{JexAMyRjlCnhs.bIOYRkt7s:xua$Rjn$","creationDate":"2024-04-08T17:26:43","src":"https:\/\/invexo.com.br\/blog\/wp-content\/uploads\/2024\/04\/trilha-trilhas-em-sao-conrado-rio-de-janeiro.jpg","id":43615,"alt":"trilha-trilhas-em-sao-conrado-rio-de-janeiro","local":false},"type":"image","x":-8,"y":240,"width":432,"height":490,"mask":{"type":"rectangle","showInLibrary":true,"name":"Rectangle","path":"M 0,0 1,0 1,1 0,1 0,0 Z","ratio":1,"supportsBorder":true},"id":"2f8c29c9-3bb0-4099-8183-d8c6d5397bfe","overlay":{"type":"radial","size":{"w":0.67,"h":0.67},"stops":[{"color":{"r":0,"g":0,"b":0,"a":0},"position":0},{"color":{"r":0,"g":0,"b":0,"a":1},"position":1}],"alpha":0.2},"link":{"needsProxy":false,"url":"https:\/\/invexo.com.br\/blog\/trilha-sao-conrado\/","rel":[],"type":"regular","pageId":null,"icon":"https:\/\/invexo.com.br\/blog\/wp-content\/uploads\/2020\/01\/garotas-na-trilha-sao-conrado-rio-de-janeiro-rj.jpg","desc":"Trilha S\u00e3o Conrado: Pedra Bonita, Garganta do C\u00e9u e P4"}},{"opacity":50,"flip":{"vertical":false,"horizontal":false},"rotationAngle":0,"lockAspectRatio":false,"scale":100,"focalX":50,"focalY":50,"resource":{"baseColor":null,"blurHash":"","type":"image","mimeType":"image\/png","creationDate":"2022-09-30T14:39:44","src":"https:\/\/invexo.com.br\/blog\/wp-content\/uploads\/2022\/09\/marca-d-agua-site-branca.png","width":200,"height":200,"id":30829,"alt":"marca-d-agua-site-branca","sizes":{"thumbnail":{"file":"marca-d-agua-site-branca-150x150.png","width":150,"height":150,"filesize":3223,"mimeType":"image\/png","sourceUrl":"https:\/\/invexo.com.br\/blog\/wp-content\/uploads\/2022\/09\/marca-d-agua-site-branca-150x150.png"},"web-stories-publisher-logo":{"file":"marca-d-agua-site-branca-96x96.png","width":96,"height":96,"filesize":2051,"mimeType":"image\/png","sourceUrl":"https:\/\/invexo.com.br\/blog\/wp-content\/uploads\/2022\/09\/marca-d-agua-site-branca-96x96.png"},"web-stories-thumbnail":{"file":"marca-d-agua-site-branca-150x150.png","width":150,"height":150,"filesize":3223,"mimeType":"image\/png","sourceUrl":"https:\/\/invexo.com.br\/blog\/wp-content\/uploads\/2022\/09\/marca-d-agua-site-branca-150x150.png"},"full":{"file":"marca-d-agua-site-branca.png","width":200,"height":200,"mimeType":"image\/png","sourceUrl":"https:\/\/invexo.com.br\/blog\/wp-content\/uploads\/2022\/09\/marca-d-agua-site-branca.png"}},"isPlaceholder":false,"isOptimized":false,"isMuted":false,"isExternal":false,"needsProxy":false},"type":"image","x":339,"y":585,"width":63,"height":67,"mask":{"type":"rectangle","showInLibrary":true,"name":"Rectangle","path":"M 0,0 1,0 1,1 0,1 0,0 Z","ratio":1,"supportsBorder":true},"link":{"needsProxy":false,"url":"https:\/\/invexo.com.br\/blog\/trilha-sao-conrado\/","rel":[],"desc":"Trilha S\u00e3o Conrado: Pedra Bonita, Garganta do C\u00e9u e P4","type":"regular","pageId":null,"icon":"https:\/\/invexo.com.br\/blog\/wp-content\/uploads\/2020\/01\/garotas-na-trilha-sao-conrado-rio-de-janeiro-rj.jpg"},"basedOn":"78798cc1-7bd4-481c-bded-e63fe9419b05","id":"2ffbeede-e62d-42b9-85b7-130c2e1235d0"}],"animations":[],"backgroundColor":{"color":{"r":0,"g":0,"b":0}},"type":"page","id":"da3808b7-6397-435a-8a2d-93f756672665","pageTemplateType":"cover"},{"elements":[{"opacity":100,"flip":{"vertical":false,"horizontal":false},"rotationAngle":0,"lockAspectRatio":true,"x":1,"y":1,"width":1,"height":1,"mask":{"type":"rectangle"},"isBackground":true,"isDefaultBackground":true,"type":"shape","id":"a31a8f4f-52f5-48a0-aec7-ce68fa7422c8"},{"opacity":100,"flip":{"vertical":false,"horizontal":false},"rotationAngle":0,"lockAspectRatio":false,"backgroundColor":{"color":{"r":0,"g":0,"b":0}},"type":"shape","x":-8,"y":-116,"width":432,"height":368,"mask":{"type":"rectangle"},"id":"d83fbb42-42a4-481c-bee5-44a322322358","link":{"needsProxy":false,"url":"https:\/\/invexo.com.br\/blog\/trilha-sao-conrado\/","rel":[],"type":"regular","pageId":null,"icon":"https:\/\/invexo.com.br\/blog\/wp-content\/uploads\/2020\/01\/garotas-na-trilha-sao-conrado-rio-de-janeiro-rj.jpg","desc":"Trilha S\u00e3o Conrado: Pedra Bonita, Garganta do C\u00e9u e P4"}},{"opacity":100,"flip":{"vertical":false,"horizontal":false},"rotationAngle":90,"lockAspectRatio":false,"backgroundColor":{"color":{"r":206,"g":158,"b":0,"a":1}},"type":"shape","x":204,"y":116,"width":445,"height":52,"mask":{"type":"rectangle"},"basedOn":"0a31697d-612b-4cee-996f-2aae46fdcef7","id":"6f7ef421-c0e1-458c-a6d2-0d8e903cbf76"},{"opacity":100,"flip":{"vertical":false,"horizontal":false},"rotationAngle":0,"lockAspectRatio":false,"scale":100,"focalX":49.933295761890506,"focalY":53.97376544507105,"resource":{"type":"image","mimeType":"image\/jpeg","width":500,"height":500,"sizes":{"medium":{"file":"trilha-trilhas-em-sao-conrado-rio-de-janeiro2-300x300.jpg","width":300,"height":300,"filesize":33427,"mimeType":"image\/jpeg","sourceUrl":"https:\/\/invexo.com.br\/blog\/wp-content\/uploads\/2024\/04\/trilha-trilhas-em-sao-conrado-rio-de-janeiro2-300x300.jpg"},"thumbnail":{"file":"trilha-trilhas-em-sao-conrado-rio-de-janeiro2-150x150.jpg","width":150,"height":150,"filesize":9986,"mimeType":"image\/jpeg","sourceUrl":"https:\/\/invexo.com.br\/blog\/wp-content\/uploads\/2024\/04\/trilha-trilhas-em-sao-conrado-rio-de-janeiro2-150x150.jpg"},"web-stories-publisher-logo":{"file":"trilha-trilhas-em-sao-conrado-rio-de-janeiro2-96x96.jpg","width":96,"height":96,"filesize":4938,"mimeType":"image\/jpeg","sourceUrl":"https:\/\/invexo.com.br\/blog\/wp-content\/uploads\/2024\/04\/trilha-trilhas-em-sao-conrado-rio-de-janeiro2-96x96.jpg"},"web-stories-thumbnail":{"file":"trilha-trilhas-em-sao-conrado-rio-de-janeiro2-150x150.jpg","width":150,"height":150,"filesize":9986,"mimeType":"image\/jpeg","sourceUrl":"https:\/\/invexo.com.br\/blog\/wp-content\/uploads\/2024\/04\/trilha-trilhas-em-sao-conrado-rio-de-janeiro2-150x150.jpg"},"full":{"file":"trilha-trilhas-em-sao-conrado-rio-de-janeiro2.jpg","width":500,"height":500,"mimeType":"image\/jpeg","sourceUrl":"https:\/\/invexo.com.br\/blog\/wp-content\/uploads\/2024\/04\/trilha-trilhas-em-sao-conrado-rio-de-janeiro2.jpg"}},"isPlaceholder":false,"isExternal":false,"needsProxy":false,"baseColor":"#6b705b","blurHash":"UaGbq}ITNdR+1n-Or?s.-rbEoIR*ERa%oIoe","creationDate":"2024-04-08T17:27:50","src":"https:\/\/invexo.com.br\/blog\/wp-content\/uploads\/2024\/04\/trilha-trilhas-em-sao-conrado-rio-de-janeiro2.jpg","id":43616,"alt":"trilha-trilhas-em-sao-conrado-rio-de-janeiro(2)","local":false},"type":"image","x":-5,"y":322,"width":432,"height":361,"mask":{"type":"rectangle","showInLibrary":true,"name":"Rectangle","path":"M 0,0 1,0 1,1 0,1 0,0 Z","ratio":1,"supportsBorder":true},"id":"7f89cd4f-5c62-4ea0-9655-80fec44eb8a7","link":{"needsProxy":false,"url":"https:\/\/invexo.com.br\/blog\/trilha-sao-conrado\/","rel":[],"icon":"https:\/\/invexo.com.br\/blog\/wp-content\/uploads\/2020\/01\/garotas-na-trilha-sao-conrado-rio-de-janeiro-rj.jpg","desc":"Trilha S\u00e3o Conrado: Pedra Bonita, Garganta do C\u00e9u e P4","type":"regular","pageId":null},"overlay":{"type":"radial","size":{"w":0.67,"h":0.67},"stops":[{"color":{"r":0,"g":0,"b":0,"a":0},"position":0},{"color":{"r":0,"g":0,"b":0,"a":1},"position":1}],"alpha":0.2}},{"opacity":100,"flip":{"vertical":false,"horizontal":false},"rotationAngle":0,"lockAspectRatio":true,"backgroundTextMode":"NONE","font":{"family":"Lato"},"fontSize":40,"backgroundColor":{"color":{"r":196,"g":196,"b":196}},"lineHeight":1.2,"textAlign":"initial","padding":{"locked":true,"hasHiddenPadding":false,"horizontal":null,"vertical":null},"type":"text","content":"<span style=\"font-weight: 700; color: #ce9e00; letter-spacing: 0.02em; text-transform: uppercase\">Trilha da Pedra Bonita<\/span>","borderRadius":{"locked":true,"topLeft":2,"topRight":2,"bottomRight":2,"bottomLeft":2},"width":322,"height":96,"basedOn":"810c35ee-8652-4cd2-95bc-8730d8623de1","x":47,"y":0,"id":"662d7ce5-046d-447e-983c-dff7100779a3","link":{"needsProxy":false,"url":"https:\/\/invexo.com.br\/blog\/trilha-sao-conrado\/","rel":[],"type":"regular","pageId":null,"icon":"https:\/\/invexo.com.br\/blog\/wp-content\/uploads\/2020\/01\/garotas-na-trilha-sao-conrado-rio-de-janeiro-rj.jpg","desc":"Trilha S\u00e3o Conrado: Pedra Bonita, Garganta do C\u00e9u e P4"}},{"x":47,"y":130,"basedOn":"066f7c7f-ba73-4976-8d46-b9fdee662241","opacity":100,"flip":{"vertical":false,"horizontal":false},"rotationAngle":0,"lockAspectRatio":true,"backgroundTextMode":"NONE","font":{"family":"Hind"},"fontSize":22,"backgroundColor":{"color":{"r":196,"g":196,"b":196}},"lineHeight":1.4,"textAlign":"initial","padding":{"locked":true,"hasHiddenPadding":false,"horizontal":null,"vertical":null},"type":"text","content":"<span style=\"color: #fff\">A Trilha da Pedra Bonita \u00e9 uma das mais populares de S\u00e3o Conrado, oferecendo vistas panor\u00e2micas deslumbrantes da cidade e da natureza ao redor.<\/span>","borderRadius":{"locked":true,"topLeft":2,"topRight":2,"bottomRight":2,"bottomLeft":2},"width":314,"height":159,"marginOffset":-17.525,"id":"42a4d28d-b145-477a-a385-9ee251284a97","link":{"needsProxy":false,"url":"https:\/\/invexo.com.br\/blog\/trilha-sao-conrado\/","rel":[],"type":"regular","pageId":null,"icon":"https:\/\/invexo.com.br\/blog\/wp-content\/uploads\/2020\/01\/garotas-na-trilha-sao-conrado-rio-de-janeiro-rj.jpg","desc":"Trilha S\u00e3o Conrado: Pedra Bonita, Garganta do C\u00e9u e P4"}},{"opacity":50,"flip":{"vertical":false,"horizontal":false},"rotationAngle":0,"lockAspectRatio":false,"scale":100,"focalX":50,"focalY":50,"resource":{"baseColor":null,"blurHash":"","type":"image","mimeType":"image\/png","creationDate":"2022-09-30T14:39:44","src":"https:\/\/invexo.com.br\/blog\/wp-content\/uploads\/2022\/09\/marca-d-agua-site-branca.png","width":200,"height":200,"id":30829,"alt":"marca-d-agua-site-branca","sizes":{"thumbnail":{"file":"marca-d-agua-site-branca-150x150.png","width":150,"height":150,"filesize":3223,"mimeType":"image\/png","sourceUrl":"https:\/\/invexo.com.br\/blog\/wp-content\/uploads\/2022\/09\/marca-d-agua-site-branca-150x150.png"},"web-stories-publisher-logo":{"file":"marca-d-agua-site-branca-96x96.png","width":96,"height":96,"filesize":2051,"mimeType":"image\/png","sourceUrl":"https:\/\/invexo.com.br\/blog\/wp-content\/uploads\/2022\/09\/marca-d-agua-site-branca-96x96.png"},"web-stories-thumbnail":{"file":"marca-d-agua-site-branca-150x150.png","width":150,"height":150,"filesize":3223,"mimeType":"image\/png","sourceUrl":"https:\/\/invexo.com.br\/blog\/wp-content\/uploads\/2022\/09\/marca-d-agua-site-branca-150x150.png"},"full":{"file":"marca-d-agua-site-branca.png","width":200,"height":200,"mimeType":"image\/png","sourceUrl":"https:\/\/invexo.com.br\/blog\/wp-content\/uploads\/2022\/09\/marca-d-agua-site-branca.png"}},"isPlaceholder":false,"isOptimized":false,"isMuted":false,"isExternal":false,"needsProxy":false},"type":"image","x":338,"y":587,"width":63,"height":67,"mask":{"type":"rectangle","showInLibrary":true,"name":"Rectangle","path":"M 0,0 1,0 1,1 0,1 0,0 Z","ratio":1,"supportsBorder":true},"basedOn":"78798cc1-7bd4-481c-bded-e63fe9419b05","id":"a0bebad2-df94-4d83-bbef-b89110a099e2","link":{"needsProxy":false,"url":"https:\/\/invexo.com.br\/blog\/trilha-sao-conrado\/","rel":[],"type":"regular","pageId":null,"icon":"https:\/\/invexo.com.br\/blog\/wp-content\/uploads\/2020\/01\/garotas-na-trilha-sao-conrado-rio-de-janeiro-rj.jpg","desc":"Trilha S\u00e3o Conrado: Pedra Bonita, Garganta do C\u00e9u e P4"}}],"animations":[{"targets":["42a4d28d-b145-477a-a385-9ee251284a97"],"id":"f0ba34c0-12ed-421a-8fac-6a7ace745629","type":"effect-fade-in","duration":3000,"delay":100}],"backgroundColor":{"color":{"r":0,"g":0,"b":0}},"type":"page","id":"1914e9cd-0077-4a81-a7a9-fe4bdf5cd0d4","pageTemplateType":"editorial","groups":{"549c8bc9-bfbd-43a7-9ba6-0a7feb16951f":{"name":"Map","isLocked":false,"isCollapsed":true},"4e88ac63-e02c-4436-92c4-935b22f0e871":{"name":"Header","isLocked":false,"isCollapsed":true}}},{"elements":[{"opacity":100,"flip":{"vertical":false,"horizontal":false},"rotationAngle":0,"lockAspectRatio":true,"x":1,"y":1,"width":1,"height":1,"mask":{"type":"rectangle"},"isBackground":true,"isDefaultBackground":true,"type":"shape","id":"3108b6ac-d6a3-464c-b1f2-d853c25edafa"},{"opacity":100,"flip":{"vertical":false,"horizontal":false},"rotationAngle":0,"lockAspectRatio":true,"backgroundTextMode":"NONE","font":{"family":"Hind"},"fontSize":38,"backgroundColor":{"color":{"r":196,"g":196,"b":196}},"lineHeight":1.3,"textAlign":"initial","padding":{"locked":true,"hasHiddenPadding":false,"horizontal":null,"vertical":null},"type":"text","content":"<span style=\"font-weight: 600; color: #ce9e00; letter-spacing: 0.02em; text-transform: uppercase\">Rampa de Voo Livre<\/span>","borderRadius":{"locked":true,"topLeft":2,"topRight":2,"bottomRight":2,"bottomLeft":2},"width":273,"height":110,"basedOn":"24fcde09-a421-4762-9a3f-9c8793df7f41","id":"810c35ee-8652-4cd2-95bc-8730d8623de1","x":48,"y":0,"marginOffset":-21.03,"link":{"needsProxy":false,"url":"https:\/\/invexo.com.br\/blog\/trilha-sao-conrado\/","rel":[],"type":"regular","pageId":null,"icon":"https:\/\/invexo.com.br\/blog\/wp-content\/uploads\/2020\/01\/garotas-na-trilha-sao-conrado-rio-de-janeiro-rj.jpg","desc":"Trilha S\u00e3o Conrado: Pedra Bonita, Garganta do C\u00e9u e P4"}},{"x":49,"y":121,"id":"066f7c7f-ba73-4976-8d46-b9fdee662241","basedOn":"ea6badf3-5d35-4903-8593-e7154b48d5a4","opacity":100,"flip":{"vertical":false,"horizontal":false},"rotationAngle":0,"lockAspectRatio":true,"backgroundTextMode":"NONE","font":{"family":"Hind"},"fontSize":22,"backgroundColor":{"color":{"r":196,"g":196,"b":196}},"lineHeight":1.4,"textAlign":"initial","padding":{"locked":true,"hasHiddenPadding":false,"horizontal":null,"vertical":null},"type":"text","content":"<span style=\"color: #fff\">Para os mais aventureiros, a Rampa da Pedra Bonita \u00e9 o ponto de partida para emocionantes voos de asa-delta e parapente em S\u00e3o Conrado.<\/span>","borderRadius":{"locked":true,"topLeft":2,"topRight":2,"bottomRight":2,"bottomLeft":2},"width":316,"height":159,"marginOffset":-17.525,"link":{"needsProxy":false,"url":"https:\/\/invexo.com.br\/blog\/trilha-sao-conrado\/","rel":[],"type":"regular","pageId":null,"icon":"https:\/\/invexo.com.br\/blog\/wp-content\/uploads\/2020\/01\/garotas-na-trilha-sao-conrado-rio-de-janeiro-rj.jpg","desc":"Trilha S\u00e3o Conrado: Pedra Bonita, Garganta do C\u00e9u e P4"}},{"opacity":100,"flip":{"vertical":false,"horizontal":false},"rotationAngle":0,"lockAspectRatio":false,"scale":100,"focalX":50,"focalY":50,"resource":{"type":"image","mimeType":"image\/jpeg","width":500,"height":500,"sizes":{"medium":{"file":"rampa-voo-livre-trilhas-em-sao-conrado-rio-de-janeiro2-300x300.jpg","width":300,"height":300,"filesize":22938,"mimeType":"image\/jpeg","sourceUrl":"https:\/\/invexo.com.br\/blog\/wp-content\/uploads\/2024\/04\/rampa-voo-livre-trilhas-em-sao-conrado-rio-de-janeiro2-300x300.jpg"},"thumbnail":{"file":"rampa-voo-livre-trilhas-em-sao-conrado-rio-de-janeiro2-150x150.jpg","width":150,"height":150,"filesize":7156,"mimeType":"image\/jpeg","sourceUrl":"https:\/\/invexo.com.br\/blog\/wp-content\/uploads\/2024\/04\/rampa-voo-livre-trilhas-em-sao-conrado-rio-de-janeiro2-150x150.jpg"},"web-stories-publisher-logo":{"file":"rampa-voo-livre-trilhas-em-sao-conrado-rio-de-janeiro2-96x96.jpg","width":96,"height":96,"filesize":3874,"mimeType":"image\/jpeg","sourceUrl":"https:\/\/invexo.com.br\/blog\/wp-content\/uploads\/2024\/04\/rampa-voo-livre-trilhas-em-sao-conrado-rio-de-janeiro2-96x96.jpg"},"web-stories-thumbnail":{"file":"rampa-voo-livre-trilhas-em-sao-conrado-rio-de-janeiro2-150x150.jpg","width":150,"height":150,"filesize":7156,"mimeType":"image\/jpeg","sourceUrl":"https:\/\/invexo.com.br\/blog\/wp-content\/uploads\/2024\/04\/rampa-voo-livre-trilhas-em-sao-conrado-rio-de-janeiro2-150x150.jpg"},"full":{"file":"rampa-voo-livre-trilhas-em-sao-conrado-rio-de-janeiro2.jpg","width":500,"height":500,"mimeType":"image\/jpeg","sourceUrl":"https:\/\/invexo.com.br\/blog\/wp-content\/uploads\/2024\/04\/rampa-voo-livre-trilhas-em-sao-conrado-rio-de-janeiro2.jpg"}},"isPlaceholder":false,"isExternal":false,"needsProxy":false,"baseColor":"#33a8db","blurHash":"U-AM*+V]jYj[ThX7flf7M_oJaza|i{oef6ay","creationDate":"2024-04-08T17:29:30","src":"https:\/\/invexo.com.br\/blog\/wp-content\/uploads\/2024\/04\/rampa-voo-livre-trilhas-em-sao-conrado-rio-de-janeiro2.jpg","id":43617,"alt":"rampa-voo-livre-trilhas-em-sao-conrado-rio-de-janeiro(2)","local":false},"type":"image","x":50,"y":312,"width":314,"height":329,"mask":{"type":"rectangle","showInLibrary":true,"name":"Rectangle","path":"M 0,0 1,0 1,1 0,1 0,0 Z","ratio":1,"supportsBorder":true},"id":"477a19a6-ab99-475e-a465-25e776c477dc","overlay":{"type":"radial","size":{"w":0.67,"h":0.67},"stops":[{"color":{"r":0,"g":0,"b":0,"a":0},"position":0},{"color":{"r":0,"g":0,"b":0,"a":1},"position":1}],"alpha":0.2},"link":{"needsProxy":false,"url":"https:\/\/invexo.com.br\/blog\/trilha-sao-conrado\/","rel":[],"type":"regular","pageId":null,"icon":"https:\/\/invexo.com.br\/blog\/wp-content\/uploads\/2020\/01\/garotas-na-trilha-sao-conrado-rio-de-janeiro-rj.jpg","desc":"Trilha S\u00e3o Conrado: Pedra Bonita, Garganta do C\u00e9u e P4"}},{"opacity":100,"flip":{"vertical":false,"horizontal":false},"rotationAngle":90,"lockAspectRatio":false,"backgroundColor":{"color":{"r":206,"g":158,"b":0,"a":1}},"type":"shape","x":-413,"y":281,"width":781,"height":62,"mask":{"type":"rectangle"},"basedOn":"0a31697d-612b-4cee-996f-2aae46fdcef7","id":"779cf149-2451-4512-b32a-0722325ddfa4"},{"opacity":50,"flip":{"vertical":false,"horizontal":false},"rotationAngle":0,"lockAspectRatio":false,"scale":100,"focalX":50,"focalY":50,"resource":{"baseColor":null,"blurHash":"","type":"image","mimeType":"image\/png","creationDate":"2022-09-30T14:39:44","src":"https:\/\/invexo.com.br\/blog\/wp-content\/uploads\/2022\/09\/marca-d-agua-site-branca.png","width":200,"height":200,"id":30829,"alt":"marca-d-agua-site-branca","sizes":{"thumbnail":{"file":"marca-d-agua-site-branca-150x150.png","width":150,"height":150,"filesize":3223,"mimeType":"image\/png","sourceUrl":"https:\/\/invexo.com.br\/blog\/wp-content\/uploads\/2022\/09\/marca-d-agua-site-branca-150x150.png"},"web-stories-publisher-logo":{"file":"marca-d-agua-site-branca-96x96.png","width":96,"height":96,"filesize":2051,"mimeType":"image\/png","sourceUrl":"https:\/\/invexo.com.br\/blog\/wp-content\/uploads\/2022\/09\/marca-d-agua-site-branca-96x96.png"},"web-stories-thumbnail":{"file":"marca-d-agua-site-branca-150x150.png","width":150,"height":150,"filesize":3223,"mimeType":"image\/png","sourceUrl":"https:\/\/invexo.com.br\/blog\/wp-content\/uploads\/2022\/09\/marca-d-agua-site-branca-150x150.png"},"full":{"file":"marca-d-agua-site-branca.png","width":200,"height":200,"mimeType":"image\/png","sourceUrl":"https:\/\/invexo.com.br\/blog\/wp-content\/uploads\/2022\/09\/marca-d-agua-site-branca.png"}},"isPlaceholder":false,"isOptimized":false,"isMuted":false,"isExternal":false,"needsProxy":false},"type":"image","x":338,"y":587,"width":63,"height":67,"mask":{"type":"rectangle","showInLibrary":true,"name":"Rectangle","path":"M 0,0 1,0 1,1 0,1 0,0 Z","ratio":1,"supportsBorder":true},"link":{"needsProxy":false,"url":"https:\/\/invexo.com.br\/blog\/trilha-sao-conrado\/","rel":[],"desc":"Trilha S\u00e3o Conrado: Pedra Bonita, Garganta do C\u00e9u e P4","type":"regular","pageId":null,"icon":"https:\/\/invexo.com.br\/blog\/wp-content\/uploads\/2020\/01\/garotas-na-trilha-sao-conrado-rio-de-janeiro-rj.jpg"},"basedOn":"78798cc1-7bd4-481c-bded-e63fe9419b05","id":"238eb6b5-c3cc-4ff3-976b-d65f85433ada"}],"animations":[{"id":"795eb092-c920-43e8-9577-484d021decce","type":"effect-fade-in","targets":["066f7c7f-ba73-4976-8d46-b9fdee662241"],"duration":3000,"delay":100}],"backgroundColor":{"color":{"r":0,"g":0,"b":0}},"type":"page","id":"0d9f7bf0-6f57-4a60-ba0c-504ed28dc38f","pageTemplateType":null},{"elements":[{"opacity":100,"flip":{"vertical":false,"horizontal":false},"rotationAngle":0,"lockAspectRatio":true,"x":1,"y":1,"width":1,"height":1,"mask":{"type":"rectangle"},"isBackground":true,"isDefaultBackground":true,"type":"shape","id":"d1fcfbd8-286a-4910-80fe-f5f34411dbb2"},{"opacity":100,"flip":{"vertical":false,"horizontal":false},"rotationAngle":0,"lockAspectRatio":false,"backgroundColor":{"color":{"r":206,"g":158,"b":0}},"type":"shape","width":412,"height":477,"mask":{"type":"rectangle"},"basedOn":"92661475-0b13-4b28-8bc9-129cfdd1dcc4","id":"ea0f3e8b-cf60-4356-8aab-8cfd49f370d3","x":0,"y":-185},{"opacity":100,"flip":{"vertical":false,"horizontal":false},"rotationAngle":0,"lockAspectRatio":false,"scale":100,"focalX":49.997672316372615,"focalY":57.65195297772125,"resource":{"type":"image","mimeType":"image\/jpeg","width":500,"height":500,"sizes":{"medium":{"file":"garganta-do-ceu-trilhas-em-sao-conrado-rio-de-janeiro-300x300.jpg","width":300,"height":300,"filesize":38525,"mimeType":"image\/jpeg","sourceUrl":"https:\/\/invexo.com.br\/blog\/wp-content\/uploads\/2024\/04\/garganta-do-ceu-trilhas-em-sao-conrado-rio-de-janeiro-300x300.jpg"},"thumbnail":{"file":"garganta-do-ceu-trilhas-em-sao-conrado-rio-de-janeiro-150x150.jpg","width":150,"height":150,"filesize":10771,"mimeType":"image\/jpeg","sourceUrl":"https:\/\/invexo.com.br\/blog\/wp-content\/uploads\/2024\/04\/garganta-do-ceu-trilhas-em-sao-conrado-rio-de-janeiro-150x150.jpg"},"web-stories-publisher-logo":{"file":"garganta-do-ceu-trilhas-em-sao-conrado-rio-de-janeiro-96x96.jpg","width":96,"height":96,"filesize":5157,"mimeType":"image\/jpeg","sourceUrl":"https:\/\/invexo.com.br\/blog\/wp-content\/uploads\/2024\/04\/garganta-do-ceu-trilhas-em-sao-conrado-rio-de-janeiro-96x96.jpg"},"web-stories-thumbnail":{"file":"garganta-do-ceu-trilhas-em-sao-conrado-rio-de-janeiro-150x150.jpg","width":150,"height":150,"filesize":10771,"mimeType":"image\/jpeg","sourceUrl":"https:\/\/invexo.com.br\/blog\/wp-content\/uploads\/2024\/04\/garganta-do-ceu-trilhas-em-sao-conrado-rio-de-janeiro-150x150.jpg"},"full":{"file":"garganta-do-ceu-trilhas-em-sao-conrado-rio-de-janeiro.jpg","width":500,"height":500,"mimeType":"image\/jpeg","sourceUrl":"https:\/\/invexo.com.br\/blog\/wp-content\/uploads\/2024\/04\/garganta-do-ceu-trilhas-em-sao-conrado-rio-de-janeiro.jpg"}},"isPlaceholder":false,"isExternal":false,"needsProxy":false,"baseColor":"#637664","blurHash":"UDDv=fHaWbROyZImM}Z$ER-nE1skEN%2s+Na","creationDate":"2024-04-08T17:30:38","src":"https:\/\/invexo.com.br\/blog\/wp-content\/uploads\/2024\/04\/garganta-do-ceu-trilhas-em-sao-conrado-rio-de-janeiro.jpg","id":43618,"alt":"garganta-do-ceu-trilhas-em-sao-conrado-rio-de-janeiro","local":false},"type":"image","x":0,"y":-65,"width":413,"height":350,"mask":{"type":"rectangle","showInLibrary":true,"name":"Rectangle","path":"M 0,0 1,0 1,1 0,1 0,0 Z","ratio":1,"supportsBorder":true},"id":"7ca59bac-2e08-4305-827b-66be422542df","overlay":{"type":"radial","size":{"w":0.67,"h":0.67},"stops":[{"color":{"r":0,"g":0,"b":0,"a":0},"position":0},{"color":{"r":0,"g":0,"b":0,"a":1},"position":1}],"alpha":0.2},"link":{"needsProxy":false,"url":"https:\/\/invexo.com.br\/blog\/trilha-sao-conrado\/","rel":[],"type":"regular","pageId":null,"icon":"https:\/\/invexo.com.br\/blog\/wp-content\/uploads\/2020\/01\/garotas-na-trilha-sao-conrado-rio-de-janeiro-rj.jpg","desc":"Trilha S\u00e3o Conrado: Pedra Bonita, Garganta do C\u00e9u e P4"}},{"opacity":50,"flip":{"vertical":false,"horizontal":false},"rotationAngle":0,"lockAspectRatio":false,"scale":100,"focalX":50,"focalY":50,"resource":{"baseColor":null,"blurHash":"","type":"image","mimeType":"image\/png","creationDate":"2022-09-30T14:39:44","src":"https:\/\/invexo.com.br\/blog\/wp-content\/uploads\/2022\/09\/marca-d-agua-site-branca.png","width":200,"height":200,"id":30829,"alt":"marca-d-agua-site-branca","sizes":{"thumbnail":{"file":"marca-d-agua-site-branca-150x150.png","width":150,"height":150,"filesize":3223,"mimeType":"image\/png","sourceUrl":"https:\/\/invexo.com.br\/blog\/wp-content\/uploads\/2022\/09\/marca-d-agua-site-branca-150x150.png"},"web-stories-publisher-logo":{"file":"marca-d-agua-site-branca-96x96.png","width":96,"height":96,"filesize":2051,"mimeType":"image\/png","sourceUrl":"https:\/\/invexo.com.br\/blog\/wp-content\/uploads\/2022\/09\/marca-d-agua-site-branca-96x96.png"},"web-stories-thumbnail":{"file":"marca-d-agua-site-branca-150x150.png","width":150,"height":150,"filesize":3223,"mimeType":"image\/png","sourceUrl":"https:\/\/invexo.com.br\/blog\/wp-content\/uploads\/2022\/09\/marca-d-agua-site-branca-150x150.png"},"full":{"file":"marca-d-agua-site-branca.png","width":200,"height":200,"mimeType":"image\/png","sourceUrl":"https:\/\/invexo.com.br\/blog\/wp-content\/uploads\/2022\/09\/marca-d-agua-site-branca.png"}},"isPlaceholder":false,"isOptimized":false,"isMuted":false,"isExternal":false,"needsProxy":false},"type":"image","x":338,"y":587,"width":63,"height":67,"mask":{"type":"rectangle","showInLibrary":true,"name":"Rectangle","path":"M 0,0 1,0 1,1 0,1 0,0 Z","ratio":1,"supportsBorder":true},"link":{"needsProxy":false,"url":"https:\/\/invexo.com.br\/blog\/trilha-sao-conrado\/","rel":[],"desc":"Trilha S\u00e3o Conrado: Pedra Bonita, Garganta do C\u00e9u e P4","type":"regular","pageId":null,"icon":"https:\/\/invexo.com.br\/blog\/wp-content\/uploads\/2020\/01\/garotas-na-trilha-sao-conrado-rio-de-janeiro-rj.jpg"},"basedOn":"78798cc1-7bd4-481c-bded-e63fe9419b05","id":"c1d28ffd-486e-4298-a946-6327ed9f6722"},{"opacity":100,"flip":{"vertical":false,"horizontal":false},"rotationAngle":0,"lockAspectRatio":true,"backgroundTextMode":"NONE","font":{"family":"Hind"},"fontSize":38,"backgroundColor":{"color":{"r":196,"g":196,"b":196}},"lineHeight":1.3,"textAlign":"initial","padding":{"locked":true,"hasHiddenPadding":false,"horizontal":null,"vertical":null},"content":"<span style=\"font-weight: 600; color: #ce9e00; letter-spacing: 0.02em; text-transform: uppercase\">Trilha Garganta do C\u00e9u<\/span>","borderRadius":{"locked":true,"topLeft":2,"topRight":2,"bottomRight":2,"bottomLeft":2},"width":345,"height":110,"basedOn":"f5c0606e-2cde-4447-9935-8fe4f8095b11","x":38,"y":325,"marginOffset":-21.03,"id":"43a1375f-d36c-4489-8f50-8e97f3d7b22a","type":"text","link":{"needsProxy":false,"url":"https:\/\/invexo.com.br\/blog\/trilha-sao-conrado\/","rel":[],"type":"regular","pageId":null,"icon":"https:\/\/invexo.com.br\/blog\/wp-content\/uploads\/2020\/01\/garotas-na-trilha-sao-conrado-rio-de-janeiro-rj.jpg","desc":"Trilha S\u00e3o Conrado: Pedra Bonita, Garganta do C\u00e9u e P4"}},{"opacity":100,"flip":{"vertical":false,"horizontal":false},"rotationAngle":0,"lockAspectRatio":true,"backgroundTextMode":"NONE","font":{"family":"Hind"},"fontSize":22,"backgroundColor":{"color":{"r":196,"g":196,"b":196}},"lineHeight":1.4,"textAlign":"initial","padding":{"locked":true,"hasHiddenPadding":false,"horizontal":null,"vertical":null},"x":38,"y":454,"basedOn":"1cdc770c-23e3-480f-8fdb-fb98bcc694ab","content":"<span style=\"color: #fff\">A Trilha Garganta do C\u00e9u oferece uma experi\u00eancia de trekking desafiadora, mas recompensadora, com vistas panor\u00e2micas que valem cada passo.<\/span>","borderRadius":{"locked":true,"topLeft":2,"topRight":2,"bottomRight":2,"bottomLeft":2},"width":331,"height":158,"marginOffset":-17.525,"id":"ab9e0630-8db3-44d0-878a-191a21efa3fa","type":"text","link":{"needsProxy":false,"url":"https:\/\/invexo.com.br\/blog\/trilha-sao-conrado\/","rel":[],"type":"regular","pageId":null,"icon":"https:\/\/invexo.com.br\/blog\/wp-content\/uploads\/2020\/01\/garotas-na-trilha-sao-conrado-rio-de-janeiro-rj.jpg","desc":"Trilha S\u00e3o Conrado: Pedra Bonita, Garganta do C\u00e9u e P4"}}],"animations":[{"targets":["ab9e0630-8db3-44d0-878a-191a21efa3fa"],"id":"cfdf60b3-472d-446a-aef1-02b531661c7e","type":"effect-fade-in","duration":3000,"delay":100}],"backgroundColor":{"color":{"r":0,"g":0,"b":0}},"type":"page","id":"a008d97e-4739-4e43-8739-4b065132f44c","pageTemplateType":null},{"elements":[{"opacity":100,"flip":{"vertical":false,"horizontal":false},"rotationAngle":0,"lockAspectRatio":true,"x":1,"y":1,"width":1,"height":1,"mask":{"type":"rectangle"},"isBackground":true,"isDefaultBackground":true,"id":"8eb62411-9bfc-428e-9e08-babadca3d7f9","type":"shape"},{"opacity":100,"flip":{"vertical":false,"horizontal":false},"rotationAngle":0,"lockAspectRatio":false,"backgroundColor":{"color":{"r":206,"g":158,"b":0}},"type":"shape","x":-18,"y":669,"width":430,"height":78,"mask":{"type":"rectangle"},"id":"630c4b1f-d936-4cdc-86b3-a061c7eb3102"},{"opacity":100,"flip":{"vertical":false,"horizontal":false},"rotationAngle":0,"lockAspectRatio":false,"scale":100,"focalX":50,"focalY":50,"resource":{"type":"image","mimeType":"image\/jpeg","width":500,"height":500,"sizes":{"medium":{"file":"pico-dos-quatro-trilhas-em-sao-conrado-rio-de-janeiro-300x300.jpg","width":300,"height":300,"filesize":28329,"mimeType":"image\/jpeg","sourceUrl":"https:\/\/invexo.com.br\/blog\/wp-content\/uploads\/2024\/04\/pico-dos-quatro-trilhas-em-sao-conrado-rio-de-janeiro-300x300.jpg"},"thumbnail":{"file":"pico-dos-quatro-trilhas-em-sao-conrado-rio-de-janeiro-150x150.jpg","width":150,"height":150,"filesize":8362,"mimeType":"image\/jpeg","sourceUrl":"https:\/\/invexo.com.br\/blog\/wp-content\/uploads\/2024\/04\/pico-dos-quatro-trilhas-em-sao-conrado-rio-de-janeiro-150x150.jpg"},"web-stories-publisher-logo":{"file":"pico-dos-quatro-trilhas-em-sao-conrado-rio-de-janeiro-96x96.jpg","width":96,"height":96,"filesize":4219,"mimeType":"image\/jpeg","sourceUrl":"https:\/\/invexo.com.br\/blog\/wp-content\/uploads\/2024\/04\/pico-dos-quatro-trilhas-em-sao-conrado-rio-de-janeiro-96x96.jpg"},"web-stories-thumbnail":{"file":"pico-dos-quatro-trilhas-em-sao-conrado-rio-de-janeiro-150x150.jpg","width":150,"height":150,"filesize":8362,"mimeType":"image\/jpeg","sourceUrl":"https:\/\/invexo.com.br\/blog\/wp-content\/uploads\/2024\/04\/pico-dos-quatro-trilhas-em-sao-conrado-rio-de-janeiro-150x150.jpg"},"full":{"file":"pico-dos-quatro-trilhas-em-sao-conrado-rio-de-janeiro.jpg","width":500,"height":500,"mimeType":"image\/jpeg","sourceUrl":"https:\/\/invexo.com.br\/blog\/wp-content\/uploads\/2024\/04\/pico-dos-quatro-trilhas-em-sao-conrado-rio-de-janeiro.jpg"}},"isPlaceholder":false,"isExternal":false,"needsProxy":false,"baseColor":"#9a8642","blurHash":"UoJtx7R%bcW?pfRkt6j[?bt3aeaexus;adf5","creationDate":"2024-04-08T17:32:55","src":"https:\/\/invexo.com.br\/blog\/wp-content\/uploads\/2024\/04\/pico-dos-quatro-trilhas-em-sao-conrado-rio-de-janeiro.jpg","id":43619,"alt":"pico-dos-quatro-trilhas-em-sao-conrado-rio-de-janeiro","local":false},"type":"image","x":-9,"y":-83,"width":430,"height":413,"mask":{"type":"rectangle","showInLibrary":true,"name":"Rectangle","path":"M 0,0 1,0 1,1 0,1 0,0 Z","ratio":1,"supportsBorder":true},"id":"f01ad7e0-4078-4041-b682-b0fa83155a49","overlay":{"type":"radial","size":{"w":0.67,"h":0.67},"stops":[{"color":{"r":0,"g":0,"b":0,"a":0},"position":0},{"color":{"r":0,"g":0,"b":0,"a":1},"position":1}],"alpha":0.2},"link":{"needsProxy":false,"url":"https:\/\/invexo.com.br\/blog\/trilha-sao-conrado\/","rel":[],"type":"regular","pageId":null,"icon":"https:\/\/invexo.com.br\/blog\/wp-content\/uploads\/2020\/01\/garotas-na-trilha-sao-conrado-rio-de-janeiro-rj.jpg","desc":"Trilha S\u00e3o Conrado: Pedra Bonita, Garganta do C\u00e9u e P4"}},{"opacity":100,"flip":{"vertical":false,"horizontal":false},"rotationAngle":0,"lockAspectRatio":true,"backgroundTextMode":"NONE","font":{"family":"Lato"},"fontSize":38,"backgroundColor":{"color":{"r":196,"g":196,"b":196}},"lineHeight":1.3,"textAlign":"initial","padding":{"locked":true,"hasHiddenPadding":false,"horizontal":0,"vertical":0},"type":"text","content":"<span style=\"font-weight: 700; color: #ce9e00; letter-spacing: 0.02em; text-transform: uppercase\">Trilha Pico dos Quatro<\/span>","borderRadius":{"locked":true,"topLeft":2,"topRight":2,"bottomRight":2,"bottomLeft":2},"width":322,"height":95,"basedOn":"9fa9f2f5-1102-4187-b7c0-b6caf967a313","x":48,"y":363,"id":"199acbf8-85ed-44b8-a827-eaf3660b240d","link":{"needsProxy":false,"url":"https:\/\/invexo.com.br\/blog\/trilha-sao-conrado\/","rel":[],"type":"regular","pageId":null,"icon":"https:\/\/invexo.com.br\/blog\/wp-content\/uploads\/2020\/01\/garotas-na-trilha-sao-conrado-rio-de-janeiro-rj.jpg","desc":"Trilha S\u00e3o Conrado: Pedra Bonita, Garganta do C\u00e9u e P4"}},{"x":51,"y":490,"basedOn":"d538406c-c5c9-441a-8702-7d2111d22334","opacity":100,"flip":{"vertical":false,"horizontal":false},"rotationAngle":0,"lockAspectRatio":true,"backgroundTextMode":"NONE","font":{"family":"Hind"},"fontSize":22,"backgroundColor":{"color":{"r":196,"g":196,"b":196}},"lineHeight":1.4,"textAlign":"initial","padding":{"locked":true,"hasHiddenPadding":false,"horizontal":null,"vertical":null},"type":"text","content":"<span style=\"color: #fff\">Explore a Trilha Pico dos Quatro para uma jornada emocionante at\u00e9 o topo da Pedra da G\u00e1vea.<\/span>","borderRadius":{"locked":true,"topLeft":2,"topRight":2,"bottomRight":2,"bottomLeft":2},"width":310,"height":97,"marginOffset":-17.525,"id":"ba82677c-cca3-422d-985c-6b01ff8b8773","link":{"needsProxy":false,"url":"https:\/\/invexo.com.br\/blog\/trilha-sao-conrado\/","rel":[],"type":"regular","pageId":null,"icon":"https:\/\/invexo.com.br\/blog\/wp-content\/uploads\/2020\/01\/garotas-na-trilha-sao-conrado-rio-de-janeiro-rj.jpg","desc":"Trilha S\u00e3o Conrado: Pedra Bonita, Garganta do C\u00e9u e P4"}},{"opacity":50,"flip":{"vertical":false,"horizontal":false},"rotationAngle":0,"lockAspectRatio":false,"scale":100,"focalX":50,"focalY":50,"resource":{"baseColor":null,"blurHash":"","type":"image","mimeType":"image\/png","creationDate":"2022-09-30T14:39:44","src":"https:\/\/invexo.com.br\/blog\/wp-content\/uploads\/2022\/09\/marca-d-agua-site-branca.png","width":200,"height":200,"id":30829,"alt":"marca-d-agua-site-branca","sizes":{"thumbnail":{"file":"marca-d-agua-site-branca-150x150.png","width":150,"height":150,"filesize":3223,"mimeType":"image\/png","sourceUrl":"https:\/\/invexo.com.br\/blog\/wp-content\/uploads\/2022\/09\/marca-d-agua-site-branca-150x150.png"},"web-stories-publisher-logo":{"file":"marca-d-agua-site-branca-96x96.png","width":96,"height":96,"filesize":2051,"mimeType":"image\/png","sourceUrl":"https:\/\/invexo.com.br\/blog\/wp-content\/uploads\/2022\/09\/marca-d-agua-site-branca-96x96.png"},"web-stories-thumbnail":{"file":"marca-d-agua-site-branca-150x150.png","width":150,"height":150,"filesize":3223,"mimeType":"image\/png","sourceUrl":"https:\/\/invexo.com.br\/blog\/wp-content\/uploads\/2022\/09\/marca-d-agua-site-branca-150x150.png"},"full":{"file":"marca-d-agua-site-branca.png","width":200,"height":200,"mimeType":"image\/png","sourceUrl":"https:\/\/invexo.com.br\/blog\/wp-content\/uploads\/2022\/09\/marca-d-agua-site-branca.png"}},"isPlaceholder":false,"isOptimized":false,"isMuted":false,"isExternal":false,"needsProxy":false},"type":"image","x":338,"y":587,"width":63,"height":67,"mask":{"type":"rectangle","showInLibrary":true,"name":"Rectangle","path":"M 0,0 1,0 1,1 0,1 0,0 Z","ratio":1,"supportsBorder":true},"link":{"needsProxy":false,"url":"https:\/\/invexo.com.br\/blog\/trilha-sao-conrado\/","rel":[],"desc":"Trilha S\u00e3o Conrado: Pedra Bonita, Garganta do C\u00e9u e P4","type":"regular","pageId":null,"icon":"https:\/\/invexo.com.br\/blog\/wp-content\/uploads\/2020\/01\/garotas-na-trilha-sao-conrado-rio-de-janeiro-rj.jpg"},"basedOn":"78798cc1-7bd4-481c-bded-e63fe9419b05","id":"65a88c4d-09a2-408c-b5c5-53c46260dc28"}],"animations":[{"id":"2a7b70a5-de9c-44e1-a2fc-0df9fbd41b4f","type":"effect-fly-in","targets":["630c4b1f-d936-4cdc-86b3-a061c7eb3102"],"flyInDir":"leftToRight","duration":3000,"delay":0},{"targets":["ba82677c-cca3-422d-985c-6b01ff8b8773"],"id":"238134ad-8202-4b8c-8b75-5ab7686f0a08","type":"effect-fade-in","duration":3000,"delay":100}],"backgroundColor":{"color":{"r":0,"g":0,"b":0}},"type":"page","id":"19705bc4-77cc-4137-b6c8-e83175cbe3e4","pageTemplateType":null},{"elements":[{"opacity":100,"flip":{"vertical":false,"horizontal":false},"rotationAngle":0,"lockAspectRatio":true,"x":1,"y":1,"width":1,"height":1,"mask":{"type":"rectangle"},"isBackground":true,"isDefaultBackground":true,"type":"shape","id":"e5758a0e-57fb-4f66-98f5-8ceb57cea64d","basedOn":"3108b6ac-d6a3-464c-b1f2-d853c25edafa"},{"opacity":100,"flip":{"vertical":false,"horizontal":false},"rotationAngle":0,"lockAspectRatio":true,"backgroundTextMode":"NONE","font":{"family":"Hind"},"fontSize":36,"backgroundColor":{"color":{"r":196,"g":196,"b":196}},"lineHeight":1.3,"textAlign":"initial","padding":{"locked":true,"hasHiddenPadding":false,"horizontal":null,"vertical":null},"type":"text","content":"<span style=\"font-weight: 600; color: #ce9e00; letter-spacing: 0.02em; text-transform: uppercase\">Dicas para uma experi\u00eancia segura<\/span>","borderRadius":{"locked":true,"topLeft":2,"topRight":2,"bottomRight":2,"bottomLeft":2},"width":320,"height":151,"basedOn":"810c35ee-8652-4cd2-95bc-8730d8623de1","id":"a6842cd4-8705-4c43-b037-21a62c57d447","x":48,"y":270,"marginOffset":-21.03,"link":{"needsProxy":false,"url":"https:\/\/invexo.com.br\/blog\/trilha-sao-conrado\/","rel":[],"type":"regular","pageId":null,"icon":"https:\/\/invexo.com.br\/blog\/wp-content\/uploads\/2020\/01\/garotas-na-trilha-sao-conrado-rio-de-janeiro-rj.jpg","desc":"Trilha S\u00e3o Conrado: Pedra Bonita, Garganta do C\u00e9u e P4"}},{"x":48,"y":437,"id":"64955de9-e716-440b-b2ec-993a8d15761a","basedOn":"066f7c7f-ba73-4976-8d46-b9fdee662241","opacity":100,"flip":{"vertical":false,"horizontal":false},"rotationAngle":0,"lockAspectRatio":true,"backgroundTextMode":"NONE","font":{"family":"Hind"},"fontSize":22,"backgroundColor":{"color":{"r":196,"g":196,"b":196}},"lineHeight":1.4,"textAlign":"initial","padding":{"locked":true,"hasHiddenPadding":false,"horizontal":null,"vertical":null},"type":"text","content":"<span style=\"color: #fff\">Antes de partir, esteja preparado com \u00e1gua, lanches, protetor solar e roupas adequadas. Respeite as normas das trilhas e os hor\u00e1rios do parque para uma experi\u00eancia segura.<\/span>","borderRadius":{"locked":true,"topLeft":2,"topRight":2,"bottomRight":2,"bottomLeft":2},"width":316,"height":189,"marginOffset":-17.525,"link":{"needsProxy":false,"url":"https:\/\/invexo.com.br\/blog\/trilha-sao-conrado\/","rel":[],"type":"regular","pageId":null,"icon":"https:\/\/invexo.com.br\/blog\/wp-content\/uploads\/2020\/01\/garotas-na-trilha-sao-conrado-rio-de-janeiro-rj.jpg","desc":"Trilha S\u00e3o Conrado: Pedra Bonita, Garganta do C\u00e9u e P4"}},{"opacity":100,"flip":{"vertical":false,"horizontal":false},"rotationAngle":90,"lockAspectRatio":false,"backgroundColor":{"color":{"r":206,"g":158,"b":0,"a":1}},"type":"shape","x":21,"y":299,"width":782,"height":20,"mask":{"type":"rectangle"},"basedOn":"779cf149-2451-4512-b32a-0722325ddfa4","id":"cf7344f9-985b-4eba-8af4-2f2e6f675c0a"},{"opacity":100,"flip":{"vertical":false,"horizontal":false},"rotationAngle":0,"lockAspectRatio":false,"scale":100,"focalX":49.99858472815303,"focalY":56.11348530010931,"resource":{"type":"image","mimeType":"image\/jpeg","width":500,"height":500,"sizes":{"medium":{"file":"cuidados-trilhas-em-sao-conrado-rio-de-janeiro-300x300.jpg","width":300,"height":300,"filesize":46423,"mimeType":"image\/jpeg","sourceUrl":"https:\/\/invexo.com.br\/blog\/wp-content\/uploads\/2024\/04\/cuidados-trilhas-em-sao-conrado-rio-de-janeiro-300x300.jpg"},"thumbnail":{"file":"cuidados-trilhas-em-sao-conrado-rio-de-janeiro-150x150.jpg","width":150,"height":150,"filesize":13058,"mimeType":"image\/jpeg","sourceUrl":"https:\/\/invexo.com.br\/blog\/wp-content\/uploads\/2024\/04\/cuidados-trilhas-em-sao-conrado-rio-de-janeiro-150x150.jpg"},"web-stories-publisher-logo":{"file":"cuidados-trilhas-em-sao-conrado-rio-de-janeiro-96x96.jpg","width":96,"height":96,"filesize":6103,"mimeType":"image\/jpeg","sourceUrl":"https:\/\/invexo.com.br\/blog\/wp-content\/uploads\/2024\/04\/cuidados-trilhas-em-sao-conrado-rio-de-janeiro-96x96.jpg"},"web-stories-thumbnail":{"file":"cuidados-trilhas-em-sao-conrado-rio-de-janeiro-150x150.jpg","width":150,"height":150,"filesize":13058,"mimeType":"image\/jpeg","sourceUrl":"https:\/\/invexo.com.br\/blog\/wp-content\/uploads\/2024\/04\/cuidados-trilhas-em-sao-conrado-rio-de-janeiro-150x150.jpg"},"full":{"file":"cuidados-trilhas-em-sao-conrado-rio-de-janeiro.jpg","width":500,"height":500,"mimeType":"image\/jpeg","sourceUrl":"https:\/\/invexo.com.br\/blog\/wp-content\/uploads\/2024\/04\/cuidados-trilhas-em-sao-conrado-rio-de-janeiro.jpg"}},"isPlaceholder":false,"isExternal":false,"needsProxy":false,"baseColor":"#667146","blurHash":"UFFsPB~LMixlyK-%kDIV^}-.tRIc9FIoICX9","creationDate":"2024-04-08T17:37:08","src":"https:\/\/invexo.com.br\/blog\/wp-content\/uploads\/2024\/04\/cuidados-trilhas-em-sao-conrado-rio-de-janeiro.jpg","id":43620,"alt":"cuidados-trilhas-em-sao-conrado-rio-de-janeiro","local":false},"type":"image","x":0,"y":-82,"width":432,"height":335,"mask":{"type":"rectangle","showInLibrary":true,"name":"Rectangle","path":"M 0,0 1,0 1,1 0,1 0,0 Z","ratio":1,"supportsBorder":true},"id":"e8a948f6-6803-4322-b18c-e7691e1c44a6","overlay":{"type":"radial","size":{"w":0.67,"h":0.67},"stops":[{"color":{"r":0,"g":0,"b":0,"a":0},"position":0},{"color":{"r":0,"g":0,"b":0,"a":1},"position":1}],"alpha":0.2},"link":{"needsProxy":false,"url":"https:\/\/invexo.com.br\/blog\/trilha-sao-conrado\/","rel":[],"type":"regular","pageId":null,"icon":"https:\/\/invexo.com.br\/blog\/wp-content\/uploads\/2020\/01\/garotas-na-trilha-sao-conrado-rio-de-janeiro-rj.jpg","desc":"Trilha S\u00e3o Conrado: Pedra Bonita, Garganta do C\u00e9u e P4"}},{"opacity":50,"flip":{"vertical":false,"horizontal":false},"rotationAngle":0,"lockAspectRatio":false,"scale":100,"focalX":50,"focalY":50,"resource":{"baseColor":null,"blurHash":"","type":"image","mimeType":"image\/png","creationDate":"2022-09-30T14:39:44","src":"https:\/\/invexo.com.br\/blog\/wp-content\/uploads\/2022\/09\/marca-d-agua-site-branca.png","width":200,"height":200,"id":30829,"alt":"marca-d-agua-site-branca","sizes":{"thumbnail":{"file":"marca-d-agua-site-branca-150x150.png","width":150,"height":150,"filesize":3223,"mimeType":"image\/png","sourceUrl":"https:\/\/invexo.com.br\/blog\/wp-content\/uploads\/2022\/09\/marca-d-agua-site-branca-150x150.png"},"web-stories-publisher-logo":{"file":"marca-d-agua-site-branca-96x96.png","width":96,"height":96,"filesize":2051,"mimeType":"image\/png","sourceUrl":"https:\/\/invexo.com.br\/blog\/wp-content\/uploads\/2022\/09\/marca-d-agua-site-branca-96x96.png"},"web-stories-thumbnail":{"file":"marca-d-agua-site-branca-150x150.png","width":150,"height":150,"filesize":3223,"mimeType":"image\/png","sourceUrl":"https:\/\/invexo.com.br\/blog\/wp-content\/uploads\/2022\/09\/marca-d-agua-site-branca-150x150.png"},"full":{"file":"marca-d-agua-site-branca.png","width":200,"height":200,"mimeType":"image\/png","sourceUrl":"https:\/\/invexo.com.br\/blog\/wp-content\/uploads\/2022\/09\/marca-d-agua-site-branca.png"}},"isPlaceholder":false,"isOptimized":false,"isMuted":false,"isExternal":false,"needsProxy":false},"type":"image","x":338,"y":587,"width":63,"height":67,"mask":{"type":"rectangle","showInLibrary":true,"name":"Rectangle","path":"M 0,0 1,0 1,1 0,1 0,0 Z","ratio":1,"supportsBorder":true},"link":{"needsProxy":false,"url":"https:\/\/invexo.com.br\/blog\/trilha-sao-conrado\/","rel":[],"desc":"Trilha S\u00e3o Conrado: Pedra Bonita, Garganta do C\u00e9u e P4","type":"regular","pageId":null,"icon":"https:\/\/invexo.com.br\/blog\/wp-content\/uploads\/2020\/01\/garotas-na-trilha-sao-conrado-rio-de-janeiro-rj.jpg"},"basedOn":"78798cc1-7bd4-481c-bded-e63fe9419b05","id":"3b462054-1566-4356-b14b-ac7dfb5c3790"}],"animations":[{"id":"ffbcd4b4-ccb8-4666-9aee-be44d4b98ccf","type":"effect-fade-in","targets":["64955de9-e716-440b-b2ec-993a8d15761a"],"duration":3000,"delay":100}],"backgroundColor":{"color":{"r":0,"g":0,"b":0}},"type":"page","id":"0b107022-a25f-4f2a-84aa-f650982a7195","pageTemplateType":null},{"elements":[{"opacity":100,"flip":{"vertical":false,"horizontal":false},"rotationAngle":0,"lockAspectRatio":true,"x":1,"y":1,"width":1,"height":1,"mask":{"type":"rectangle"},"isBackground":true,"isDefaultBackground":true,"type":"shape","id":"2a943059-2b7c-4b72-b2c3-6a87defc966a","basedOn":"d1fcfbd8-286a-4910-80fe-f5f34411dbb2"},{"opacity":100,"flip":{"vertical":false,"horizontal":false},"rotationAngle":0,"lockAspectRatio":false,"backgroundColor":{"color":{"r":0,"g":0,"b":0}},"type":"shape","x":-50,"y":-81,"width":485,"height":432,"mask":{"type":"rectangle"},"id":"3c5c8405-a4c4-404c-ba6f-eff48c2c9f9c","link":{"needsProxy":false,"url":"https:\/\/invexo.com.br\/blog\/trilha-sao-conrado\/","rel":[],"type":"regular","pageId":null,"icon":"https:\/\/invexo.com.br\/blog\/wp-content\/uploads\/2020\/01\/garotas-na-trilha-sao-conrado-rio-de-janeiro-rj.jpg","desc":"Trilha S\u00e3o Conrado: Pedra Bonita, Garganta do C\u00e9u e P4"}},{"opacity":100,"flip":{"vertical":false,"horizontal":false},"rotationAngle":0,"lockAspectRatio":false,"backgroundColor":{"color":{"r":206,"g":158,"b":0}},"type":"shape","width":412,"height":504,"mask":{"type":"rectangle"},"basedOn":"ea0f3e8b-cf60-4356-8aab-8cfd49f370d3","id":"749d544c-58e2-4866-9548-4fc4bd8d0a4c","x":0,"y":352},{"opacity":100,"flip":{"vertical":false,"horizontal":false},"rotationAngle":0,"lockAspectRatio":false,"scale":100,"focalX":50,"focalY":50,"resource":{"type":"image","mimeType":"image\/jpeg","width":500,"height":500,"sizes":{"medium":{"file":"sao-conrado-trilhas-em-sao-conrado-rio-de-janeiro-300x300.jpg","width":300,"height":300,"filesize":37210,"mimeType":"image\/jpeg","sourceUrl":"https:\/\/invexo.com.br\/blog\/wp-content\/uploads\/2024\/04\/sao-conrado-trilhas-em-sao-conrado-rio-de-janeiro-300x300.jpg"},"thumbnail":{"file":"sao-conrado-trilhas-em-sao-conrado-rio-de-janeiro-150x150.jpg","width":150,"height":150,"filesize":11049,"mimeType":"image\/jpeg","sourceUrl":"https:\/\/invexo.com.br\/blog\/wp-content\/uploads\/2024\/04\/sao-conrado-trilhas-em-sao-conrado-rio-de-janeiro-150x150.jpg"},"web-stories-publisher-logo":{"file":"sao-conrado-trilhas-em-sao-conrado-rio-de-janeiro-96x96.jpg","width":96,"height":96,"filesize":5441,"mimeType":"image\/jpeg","sourceUrl":"https:\/\/invexo.com.br\/blog\/wp-content\/uploads\/2024\/04\/sao-conrado-trilhas-em-sao-conrado-rio-de-janeiro-96x96.jpg"},"web-stories-thumbnail":{"file":"sao-conrado-trilhas-em-sao-conrado-rio-de-janeiro-150x150.jpg","width":150,"height":150,"filesize":11049,"mimeType":"image\/jpeg","sourceUrl":"https:\/\/invexo.com.br\/blog\/wp-content\/uploads\/2024\/04\/sao-conrado-trilhas-em-sao-conrado-rio-de-janeiro-150x150.jpg"},"full":{"file":"sao-conrado-trilhas-em-sao-conrado-rio-de-janeiro.jpg","width":500,"height":500,"mimeType":"image\/jpeg","sourceUrl":"https:\/\/invexo.com.br\/blog\/wp-content\/uploads\/2024\/04\/sao-conrado-trilhas-em-sao-conrado-rio-de-janeiro.jpg"}},"isPlaceholder":false,"isExternal":false,"needsProxy":false,"baseColor":"#bd9073","blurHash":"UTKTxoP;w[$R6A-CI;M{Nys:VskX%3%MV@WV","creationDate":"2024-04-08T17:39:18","src":"https:\/\/invexo.com.br\/blog\/wp-content\/uploads\/2024\/04\/sao-conrado-trilhas-em-sao-conrado-rio-de-janeiro.jpg","id":43621,"alt":"sao-conrado-trilhas-em-sao-conrado-rio-de-janeiro","local":false},"type":"image","x":0,"y":317,"width":434,"height":384,"mask":{"type":"rectangle","showInLibrary":true,"name":"Rectangle","path":"M 0,0 1,0 1,1 0,1 0,0 Z","ratio":1,"supportsBorder":true},"id":"328b49b3-de87-4ca7-ac09-12bc9295686b","basedOn":"7ca59bac-2e08-4305-827b-66be422542df","overlay":{"type":"radial","size":{"w":0.67,"h":0.67},"stops":[{"color":{"r":0,"g":0,"b":0,"a":0},"position":0},{"color":{"r":0,"g":0,"b":0,"a":1},"position":1}],"alpha":0.2},"link":{"needsProxy":false,"url":"https:\/\/invexo.com.br\/blog\/trilha-sao-conrado\/","rel":[],"type":"regular","pageId":null,"icon":"https:\/\/invexo.com.br\/blog\/wp-content\/uploads\/2020\/01\/garotas-na-trilha-sao-conrado-rio-de-janeiro-rj.jpg","desc":"Trilha S\u00e3o Conrado: Pedra Bonita, Garganta do C\u00e9u e P4"}},{"opacity":100,"flip":{"vertical":false,"horizontal":false},"rotationAngle":0,"lockAspectRatio":true,"backgroundTextMode":"NONE","font":{"family":"Lato"},"fontSize":38,"backgroundColor":{"color":{"r":196,"g":196,"b":196}},"lineHeight":1.3,"textAlign":"initial","padding":{"locked":true,"hasHiddenPadding":false,"horizontal":0,"vertical":0},"type":"text","content":"<span style=\"font-weight: 700; color: #ce9e00; letter-spacing: 0.02em; text-transform: uppercase\">Explore S\u00e3o Conrado<\/span>","borderRadius":{"locked":true,"topLeft":2,"topRight":2,"bottomRight":2,"bottomLeft":2},"width":322,"height":95,"basedOn":"9fa9f2f5-1102-4187-b7c0-b6caf967a313","x":48,"y":0,"id":"198bdbd5-4dfc-4f7d-bedb-7a3a85ac91ff","link":{"needsProxy":false,"url":"https:\/\/invexo.com.br\/blog\/trilha-sao-conrado\/","rel":[],"type":"regular","pageId":null,"icon":"https:\/\/invexo.com.br\/blog\/wp-content\/uploads\/2020\/01\/garotas-na-trilha-sao-conrado-rio-de-janeiro-rj.jpg","desc":"Trilha S\u00e3o Conrado: Pedra Bonita, Garganta do C\u00e9u e P4"}},{"x":48,"y":117,"basedOn":"d538406c-c5c9-441a-8702-7d2111d22334","opacity":100,"flip":{"vertical":false,"horizontal":false},"rotationAngle":0,"lockAspectRatio":true,"backgroundTextMode":"NONE","font":{"family":"Hind"},"fontSize":22,"backgroundColor":{"color":{"r":196,"g":196,"b":196}},"lineHeight":1.4,"textAlign":"initial","padding":{"locked":true,"hasHiddenPadding":false,"horizontal":null,"vertical":null},"type":"text","content":"<span style=\"color: #fff\">Al\u00e9m das trilhas deslumbrantes, S\u00e3o Conrado oferece uma infinidade de atividades ao ar livre e uma qualidade de vida incompar\u00e1vel.<\/span>","borderRadius":{"locked":true,"topLeft":2,"topRight":2,"bottomRight":2,"bottomLeft":2},"width":316,"height":158,"marginOffset":-17.525,"id":"3af34ee4-28c6-45e2-b1b6-e954a2393788","link":{"needsProxy":false,"url":"https:\/\/invexo.com.br\/blog\/trilha-sao-conrado\/","rel":[],"type":"regular","pageId":null,"icon":"https:\/\/invexo.com.br\/blog\/wp-content\/uploads\/2020\/01\/garotas-na-trilha-sao-conrado-rio-de-janeiro-rj.jpg","desc":"Trilha S\u00e3o Conrado: Pedra Bonita, Garganta do C\u00e9u e P4"}},{"opacity":50,"flip":{"vertical":false,"horizontal":false},"rotationAngle":0,"lockAspectRatio":false,"scale":100,"focalX":50,"focalY":50,"resource":{"baseColor":null,"blurHash":"","type":"image","mimeType":"image\/png","creationDate":"2022-09-30T14:39:44","src":"https:\/\/invexo.com.br\/blog\/wp-content\/uploads\/2022\/09\/marca-d-agua-site-branca.png","width":200,"height":200,"id":30829,"alt":"marca-d-agua-site-branca","sizes":{"thumbnail":{"file":"marca-d-agua-site-branca-150x150.png","width":150,"height":150,"filesize":3223,"mimeType":"image\/png","sourceUrl":"https:\/\/invexo.com.br\/blog\/wp-content\/uploads\/2022\/09\/marca-d-agua-site-branca-150x150.png"},"web-stories-publisher-logo":{"file":"marca-d-agua-site-branca-96x96.png","width":96,"height":96,"filesize":2051,"mimeType":"image\/png","sourceUrl":"https:\/\/invexo.com.br\/blog\/wp-content\/uploads\/2022\/09\/marca-d-agua-site-branca-96x96.png"},"web-stories-thumbnail":{"file":"marca-d-agua-site-branca-150x150.png","width":150,"height":150,"filesize":3223,"mimeType":"image\/png","sourceUrl":"https:\/\/invexo.com.br\/blog\/wp-content\/uploads\/2022\/09\/marca-d-agua-site-branca-150x150.png"},"full":{"file":"marca-d-agua-site-branca.png","width":200,"height":200,"mimeType":"image\/png","sourceUrl":"https:\/\/invexo.com.br\/blog\/wp-content\/uploads\/2022\/09\/marca-d-agua-site-branca.png"}},"isPlaceholder":false,"isOptimized":false,"isMuted":false,"isExternal":false,"needsProxy":false},"type":"image","x":338,"y":587,"width":63,"height":67,"mask":{"type":"rectangle","showInLibrary":true,"name":"Rectangle","path":"M 0,0 1,0 1,1 0,1 0,0 Z","ratio":1,"supportsBorder":true},"link":{"needsProxy":false,"url":"https:\/\/invexo.com.br\/blog\/trilha-sao-conrado\/","rel":[],"desc":"Trilha S\u00e3o Conrado: Pedra Bonita, Garganta do C\u00e9u e P4","type":"regular","pageId":null,"icon":"https:\/\/invexo.com.br\/blog\/wp-content\/uploads\/2020\/01\/garotas-na-trilha-sao-conrado-rio-de-janeiro-rj.jpg"},"basedOn":"78798cc1-7bd4-481c-bded-e63fe9419b05","id":"1175f187-8c5e-406f-939a-ab546361bc11"}],"animations":[{"targets":["3af34ee4-28c6-45e2-b1b6-e954a2393788"],"id":"8c7acfa3-d665-4ade-afa4-36b162c1d5d3","type":"effect-fade-in","duration":3000,"delay":100}],"backgroundColor":{"color":{"r":0,"g":0,"b":0}},"type":"page","id":"1f59fc00-94b0-4c71-8699-4358b6b6c060","pageTemplateType":null},{"elements":[{"opacity":100,"flip":{"vertical":false,"horizontal":false},"rotationAngle":0,"lockAspectRatio":true,"x":1,"y":1,"width":1,"height":1,"mask":{"type":"rectangle"},"isBackground":true,"isDefaultBackground":true,"type":"shape","id":"2c0f5303-5faf-4834-86da-fcc3986b6b58","basedOn":"e0e9305e-c182-4cfe-b9fb-ba0f2ae796c5"},{"opacity":100,"flip":{"vertical":false,"horizontal":false},"rotationAngle":0,"lockAspectRatio":false,"backgroundColor":{"color":{"r":0,"g":0,"b":0}},"type":"shape","x":0,"y":-445,"width":412,"height":732,"mask":{"type":"rectangle"},"id":"bfa08f7e-cd29-496d-973b-318eb35d8d87","basedOn":"ea97f8b4-5f3d-41a0-83a1-7088caf806c6"},{"opacity":100,"flip":{"vertical":false,"horizontal":false},"rotationAngle":0,"lockAspectRatio":false,"backgroundColor":{"color":{"r":206,"g":158,"b":0,"a":1}},"type":"shape","x":-116,"y":259,"width":572,"height":20,"mask":{"type":"rectangle"},"id":"f14c8712-5d6d-4237-99b3-6993fca4aef1","basedOn":"0a31697d-612b-4cee-996f-2aae46fdcef7"},{"opacity":100,"flip":{"vertical":false,"horizontal":false},"rotationAngle":0,"lockAspectRatio":false,"scale":100,"focalX":49.95861406197534,"focalY":57.11739835759588,"resource":{"type":"image","mimeType":"image\/jpeg","width":500,"height":500,"sizes":{"medium":{"file":"experiencia-trilhas-em-sao-conrado-rio-de-janeiro-300x300.jpg","width":300,"height":300,"filesize":24877,"mimeType":"image\/jpeg","sourceUrl":"https:\/\/invexo.com.br\/blog\/wp-content\/uploads\/2024\/04\/experiencia-trilhas-em-sao-conrado-rio-de-janeiro-300x300.jpg"},"thumbnail":{"file":"experiencia-trilhas-em-sao-conrado-rio-de-janeiro-150x150.jpg","width":150,"height":150,"filesize":8384,"mimeType":"image\/jpeg","sourceUrl":"https:\/\/invexo.com.br\/blog\/wp-content\/uploads\/2024\/04\/experiencia-trilhas-em-sao-conrado-rio-de-janeiro-150x150.jpg"},"web-stories-publisher-logo":{"file":"experiencia-trilhas-em-sao-conrado-rio-de-janeiro-96x96.jpg","width":96,"height":96,"filesize":4455,"mimeType":"image\/jpeg","sourceUrl":"https:\/\/invexo.com.br\/blog\/wp-content\/uploads\/2024\/04\/experiencia-trilhas-em-sao-conrado-rio-de-janeiro-96x96.jpg"},"web-stories-thumbnail":{"file":"experiencia-trilhas-em-sao-conrado-rio-de-janeiro-150x150.jpg","width":150,"height":150,"filesize":8384,"mimeType":"image\/jpeg","sourceUrl":"https:\/\/invexo.com.br\/blog\/wp-content\/uploads\/2024\/04\/experiencia-trilhas-em-sao-conrado-rio-de-janeiro-150x150.jpg"},"full":{"file":"experiencia-trilhas-em-sao-conrado-rio-de-janeiro.jpg","width":500,"height":500,"mimeType":"image\/jpeg","sourceUrl":"https:\/\/invexo.com.br\/blog\/wp-content\/uploads\/2024\/04\/experiencia-trilhas-em-sao-conrado-rio-de-janeiro.jpg"}},"isPlaceholder":false,"isExternal":false,"needsProxy":false,"baseColor":"#72aac2","blurHash":"UjFtA@=@MxD*T#MxtRxaOtM}RjtRtSo}j]ad","creationDate":"2024-04-08T17:40:51","src":"https:\/\/invexo.com.br\/blog\/wp-content\/uploads\/2024\/04\/experiencia-trilhas-em-sao-conrado-rio-de-janeiro.jpg","id":43622,"alt":"experiencia-trilhas-em-sao-conrado-rio-de-janeiro","local":false},"type":"image","x":-17,"y":-114,"width":446,"height":383,"mask":{"type":"rectangle","showInLibrary":true,"name":"Rectangle","path":"M 0,0 1,0 1,1 0,1 0,0 Z","ratio":1,"supportsBorder":true},"id":"bcab5106-bfd0-446d-a6e8-7800bbe034b7","overlay":{"type":"radial","size":{"w":0.67,"h":0.67},"stops":[{"color":{"r":0,"g":0,"b":0,"a":0},"position":0},{"color":{"r":0,"g":0,"b":0,"a":1},"position":1}],"alpha":0.2},"link":{"needsProxy":false,"url":"https:\/\/invexo.com.br\/blog\/trilha-sao-conrado\/","rel":[],"type":"regular","pageId":null,"icon":"https:\/\/invexo.com.br\/blog\/wp-content\/uploads\/2020\/01\/garotas-na-trilha-sao-conrado-rio-de-janeiro-rj.jpg","desc":"Trilha S\u00e3o Conrado: Pedra Bonita, Garganta do C\u00e9u e P4"}},{"opacity":100,"flip":{"vertical":false,"horizontal":false},"rotationAngle":0,"lockAspectRatio":true,"backgroundTextMode":"NONE","font":{"family":"Lato"},"fontSize":40,"backgroundColor":{"color":{"r":196,"g":196,"b":196}},"lineHeight":1.2,"textAlign":"initial","padding":{"locked":true,"hasHiddenPadding":false,"horizontal":null,"vertical":null},"type":"text","content":"<span style=\"font-weight: 700; color: #ce9e00; letter-spacing: 0.02em; text-transform: uppercase\">Viva a experi\u00eancia<\/span>","borderRadius":{"locked":true,"topLeft":2,"topRight":2,"bottomRight":2,"bottomLeft":2},"width":322,"height":96,"basedOn":"198bdbd5-4dfc-4f7d-bedb-7a3a85ac91ff","x":48,"y":309,"id":"5e33ae1b-0410-4dae-a70b-9a95202dd5ad","link":{"needsProxy":false,"url":"https:\/\/invexo.com.br\/blog\/trilha-sao-conrado\/","rel":[],"type":"regular","pageId":null,"icon":"https:\/\/invexo.com.br\/blog\/wp-content\/uploads\/2020\/01\/garotas-na-trilha-sao-conrado-rio-de-janeiro-rj.jpg","desc":"Trilha S\u00e3o Conrado: Pedra Bonita, Garganta do C\u00e9u e P4"}},{"x":48,"y":431,"basedOn":"3af34ee4-28c6-45e2-b1b6-e954a2393788","opacity":100,"flip":{"vertical":false,"horizontal":false},"rotationAngle":0,"lockAspectRatio":true,"backgroundTextMode":"NONE","font":{"family":"Hind"},"fontSize":22,"backgroundColor":{"color":{"r":196,"g":196,"b":196}},"lineHeight":1.4,"textAlign":"initial","padding":{"locked":true,"hasHiddenPadding":false,"horizontal":null,"vertical":null},"type":"text","content":"<span style=\"color: #fff\">Explore as trilhas, voe pelos c\u00e9us e descubra o encanto natural de S\u00e3o Conrado. Seja voc\u00ea um morador ou visitante, h\u00e1 sempre algo novo para descobrir neste para\u00edso da natureza.<\/span>","borderRadius":{"locked":true,"topLeft":2,"topRight":2,"bottomRight":2,"bottomLeft":2},"width":316,"height":189,"marginOffset":-17.525,"id":"b9cdfe6d-9835-4ace-bbf5-c6c069042040","link":{"needsProxy":false,"url":"https:\/\/invexo.com.br\/blog\/trilha-sao-conrado\/","rel":[],"type":"regular","pageId":null,"icon":"https:\/\/invexo.com.br\/blog\/wp-content\/uploads\/2020\/01\/garotas-na-trilha-sao-conrado-rio-de-janeiro-rj.jpg","desc":"Trilha S\u00e3o Conrado: Pedra Bonita, Garganta do C\u00e9u e P4"}},{"opacity":50,"flip":{"vertical":false,"horizontal":false},"rotationAngle":0,"lockAspectRatio":false,"scale":100,"focalX":50,"focalY":50,"resource":{"baseColor":null,"blurHash":"","type":"image","mimeType":"image\/png","creationDate":"2022-09-30T14:39:44","src":"https:\/\/invexo.com.br\/blog\/wp-content\/uploads\/2022\/09\/marca-d-agua-site-branca.png","width":200,"height":200,"id":30829,"alt":"marca-d-agua-site-branca","sizes":{"thumbnail":{"file":"marca-d-agua-site-branca-150x150.png","width":150,"height":150,"filesize":3223,"mimeType":"image\/png","sourceUrl":"https:\/\/invexo.com.br\/blog\/wp-content\/uploads\/2022\/09\/marca-d-agua-site-branca-150x150.png"},"web-stories-publisher-logo":{"file":"marca-d-agua-site-branca-96x96.png","width":96,"height":96,"filesize":2051,"mimeType":"image\/png","sourceUrl":"https:\/\/invexo.com.br\/blog\/wp-content\/uploads\/2022\/09\/marca-d-agua-site-branca-96x96.png"},"web-stories-thumbnail":{"file":"marca-d-agua-site-branca-150x150.png","width":150,"height":150,"filesize":3223,"mimeType":"image\/png","sourceUrl":"https:\/\/invexo.com.br\/blog\/wp-content\/uploads\/2022\/09\/marca-d-agua-site-branca-150x150.png"},"full":{"file":"marca-d-agua-site-branca.png","width":200,"height":200,"mimeType":"image\/png","sourceUrl":"https:\/\/invexo.com.br\/blog\/wp-content\/uploads\/2022\/09\/marca-d-agua-site-branca.png"}},"isPlaceholder":false,"isOptimized":false,"isMuted":false,"isExternal":false,"needsProxy":false},"type":"image","x":338,"y":587,"width":63,"height":67,"mask":{"type":"rectangle","showInLibrary":true,"name":"Rectangle","path":"M 0,0 1,0 1,1 0,1 0,0 Z","ratio":1,"supportsBorder":true},"link":{"needsProxy":false,"url":"https:\/\/invexo.com.br\/blog\/trilha-sao-conrado\/","rel":[],"type":"regular","pageId":null,"icon":"https:\/\/invexo.com.br\/blog\/wp-content\/uploads\/2020\/01\/garotas-na-trilha-sao-conrado-rio-de-janeiro-rj.jpg","desc":"Trilha S\u00e3o Conrado: Pedra Bonita, Garganta do C\u00e9u e P4"},"basedOn":"78798cc1-7bd4-481c-bded-e63fe9419b05","id":"3f7eb1b1-f175-4bc7-821d-b365e2b13639"}],"animations":[{"targets":["b9cdfe6d-9835-4ace-bbf5-c6c069042040"],"id":"aa9c553d-b57a-425a-9011-2af195ff92fc","type":"effect-fade-in","duration":3000,"delay":100}],"backgroundColor":{"color":{"r":0,"g":0,"b":0}},"type":"page","id":"f3843afa-3666-43e2-9a11-89ea6e6fdd8a","pageTemplateType":"cover"},{"elements":[{"opacity":100,"flip":{"vertical":false,"horizontal":false},"rotationAngle":0,"lockAspectRatio":true,"backgroundColor":{"color":{"r":196,"g":196,"b":196}},"x":1,"y":1,"width":1,"height":1,"mask":{"type":"rectangle"},"isBackground":true,"isDefaultBackground":true,"id":"1781fb62-f7fb-4a7e-8944-2368a91f69e5","type":"shape"},{"opacity":100,"flip":{"vertical":false,"horizontal":false},"rotationAngle":0,"lockAspectRatio":false,"backgroundColor":{"color":{"r":0,"g":0,"b":0}},"x":-8,"y":-116,"width":432,"height":368,"mask":{"type":"rectangle"},"id":"394c94ba-71cb-4013-bf0e-e62aab34ada9","type":"shape","link":{"needsProxy":false,"url":"https:\/\/invexo.com.br\/blog\/trilha-sao-conrado\/","rel":[],"type":"regular","pageId":null,"icon":"https:\/\/invexo.com.br\/blog\/wp-content\/uploads\/2020\/01\/garotas-na-trilha-sao-conrado-rio-de-janeiro-rj.jpg","desc":"Trilha S\u00e3o Conrado: Pedra Bonita, Garganta do C\u00e9u e P4"}},{"opacity":100,"flip":{"vertical":false,"horizontal":false},"rotationAngle":90,"lockAspectRatio":false,"backgroundColor":{"color":{"r":206,"g":158,"b":0,"a":1}},"x":184,"y":134,"width":481,"height":52,"mask":{"type":"rectangle"},"basedOn":"0a31697d-612b-4cee-996f-2aae46fdcef7","id":"47c5d110-7ec3-4c22-a5b7-31ec91696ac4","type":"shape"},{"opacity":100,"flip":{"vertical":false,"horizontal":false},"rotationAngle":0,"lockAspectRatio":false,"scale":100,"focalX":50,"focalY":50,"resource":{"type":"image","mimeType":"image\/jpeg","width":500,"height":500,"sizes":{"medium":{"file":"sala-conheca-o-boteco-boa-praca-rio-de-janeiro-300x300.jpg","width":300,"height":300,"filesize":18556,"mimeType":"image\/jpeg","sourceUrl":"https:\/\/invexo.com.br\/blog\/wp-content\/uploads\/2023\/11\/sala-conheca-o-boteco-boa-praca-rio-de-janeiro-300x300.jpg"},"thumbnail":{"file":"sala-conheca-o-boteco-boa-praca-rio-de-janeiro-150x150.jpg","width":150,"height":150,"filesize":6504,"mimeType":"image\/jpeg","sourceUrl":"https:\/\/invexo.com.br\/blog\/wp-content\/uploads\/2023\/11\/sala-conheca-o-boteco-boa-praca-rio-de-janeiro-150x150.jpg"},"web-stories-publisher-logo":{"file":"sala-conheca-o-boteco-boa-praca-rio-de-janeiro-96x96.jpg","width":96,"height":96,"filesize":3670,"mimeType":"image\/jpeg","sourceUrl":"https:\/\/invexo.com.br\/blog\/wp-content\/uploads\/2023\/11\/sala-conheca-o-boteco-boa-praca-rio-de-janeiro-96x96.jpg"},"web-stories-thumbnail":{"file":"sala-conheca-o-boteco-boa-praca-rio-de-janeiro-150x150.jpg","width":150,"height":150,"filesize":6504,"mimeType":"image\/jpeg","sourceUrl":"https:\/\/invexo.com.br\/blog\/wp-content\/uploads\/2023\/11\/sala-conheca-o-boteco-boa-praca-rio-de-janeiro-150x150.jpg"},"full":{"file":"sala-conheca-o-boteco-boa-praca-rio-de-janeiro.jpg","width":500,"height":500,"mimeType":"image\/jpeg","sourceUrl":"https:\/\/invexo.com.br\/blog\/wp-content\/uploads\/2023\/11\/sala-conheca-o-boteco-boa-praca-rio-de-janeiro.jpg"}},"isPlaceholder":false,"isExternal":false,"needsProxy":false,"baseColor":"#c5c4c2","blurHash":"UJLqX?tn%gIU?wjvnht6r?M{R*ofR*t6jYtR","creationDate":"2023-11-14T17:52:36","src":"https:\/\/invexo.com.br\/blog\/wp-content\/uploads\/2023\/11\/sala-conheca-o-boteco-boa-praca-rio-de-janeiro.jpg","id":42432,"alt":"Sala Conhe\u00e7a o Boteco Boa Pra\u00e7a Rio de Janeiro","local":false},"x":-5,"y":365,"width":432,"height":318,"mask":{"type":"rectangle","showInLibrary":true,"name":"Rectangle","path":"M 0,0 1,0 1,1 0,1 0,0 Z","ratio":1,"supportsBorder":true},"id":"d6b9a276-dd40-4177-834e-2eda6c7ad891","link":{"needsProxy":false,"url":"https:\/\/invexo.com.br\/blog\/trilha-sao-conrado\/","rel":[],"icon":"https:\/\/invexo.com.br\/blog\/wp-content\/uploads\/2020\/01\/garotas-na-trilha-sao-conrado-rio-de-janeiro-rj.jpg","desc":"Trilha S\u00e3o Conrado: Pedra Bonita, Garganta do C\u00e9u e P4","type":"regular","pageId":null},"type":"image","overlay":{"type":"radial","size":{"w":0.67,"h":0.67},"stops":[{"color":{"r":0,"g":0,"b":0,"a":0},"position":0},{"color":{"r":0,"g":0,"b":0,"a":1},"position":1}],"alpha":0.2}},{"opacity":100,"flip":{"vertical":false,"horizontal":false},"rotationAngle":0,"lockAspectRatio":true,"backgroundTextMode":"NONE","font":{"family":"Lato"},"fontSize":40,"backgroundColor":{"color":{"r":196,"g":196,"b":196}},"lineHeight":1.2,"textAlign":"initial","padding":{"locked":true,"hasHiddenPadding":false,"horizontal":null,"vertical":null},"content":"<span style=\"font-weight: 700; color: #ce9e00; letter-spacing: 0.02em; text-transform: uppercase\">IM\u00d3VEIS DE LUXO<\/span>","borderRadius":{"locked":true,"topLeft":2,"topRight":2,"bottomRight":2,"bottomLeft":2},"width":322,"height":96,"basedOn":"810c35ee-8652-4cd2-95bc-8730d8623de1","x":47,"y":0,"id":"93e39eca-3b74-431b-abdd-7b49c9831c66","type":"text","link":{"needsProxy":false,"url":"https:\/\/invexo.com.br\/blog\/trilha-sao-conrado\/","rel":[],"type":"regular","pageId":null,"icon":"https:\/\/invexo.com.br\/blog\/wp-content\/uploads\/2020\/01\/garotas-na-trilha-sao-conrado-rio-de-janeiro-rj.jpg","desc":"Trilha S\u00e3o Conrado: Pedra Bonita, Garganta do C\u00e9u e P4"}},{"opacity":100,"flip":{"vertical":false,"horizontal":false},"rotationAngle":0,"lockAspectRatio":true,"backgroundTextMode":"NONE","font":{"family":"Hind"},"fontSize":22,"backgroundColor":{"color":{"r":196,"g":196,"b":196}},"lineHeight":1.4,"textAlign":"initial","padding":{"locked":true,"hasHiddenPadding":false,"horizontal":null,"vertical":null},"x":48,"y":114,"basedOn":"066f7c7f-ba73-4976-8d46-b9fdee662241","content":"<span style=\"color: #fff\">Somos a INVEXO, uma imobili\u00e1ria especializada nos bairros nobres do Rio de Janeiro, com um cat\u00e1logo composto pelos melhores im\u00f3veis de luxo da regi\u00e3o. Acesse nosso site agora mesmo!<\/span>","borderRadius":{"locked":true,"topLeft":2,"topRight":2,"bottomRight":2,"bottomLeft":2},"width":314,"height":220,"marginOffset":-17.525,"id":"bdea904d-570b-49f9-ba72-7406ab859160","type":"text","link":{"needsProxy":false,"url":"https:\/\/invexo.com.br\/blog\/trilha-sao-conrado\/","rel":[],"type":"regular","pageId":null,"icon":"https:\/\/invexo.com.br\/blog\/wp-content\/uploads\/2020\/01\/garotas-na-trilha-sao-conrado-rio-de-janeiro-rj.jpg","desc":"Trilha S\u00e3o Conrado: Pedra Bonita, Garganta do C\u00e9u e P4"}},{"opacity":50,"flip":{"vertical":false,"horizontal":false},"rotationAngle":0,"lockAspectRatio":false,"scale":100,"focalX":50,"focalY":50,"resource":{"baseColor":null,"blurHash":"","type":"image","mimeType":"image\/png","creationDate":"2022-09-30T14:39:44","src":"https:\/\/invexo.com.br\/blog\/wp-content\/uploads\/2022\/09\/marca-d-agua-site-branca.png","width":200,"height":200,"id":30829,"alt":"marca-d-agua-site-branca","sizes":{"thumbnail":{"file":"marca-d-agua-site-branca-150x150.png","width":150,"height":150,"filesize":3223,"mimeType":"image\/png","sourceUrl":"https:\/\/invexo.com.br\/blog\/wp-content\/uploads\/2022\/09\/marca-d-agua-site-branca-150x150.png"},"web-stories-publisher-logo":{"file":"marca-d-agua-site-branca-96x96.png","width":96,"height":96,"filesize":2051,"mimeType":"image\/png","sourceUrl":"https:\/\/invexo.com.br\/blog\/wp-content\/uploads\/2022\/09\/marca-d-agua-site-branca-96x96.png"},"web-stories-thumbnail":{"file":"marca-d-agua-site-branca-150x150.png","width":150,"height":150,"filesize":3223,"mimeType":"image\/png","sourceUrl":"https:\/\/invexo.com.br\/blog\/wp-content\/uploads\/2022\/09\/marca-d-agua-site-branca-150x150.png"},"full":{"file":"marca-d-agua-site-branca.png","width":200,"height":200,"mimeType":"image\/png","sourceUrl":"https:\/\/invexo.com.br\/blog\/wp-content\/uploads\/2022\/09\/marca-d-agua-site-branca.png"}},"isPlaceholder":false,"isOptimized":false,"isMuted":false,"isExternal":false,"needsProxy":false},"x":338,"y":587,"width":63,"height":67,"mask":{"type":"rectangle","showInLibrary":true,"name":"Rectangle","path":"M 0,0 1,0 1,1 0,1 0,0 Z","ratio":1,"supportsBorder":true},"basedOn":"78798cc1-7bd4-481c-bded-e63fe9419b05","id":"794fb5cd-fcae-46db-8fee-125aee87a5da","type":"image","link":{"needsProxy":false,"url":"https:\/\/invexo.com.br\/blog\/trilha-sao-conrado\/","rel":[],"type":"regular","pageId":null,"icon":"https:\/\/invexo.com.br\/blog\/wp-content\/uploads\/2020\/01\/garotas-na-trilha-sao-conrado-rio-de-janeiro-rj.jpg","desc":"Trilha S\u00e3o Conrado: Pedra Bonita, Garganta do C\u00e9u e P4"}}],"backgroundColor":{"color":{"r":0,"g":0,"b":0}},"animations":[{"targets":["bdea904d-570b-49f9-ba72-7406ab859160"],"id":"5f813398-a4b9-4694-a2ae-abc237b3eff8","type":"effect-fade-in","duration":3000,"delay":100}],"type":"page","id":"475ef729-9e3d-4503-89aa-d71b10d8d780","pageTemplateType":"editorial","groups":{"549c8bc9-bfbd-43a7-9ba6-0a7feb16951f":{"name":"Map","isLocked":false,"isCollapsed":true},"4e88ac63-e02c-4436-92c4-935b22f0e871":{"name":"Header","isLocked":false,"isCollapsed":true}}},{"elements":[{"opacity":100,"flip":{"vertical":false,"horizontal":false},"rotationAngle":0,"lockAspectRatio":true,"x":1,"y":1,"width":1,"height":1,"mask":{"type":"rectangle"},"isBackground":true,"isDefaultBackground":true,"type":"shape","id":"a225b838-7753-4c74-bb62-c46d6b4c4bff","basedOn":"bda53716-b8da-422c-b0ab-320a08c7a93f"},{"opacity":100,"flip":{"vertical":false,"horizontal":false},"rotationAngle":0,"lockAspectRatio":false,"backgroundColor":{"color":{"r":0,"g":0,"b":0}},"type":"shape","x":0,"y":-445,"width":412,"height":732,"mask":{"type":"rectangle"},"id":"d098bc40-0978-48a2-8fcf-38221ba821bd","basedOn":"fa06c2f5-258e-4714-82fc-7979d3d20057","link":{"needsProxy":false,"url":"https:\/\/invexo.com.br\/blog\/trilha-sao-conrado\/","rel":[],"type":"regular","pageId":null,"icon":"https:\/\/invexo.com.br\/blog\/wp-content\/uploads\/2020\/01\/garotas-na-trilha-sao-conrado-rio-de-janeiro-rj.jpg","desc":"Trilha S\u00e3o Conrado: Pedra Bonita, Garganta do C\u00e9u e P4"}},{"opacity":100,"flip":{"vertical":false,"horizontal":false},"rotationAngle":0,"lockAspectRatio":true,"backgroundTextMode":"NONE","font":{"family":"Roboto"},"fontSize":30,"backgroundColor":{"color":{"r":196,"g":196,"b":196}},"lineHeight":1.5,"textAlign":"center","padding":{"locked":true,"hasHiddenPadding":false,"horizontal":0,"vertical":0},"type":"text","content":"<span style=\"font-weight: 700; color: #fff\">LEIA MAIS SOBRE <\/span><span style=\"font-weight: 700; color: #ce9e00\">TRILHAS DE S\u00c3O CONRADO<\/span>","borderRadius":{"locked":true,"topLeft":2,"topRight":2,"bottomRight":2,"bottomLeft":2},"x":39,"y":216,"width":333,"height":125,"id":"898d3c9a-e589-4ea7-86c1-2ead205e6fd1","link":{"needsProxy":false,"url":"https:\/\/invexo.com.br\/blog\/trilha-sao-conrado\/","rel":[],"type":"regular","pageId":null,"icon":"https:\/\/invexo.com.br\/blog\/wp-content\/uploads\/2020\/01\/garotas-na-trilha-sao-conrado-rio-de-janeiro-rj.jpg","desc":"Trilha S\u00e3o Conrado: Pedra Bonita, Garganta do C\u00e9u e P4"}},{"opacity":100,"flip":{"vertical":false,"horizontal":false},"rotationAngle":0,"lockAspectRatio":false,"backgroundColor":{"color":{"r":206,"g":158,"b":0}},"type":"shape","x":73.5,"y":373,"width":263,"height":48,"mask":{"type":"rectangle"},"id":"802116a6-52d1-47d4-a094-b586b6e674d7","borderRadius":{"locked":true,"topLeft":10,"topRight":10,"bottomRight":10,"bottomLeft":10},"link":{"needsProxy":false,"url":"https:\/\/invexo.com.br\/blog\/trilha-sao-conrado\/","rel":[],"type":"regular","pageId":null,"icon":"https:\/\/invexo.com.br\/blog\/wp-content\/uploads\/2020\/01\/garotas-na-trilha-sao-conrado-rio-de-janeiro-rj.jpg","desc":"Trilha S\u00e3o Conrado: Pedra Bonita, Garganta do C\u00e9u e P4"}},{"opacity":100,"flip":{"vertical":false,"horizontal":false},"rotationAngle":0,"lockAspectRatio":true,"backgroundTextMode":"NONE","font":{"family":"Roboto"},"fontSize":30,"backgroundColor":{"color":{"r":196,"g":196,"b":196}},"lineHeight":1.2,"textAlign":"center","padding":{"locked":true,"hasHiddenPadding":false,"horizontal":0,"vertical":0},"type":"text","content":"<span style=\"font-weight: 700; color: #fff\">CONTINUE LENDO<\/span>","borderRadius":{"locked":true,"topLeft":2,"topRight":2,"bottomRight":2,"bottomLeft":2},"x":40,"y":379,"width":333,"height":35,"basedOn":"898d3c9a-e589-4ea7-86c1-2ead205e6fd1","id":"05ed305b-b192-4126-831f-a75e781f939d","link":{"needsProxy":false,"url":"https:\/\/invexo.com.br\/blog\/trilha-sao-conrado\/","rel":[],"type":"regular","pageId":null,"icon":"https:\/\/invexo.com.br\/blog\/wp-content\/uploads\/2020\/01\/garotas-na-trilha-sao-conrado-rio-de-janeiro-rj.jpg","desc":"Trilha S\u00e3o Conrado: Pedra Bonita, Garganta do C\u00e9u e P4"}},{"opacity":100,"flip":{"vertical":false,"horizontal":false},"rotationAngle":0,"lockAspectRatio":false,"backgroundColor":{"color":{"r":206,"g":158,"b":0,"a":1}},"type":"shape","x":-159,"y":-67,"width":572,"height":20,"mask":{"type":"rectangle"},"basedOn":"f14c8712-5d6d-4237-99b3-6993fca4aef1","id":"bec7c0a0-89a4-4c15-abb9-59d85739481c"},{"opacity":100,"flip":{"vertical":false,"horizontal":false},"rotationAngle":0,"lockAspectRatio":false,"backgroundColor":{"color":{"r":206,"g":158,"b":0,"a":1}},"type":"shape","x":-144,"y":665,"width":572,"height":20,"mask":{"type":"rectangle"},"basedOn":"bec7c0a0-89a4-4c15-abb9-59d85739481c","id":"2b3d6c4a-ad78-4841-a997-a49f68abfb76"},{"opacity":50,"flip":{"vertical":false,"horizontal":false},"rotationAngle":0,"lockAspectRatio":false,"scale":100,"focalX":50,"focalY":50,"resource":{"baseColor":null,"blurHash":"","type":"image","mimeType":"image\/png","creationDate":"2022-09-30T14:39:44","src":"https:\/\/invexo.com.br\/blog\/wp-content\/uploads\/2022\/09\/marca-d-agua-site-branca.png","width":200,"height":200,"id":30829,"alt":"marca-d-agua-site-branca","sizes":{"thumbnail":{"file":"marca-d-agua-site-branca-150x150.png","width":150,"height":150,"filesize":3223,"mimeType":"image\/png","sourceUrl":"https:\/\/invexo.com.br\/blog\/wp-content\/uploads\/2022\/09\/marca-d-agua-site-branca-150x150.png"},"web-stories-publisher-logo":{"file":"marca-d-agua-site-branca-96x96.png","width":96,"height":96,"filesize":2051,"mimeType":"image\/png","sourceUrl":"https:\/\/invexo.com.br\/blog\/wp-content\/uploads\/2022\/09\/marca-d-agua-site-branca-96x96.png"},"web-stories-thumbnail":{"file":"marca-d-agua-site-branca-150x150.png","width":150,"height":150,"filesize":3223,"mimeType":"image\/png","sourceUrl":"https:\/\/invexo.com.br\/blog\/wp-content\/uploads\/2022\/09\/marca-d-agua-site-branca-150x150.png"},"full":{"file":"marca-d-agua-site-branca.png","width":200,"height":200,"mimeType":"image\/png","sourceUrl":"https:\/\/invexo.com.br\/blog\/wp-content\/uploads\/2022\/09\/marca-d-agua-site-branca.png"}},"isPlaceholder":false,"isOptimized":false,"isMuted":false,"isExternal":false,"needsProxy":false},"type":"image","x":338,"y":587,"width":63,"height":67,"mask":{"type":"rectangle","showInLibrary":true,"name":"Rectangle","path":"M 0,0 1,0 1,1 0,1 0,0 Z","ratio":1,"supportsBorder":true},"link":{"needsProxy":false,"url":"https:\/\/invexo.com.br\/blog\/trilha-sao-conrado\/","rel":[],"desc":"Trilha S\u00e3o Conrado: Pedra Bonita, Garganta do C\u00e9u e P4","type":"regular","pageId":null,"icon":"https:\/\/invexo.com.br\/blog\/wp-content\/uploads\/2020\/01\/garotas-na-trilha-sao-conrado-rio-de-janeiro-rj.jpg"},"basedOn":"78798cc1-7bd4-481c-bded-e63fe9419b05","id":"d4e786b0-5ac8-4f48-819e-9b71d6d69e9c"}],"animations":[],"backgroundColor":{"color":{"r":0,"g":0,"b":0}},"type":"page","id":"1584d716-21a1-416b-b5c0-bfd0d622eb62","pageTemplateType":"cover","pageAttachment":{"url":"","icon":"https:\/\/invexo.com.br\/blog\/wp-content\/uploads\/2021\/10\/bairros-nobres-do-rio-de-janeiro-rj-brasil.jpg","needsProxy":false,"ctaText":"LEIA MAIS","theme":"light"}}],"fonts":{"Lato":{"family":"Lato","fallbacks":["sans-serif"],"weights":[100,300,400,700,900],"styles":["italic","regular"],"variants":[[0,100],[1,100],[0,300],[1,300],[0,400],[1,400],[0,700],[1,700],[0,900],[1,900]],"service":"fonts.google.com","metrics":{"upm":2000,"asc":1974,"des":-426,"tAsc":1610,"tDes":-390,"tLGap":400,"wAsc":1974,"wDes":426,"xH":1013,"capH":1433,"yMin":-365,"yMax":1837,"hAsc":1974,"hDes":-426,"lGap":0}},"Hind":{"family":"Hind","fallbacks":["sans-serif"],"weights":[300,400,500,600,700],"styles":["regular"],"variants":[[0,300],[0,400],[0,500],[0,600],[0,700]],"service":"fonts.google.com","metrics":{"upm":1000,"asc":1055,"des":-546,"tAsc":1055,"tDes":-546,"tLGap":0,"wAsc":1055,"wDes":546,"xH":505,"capH":679,"yMin":-440,"yMax":1003,"hAsc":1055,"hDes":-546,"lGap":0}},"Roboto":{"family":"Roboto","fallbacks":["sans-serif"],"weights":[100,300,400,500,700,900],"styles":["italic","regular"],"variants":[[0,100],[1,100],[0,300],[1,300],[0,400],[1,400],[0,500],[1,500],[0,700],[1,700],[0,900],[1,900]],"service":"fonts.google.com","metrics":{"upm":2048,"asc":1900,"des":-500,"tAsc":1536,"tDes":-512,"tLGap":102,"wAsc":1946,"wDes":512,"xH":1082,"capH":1456,"yMin":-555,"yMax":2163,"hAsc":1900,"hDes":-500,"lGap":0}}},"autoAdvance":true,"defaultPageDuration":7,"currentStoryStyles":{"colors":[{"color":{"r":25,"g":88,"b":77}},{"color":{"r":0,"g":0,"b":0}},{"color":{"r":55,"g":68,"b":86}},{"color":{"r":255,"g":255,"b":255}},{"color":{"r":183,"g":191,"b":201}},{"color":{"r":111,"g":127,"b":148}}]}},"story_poster":{"id":43626,"url":"https:\/\/invexo.com.br\/blog\/wp-content\/uploads\/2024\/04\/cropped-trilha-trilhas-em-sao-conrado-rio-de-janeiro3.jpg","width":640,"height":853,"needsProxy":false},"_links":{"self":[{"href":"https:\/\/invexo.com.br\/blog\/wp-json\/web-stories\/v1\/web-story\/43614"}],"collection":[{"href":"https:\/\/invexo.com.br\/blog\/wp-json\/web-stories\/v1\/web-story"}],"about":[{"href":"https:\/\/invexo.com.br\/blog\/wp-json\/wp\/v2\/types\/web-story"}],"author":[{"embeddable":true,"href":"https:\/\/invexo.com.br\/blog\/wp-json\/web-stories\/v1\/users\/2"}],"version-history":[{"count":4,"href":"https:\/\/invexo.com.br\/blog\/wp-json\/web-stories\/v1\/web-story\/43614\/revisions"}],"predecessor-version":[{"id":43630,"href":"https:\/\/invexo.com.br\/blog\/wp-json\/web-stories\/v1\/web-story\/43614\/revisions\/43630"}],"wp:featuredmedia":[{"embeddable":true,"href":"https:\/\/invexo.com.br\/blog\/wp-json\/web-stories\/v1\/media\/43626"}],"wp:attachment":[{"href":"https:\/\/invexo.com.br\/blog\/wp-json\/web-stories\/v1\/media?parent=43614"}],"wp:term":[{"taxonomy":"web_story_category","embeddable":true,"href":"https:\/\/invexo.com.br\/blog\/wp-json\/web-stories\/v1\/web_story_category?post=43614"},{"taxonomy":"web_story_tag","embeddable":true,"href":"https:\/\/invexo.com.br\/blog\/wp-json\/web-stories\/v1\/web_story_tag?post=43614"}],"wp:lock":[{"embeddable":true,"href":"https:\/\/invexo.com.br\/blog\/wp-json\/web-stories\/v1\/web-story\/43614\/lock"}],"wp:publisherlogo":[{"embeddable":true,"href":"https:\/\/invexo.com.br\/blog\/wp-json\/web-stories\/v1\/media\/26279"}],"curies":[{"name":"wp","href":"https:\/\/api.w.org\/{rel}","templated":true}]}}