{"id":37316,"date":"2023-03-31T17:00:00","date_gmt":"2023-03-31T20:00:00","guid":{"rendered":"https:\/\/invexo.com.br\/blog\/?post_type=web-story&#038;p=37316"},"modified":"2023-03-29T13:23:23","modified_gmt":"2023-03-29T16:23:23","slug":"apartamentos-leblon","status":"publish","type":"web-story","link":"https:\/\/invexo.com.br\/blog\/web-stories\/apartamentos-leblon\/","title":{"rendered":"Apartamentos \u00e0 venda no Leblon, Rio de Janeiro"},"content":{"rendered":"<p><html amp=\"\" lang=\"en\"><head><meta charSet=\"utf-8\"\/><meta name=\"viewport\" content=\"width=device-width,minimum-scale=1,initial-scale=1\"\/><script async=\"\" src=\"https:\/\/cdn.ampproject.org\/v0.js\"><\/script><script async=\"\" src=\"https:\/\/cdn.ampproject.org\/v0\/amp-story-1.0.js\" custom-element=\"amp-story\"><\/script><link href=\"https:\/\/fonts.googleapis.com\/css2?display=swap&amp;family=Lato%3Awght%40700&amp;family=Hind%3Awght%40400%3B600&amp;family=Roboto%3Awght%40700\" rel=\"stylesheet\"\/>\n<style amp-boilerplate=\"\">body{-webkit-animation:-amp-start 8s steps(1,end) 0s 1 normal both;-moz-animation:-amp-start 8s steps(1,end) 0s 1 normal both;-ms-animation:-amp-start 8s steps(1,end) 0s 1 normal both;animation:-amp-start 8s steps(1,end) 0s 1 normal both}@-webkit-keyframes -amp-start{from{visibility:hidden}to{visibility:visible}}@-moz-keyframes -amp-start{from{visibility:hidden}to{visibility:visible}}@-ms-keyframes -amp-start{from{visibility:hidden}to{visibility:visible}}@-o-keyframes -amp-start{from{visibility:hidden}to{visibility:visible}}@keyframes -amp-start{from{visibility:hidden}to{visibility:visible}}<\/style>\n<p><noscript><\/p>\n<style amp-boilerplate=\"\">body{-webkit-animation:none;-moz-animation:none;-ms-animation:none;animation:none}<\/style>\n<p><\/noscript><\/p>\n<style amp-custom=\"\">\n              h1, h2, h3 { font-weight: normal; }<\/p>\n<p>              amp-story-page {\n                background-color: #131516;\n              }<\/p>\n<p>              amp-story-grid-layer {\n                overflow: visible;\n              }<\/p>\n<p>              @media (max-aspect-ratio: 9 \/ 16)  {\n                @media (min-aspect-ratio: 320 \/ 678) {\n                  amp-story-grid-layer.grid-layer {\n                    margin-top: calc((100% \/ 0.5625 - 100% \/ 0.6666666666666666) \/ 2);\n                  }\n                }\n              }<\/p>\n<p>              @media not all and (min-resolution:.001dpcm) {\n                @media {\n                  p.text-wrapper > span {\n                    font-size: calc(100% - 0.5px);\n                  }\n                }\n              }<\/p>\n<p>              .page-fullbleed-area,\n              .page-background-overlay-area {\n                position: absolute;\n                overflow: hidden;\n                width: 100%;\n                left: 0;\n                height: calc(1.1851851851851851 * 100%);\n                top: calc((1 - 1.1851851851851851) * 100% \/ 2);\n              }<\/p>\n<p>              .element-overlay-area {\n                position: absolute;\n                width: 100%;\n                height: 100%;\n                top: 0;\n                left: 0;\n              }<\/p>\n<p>              .page-safe-area {\n                overflow: visible;\n                position: absolute;\n                top: 0;\n                bottom: 0;\n                left: 0;\n                right: 0;\n                width: 100%;\n                height: calc(0.84375 * 100%);\n                margin: auto 0;\n              }<\/p>\n<p>              .mask {\n                position: absolute;\n                overflow: hidden;\n              }<\/p>\n<p>              .fill {\n                position: absolute;\n                top: 0;\n                left: 0;\n                right: 0;\n                bottom: 0;\n                margin: 0;\n              }<\/p>\n<p>              @media (prefers-reduced-motion: no-preference) {\n                .animation-wrapper {\n                  opacity: var(--initial-opacity);\n                  transform: var(--initial-transform);\n                }\n              }<\/p>\n<p>              amp-story-grid-layer.align-bottom {\n                align-content: end;\n                padding: 0;\n              }<\/p>\n<p>              .captions-area {\n                padding: 0 32px 0;\n              }<\/p>\n<p>              amp-story-captions {\n                margin-bottom: 16px;\n                text-align: center;\n              }<\/p>\n<p>              amp-story-captions span {\n                display: inline-block;\n                margin: 0;\n                padding: 6px 12px;\n                vertical-align: middle;\n                border-radius: 15px;\n                background: rgba(11, 11, 11, 0.6);\n                color: rgba(255, 255, 255, 1);\n                font-family: -apple-system, BlinkMacSystemFont, \"Segoe UI\", Roboto, Oxygen-Sans, Ubuntu, Cantarell, \"Helvetica Neue\", sans-serif;;\n                font-size: calc(4 * var(--story-page-vw));\n                line-height: 1.4;\n                word-break: break-word;\n                word-wrap: break-word;\n                overflow-wrap: break-word;\n              }\n              <\/style>\n<p><meta name=\"web-stories-replace-head-start\"\/><title>Apartamentos \u00e0 venda no Leblon, Rio de Janeiro<\/title><link rel=\"canonical\" href=\"https:\/\/invexo.com.br\/blog\/?post_type=web-story&amp;p=37316\"\/><meta name=\"web-stories-replace-head-end\"\/><\/head><body><amp-story standalone=\"\" publisher=\"Not\u00edcias RJ\" publisher-logo-src=\"https:\/\/invexo.com.br\/blog\/wp-content\/uploads\/2019\/08\/cropped-avatar-invexo.png\" title=\"Apartamentos \u00e0 venda no Leblon, Rio de Janeiro\" poster-portrait-src=\"https:\/\/invexo.com.br\/blog\/wp-content\/uploads\/2023\/03\/vista-leblon-apartamentos-a-venda-no-leblon-rio-de-janeiro-640x853.jpg\"><amp-story-page id=\"da3808b7-6397-435a-8a2d-93f756672665\" auto-advance-after=\"7s\"><amp-story-animation layout=\"nodisplay\" trigger=\"visibility\"><script type=\"application\/json\">[{\"selector\":\"#anim-4e7f8b80-e345-40de-956b-e8cdc23d7a02\",\"keyframes\":{\"opacity\":[0,1]},\"delay\":100,\"duration\":3000,\"easing\":\"cubic-bezier(0.4, 0.4, 0.0, 1)\",\"fill\":\"both\"}]<\/script><\/amp-story-animation><amp-story-grid-layer template=\"vertical\" aspect-ratio=\"412:618\" class=\"grid-layer\"><\/p>\n<div class=\"page-fullbleed-area\" style=\"background-color:#000\">\n<div class=\"page-safe-area\">\n<div style=\"position:absolute;pointer-events:none;left:0;top:-9.25926%;width:100%;height:118.51852%;opacity:1\">\n<div style=\"pointer-events:initial;width:100%;height:100%;display:block;position:absolute;top:0;left:0;z-index:0\" class=\"mask\" id=\"el-e0e9305e-c182-4cfe-b9fb-ba0f2ae796c5\">\n<div class=\"fill\" style=\"will-change:transform\"><\/div>\n<\/div>\n<\/div>\n<\/div>\n<\/div>\n<p><\/amp-story-grid-layer><amp-story-grid-layer template=\"vertical\" aspect-ratio=\"412:618\" class=\"grid-layer\"><\/p>\n<div class=\"page-fullbleed-area\">\n<div class=\"page-safe-area\">\n<div style=\"position:absolute;pointer-events:none;left:0;top:-72.00647%;width:100%;height:118.4466%;opacity:1\">\n<div style=\"pointer-events:initial;width:100%;height:100%;display:block;position:absolute;top:0;left:0;z-index:0\" class=\"mask\" id=\"el-ea97f8b4-5f3d-41a0-83a1-7088caf806c6\">\n<div class=\"fill\" style=\"background-color:#000;will-change:transform\"><\/div>\n<\/div>\n<\/div>\n<div style=\"position:absolute;pointer-events:none;left:-30.58252%;top:48.05825%;width:138.83495%;height:3.23625%;opacity:1\">\n<div style=\"pointer-events:initial;width:100%;height:100%;display:block;position:absolute;top:0;left:0;z-index:0\" class=\"mask\" id=\"el-0a31697d-612b-4cee-996f-2aae46fdcef7\">\n<div class=\"fill\" style=\"background-color:#ce9e00;will-change:transform\"><\/div>\n<\/div>\n<\/div>\n<div style=\"position:absolute;pointer-events:none;left:0;top:50%;width:100%;height:59.06149%;opacity:1\">\n<div style=\"pointer-events:initial;width:100%;height:100%;display:block;position:absolute;top:0;left:0;z-index:0\" class=\"mask\" id=\"el-f34baafe-5359-43b1-a5b6-cdf160d03792\"><a href=\"https:\/\/luxury.invexo.com.br\/apartamento-no-leblon\/?utm_source=webstories\" data-tooltip-icon=\"https:\/\/luxury.invexo.com.br\/wp-content\/uploads\/2022\/08\/apartamento-2-quartos-reformado-no-leblon-rio-de-janeiro-rj-5-1.jpg\" data-tooltip-text=\"Apartamentos \u00e0 Venda no Leblon, Rio de Janeiro, RJ\" target=\"_blank\" rel=\"noreferrer noopener\" style=\"width:100%;height:100%;display:block;position:absolute;top:0;left:0\"><\/p>\n<div style=\"position:absolute;width:100%;height:144.56902%;left:0%;top:-22.28451%\" data-leaf-element=\"true\"><amp-img layout=\"fill\" src=\"https:\/\/invexo.com.br\/blog\/wp-content\/uploads\/2023\/03\/praia-apartamentos-a-venda-no-leblon-rio-de-janeiro.jpg\" alt=\"praia-apartamentos-a-venda-no-leblon-rio-de-janeiro\" srcSet=\"https:\/\/invexo.com.br\/blog\/wp-content\/uploads\/2023\/03\/praia-apartamentos-a-venda-no-leblon-rio-de-janeiro.jpg 520w,https:\/\/invexo.com.br\/blog\/wp-content\/uploads\/2023\/03\/praia-apartamentos-a-venda-no-leblon-rio-de-janeiro-234x300.jpg 234w,https:\/\/invexo.com.br\/blog\/wp-content\/uploads\/2023\/03\/praia-apartamentos-a-venda-no-leblon-rio-de-janeiro-150x192.jpg 150w\" sizes=\"(min-width: 1024px) 45vh, 100vw\" disable-inline-width=\"true\"><\/amp-img><\/div>\n<p><\/a><\/div>\n<\/div>\n<div style=\"position:absolute;pointer-events:none;left:7.03883%;top:-2.75081%;width:82.76699%;height:21.52104%;opacity:1\">\n<div style=\"pointer-events:initial;width:100%;height:100%;display:block;position:absolute;top:0;left:0;z-index:0;border-radius:0.5865102639296188% 0.5865102639296188% 0.5865102639296188% 0.5865102639296188% \/ 1.5037593984962405% 1.5037593984962405% 1.5037593984962405% 1.5037593984962405%\" id=\"el-24fcde09-a421-4762-9a3f-9c8793df7f41\"><a href=\"https:\/\/luxury.invexo.com.br\/apartamento-no-leblon\/?utm_source=webstories\" target=\"_blank\" rel=\"noreferrer noopener\" style=\"width:100%;height:100%;display:block;position:absolute;top:0;left:0\"><\/p>\n<h1 class=\"fill text-wrapper\" style=\"white-space:pre-line;overflow-wrap:break-word;word-break:break-word;margin:-0.5131964809384164% 0;font-family:&quot;Lato&quot;,sans-serif;font-size:0.566343em;line-height:1.3;text-align:left;padding:0;color:#000000\"><span><span style=\"font-weight: 700; color: #ce9e00; letter-spacing: 0.11em; text-transform: uppercase\">apartamentos no leblon,&nbsp;<\/span><br \/>\n<span style=\"font-weight: 700; color: #ce9e00; letter-spacing: 0.11em; text-transform: uppercase\">rio de janeiro<\/span><\/span><\/h1>\n<p><\/a><\/div>\n<\/div>\n<div style=\"position:absolute;pointer-events:none;left:82.03883%;top:98.22006%;width:15.29126%;height:10.84142%;opacity:0.5\">\n<div style=\"pointer-events:initial;width:100%;height:100%;display:block;position:absolute;top:0;left:0;z-index:0\" class=\"mask\" id=\"el-2ffbeede-e62d-42b9-85b7-130c2e1235d0\"><a href=\"https:\/\/luxury.invexo.com.br\/apartamento-no-leblon\/?utm_source=webstories\" data-tooltip-icon=\"https:\/\/luxury.invexo.com.br\/wp-content\/uploads\/2022\/08\/apartamento-2-quartos-reformado-no-leblon-rio-de-janeiro-rj-5-1.jpg\" data-tooltip-text=\"Apartamentos \u00e0 Venda no Leblon, Rio de Janeiro, RJ\" target=\"_blank\" rel=\"noreferrer noopener\" style=\"width:100%;height:100%;display:block;position:absolute;top:0;left:0\"><\/p>\n<div style=\"position:absolute;width:106.34918%;height:100%;left:-3.17459%;top:0%\" data-leaf-element=\"true\"><amp-img layout=\"fill\" src=\"https:\/\/invexo.com.br\/blog\/wp-content\/uploads\/2022\/09\/marca-d-agua-site-branca.png\" alt=\"marca-d-agua-site-branca\" srcSet=\"https:\/\/invexo.com.br\/blog\/wp-content\/uploads\/2022\/09\/marca-d-agua-site-branca.png 200w,https:\/\/invexo.com.br\/blog\/wp-content\/uploads\/2022\/09\/marca-d-agua-site-branca-150x150.png 150w,https:\/\/invexo.com.br\/blog\/wp-content\/uploads\/2022\/09\/marca-d-agua-site-branca-96x96.png 96w\" sizes=\"(min-width: 1024px) 7vh, 15vw\" disable-inline-width=\"true\"><\/amp-img><\/div>\n<p><\/a><\/div>\n<\/div>\n<div style=\"position:absolute;pointer-events:none;left:7.52427%;top:23.6246%;width:84.95146%;height:19.41748%;opacity:1\">\n<div id=\"anim-4e7f8b80-e345-40de-956b-e8cdc23d7a02\" class=\"animation-wrapper\" style=\"width:100%;height:100%;display:block;position:absolute;top:0;left:0;--initial-opacity:0;--initial-transform:none\">\n<div style=\"pointer-events:initial;width:100%;height:100%;display:block;position:absolute;top:0;left:0;z-index:0;border-radius:0.5714285714285714% 0.5714285714285714% 0.5714285714285714% 0.5714285714285714% \/ 1.6666666666666667% 1.6666666666666667% 1.6666666666666667% 1.6666666666666667%\" id=\"el-f602cd93-3cb5-48f9-bb80-1de42c8d1eb0\"><a href=\"https:\/\/luxury.invexo.com.br\/apartamento-no-leblon\/?utm_source=webstories\" target=\"_blank\" rel=\"noreferrer noopener\" style=\"width:100%;height:100%;display:block;position:absolute;top:0;left:0\"><\/p>\n<h3 class=\"fill text-wrapper\" style=\"white-space:pre-line;overflow-wrap:break-word;word-break:break-word;margin:0.946% 0;font-family:&quot;Hind&quot;,sans-serif;font-size:0.355987em;line-height:1.3;text-align:initial;padding:0;color:#000000\"><span><span style=\"color: #fff\">Rodeado por v\u00e1rios espa\u00e7os de lazer e estabelecimentos comerciais,&nbsp;<\/span><br \/>\n<span style=\"color: #fff\">o Leblon tem os im\u00f3veis residenciais mais luxuosos do Rio.<\/span><\/span><\/h3>\n<p><\/a><\/div>\n<\/div>\n<\/div>\n<\/div>\n<\/div>\n<p><\/amp-story-grid-layer><\/amp-story-page><amp-story-page id=\"1914e9cd-0077-4a81-a7a9-fe4bdf5cd0d4\" auto-advance-after=\"7s\"><amp-story-animation layout=\"nodisplay\" trigger=\"visibility\"><script type=\"application\/json\">[{\"selector\":\"#anim-3ed62455-fe2e-40b5-b7ec-7adcfaca7c29\",\"keyframes\":{\"opacity\":[0,1]},\"delay\":100,\"duration\":3000,\"easing\":\"cubic-bezier(0.4, 0.4, 0.0, 1)\",\"fill\":\"both\"}]<\/script><\/amp-story-animation><amp-story-grid-layer template=\"vertical\" aspect-ratio=\"412:618\" class=\"grid-layer\"><\/p>\n<div class=\"page-fullbleed-area\" style=\"background-color:#000\">\n<div class=\"page-safe-area\">\n<div style=\"position:absolute;pointer-events:none;left:0;top:-9.25926%;width:100%;height:118.51852%;opacity:1\">\n<div style=\"pointer-events:initial;width:100%;height:100%;display:block;position:absolute;top:0;left:0;z-index:0\" class=\"mask\" id=\"el-a31a8f4f-52f5-48a0-aec7-ce68fa7422c8\">\n<div class=\"fill\" style=\"will-change:transform\"><\/div>\n<\/div>\n<\/div>\n<\/div>\n<\/div>\n<p><\/amp-story-grid-layer><amp-story-grid-layer template=\"vertical\" aspect-ratio=\"412:618\" class=\"grid-layer\"><\/p>\n<div class=\"page-fullbleed-area\">\n<div class=\"page-safe-area\">\n<div style=\"position:absolute;pointer-events:none;left:-1.94175%;top:-18.77023%;width:104.85437%;height:59.54693%;opacity:1\">\n<div style=\"pointer-events:initial;width:100%;height:100%;display:block;position:absolute;top:0;left:0;z-index:0\" class=\"mask\" id=\"el-d83fbb42-42a4-481c-bee5-44a322322358\">\n<div class=\"fill\" style=\"background-color:#000;will-change:transform\"><\/div>\n<\/div>\n<\/div>\n<div style=\"position:absolute;pointer-events:none;left:59.46602%;top:11.97411%;width:88.1068%;height:8.41424%;transform:rotate(90deg);opacity:1\">\n<div style=\"pointer-events:initial;width:100%;height:100%;display:block;position:absolute;top:0;left:0;z-index:0\" class=\"mask\" id=\"el-6f7ef421-c0e1-458c-a6d2-0d8e903cbf76\">\n<div class=\"fill\" style=\"background-color:#ce9e00;will-change:transform\"><\/div>\n<\/div>\n<\/div>\n<div style=\"position:absolute;pointer-events:none;left:-1.94175%;top:45.63107%;width:103.15534%;height:63.59223%;opacity:1\">\n<div style=\"pointer-events:initial;width:100%;height:100%;display:block;position:absolute;top:0;left:0;z-index:0\" class=\"mask\" id=\"el-bcf38156-c149-4842-a5bc-8fe175de90d2\"><a href=\"https:\/\/luxury.invexo.com.br\/apartamento-no-leblon\/?utm_source=webstories\" data-tooltip-icon=\"https:\/\/luxury.invexo.com.br\/wp-content\/uploads\/2022\/08\/apartamento-2-quartos-reformado-no-leblon-rio-de-janeiro-rj-5-1.jpg\" data-tooltip-text=\"Apartamentos \u00e0 Venda no Leblon, Rio de Janeiro, RJ\" target=\"_blank\" rel=\"noreferrer noopener\" style=\"width:100%;height:100%;display:block;position:absolute;top:0;left:0\"><\/p>\n<div style=\"position:absolute;width:100%;height:138.50559%;left:0%;top:-19.25279%\" data-leaf-element=\"true\"><amp-img layout=\"fill\" src=\"https:\/\/invexo.com.br\/blog\/wp-content\/uploads\/2023\/03\/vista-aerea-mar-apartamentos-a-venda-no-leblon-rio-de-janeiro.jpg\" alt=\"vista-aerea-mar-apartamentos-a-venda-no-leblon-rio-de-janeiro\" srcSet=\"https:\/\/invexo.com.br\/blog\/wp-content\/uploads\/2023\/03\/vista-aerea-mar-apartamentos-a-venda-no-leblon-rio-de-janeiro.jpg 520w,https:\/\/invexo.com.br\/blog\/wp-content\/uploads\/2023\/03\/vista-aerea-mar-apartamentos-a-venda-no-leblon-rio-de-janeiro-234x300.jpg 234w,https:\/\/invexo.com.br\/blog\/wp-content\/uploads\/2023\/03\/vista-aerea-mar-apartamentos-a-venda-no-leblon-rio-de-janeiro-150x192.jpg 150w\" sizes=\"(min-width: 1024px) 46vh, 103vw\" disable-inline-width=\"true\"><\/amp-img><\/div>\n<p><\/a><\/div>\n<\/div>\n<div style=\"position:absolute;pointer-events:none;left:5.33981%;top:0;width:91.74757%;height:5.82524%;opacity:1\">\n<div style=\"pointer-events:initial;width:100%;height:100%;display:block;position:absolute;top:0;left:0;z-index:0;border-radius:0.5291005291005291% 0.5291005291005291% 0.5291005291005291% 0.5291005291005291% \/ 5.555555555555555% 5.555555555555555% 5.555555555555555% 5.555555555555555%\" id=\"el-662d7ce5-046d-447e-983c-dff7100779a3\"><a href=\"https:\/\/luxury.invexo.com.br\/apartamento-no-leblon\/?utm_source=webstories\" target=\"_blank\" rel=\"noreferrer noopener\" style=\"width:100%;height:100%;display:block;position:absolute;top:0;left:0\"><\/p>\n<h2 class=\"fill text-wrapper\" style=\"white-space:pre-line;overflow-wrap:break-word;word-break:break-word;margin:0% 0;font-family:&quot;Lato&quot;,sans-serif;font-size:0.485437em;line-height:1.2;text-align:initial;padding:0;color:#000000\"><span><span style=\"font-weight: 700; color: #ce9e00; letter-spacing: 0.02em; text-transform: uppercase\">LEBLON, RIO DE JANEIRO<\/span><\/span><\/h2>\n<p><\/a><\/div>\n<\/div>\n<div style=\"position:absolute;pointer-events:none;left:5.58252%;top:11.00324%;width:88.83495%;height:28.80259%;opacity:1\">\n<div id=\"anim-3ed62455-fe2e-40b5-b7ec-7adcfaca7c29\" class=\"animation-wrapper\" style=\"width:100%;height:100%;display:block;position:absolute;top:0;left:0;--initial-opacity:0;--initial-transform:none\">\n<div style=\"pointer-events:initial;width:100%;height:100%;display:block;position:absolute;top:0;left:0;z-index:0;border-radius:0.546448087431694% 0.546448087431694% 0.546448087431694% 0.546448087431694% \/ 1.1235955056179776% 1.1235955056179776% 1.1235955056179776% 1.1235955056179776%\" id=\"el-42a4d28d-b145-477a-a385-9ee251284a97\"><a href=\"https:\/\/luxury.invexo.com.br\/apartamento-no-leblon\/?utm_source=webstories\" data-tooltip-icon=\"https:\/\/luxury.invexo.com.br\/wp-content\/uploads\/2022\/08\/apartamento-2-quartos-reformado-no-leblon-rio-de-janeiro-rj-5-1.jpg\" data-tooltip-text=\"Apartamentos \u00e0 Venda no Leblon, Rio de Janeiro, RJ\" target=\"_blank\" rel=\"noreferrer noopener\" style=\"width:100%;height:100%;display:block;position:absolute;top:0;left:0\"><\/p>\n<h3 class=\"fill text-wrapper\" style=\"white-space:pre-line;overflow-wrap:break-word;word-break:break-word;margin:0.9046448087431694% 0;font-family:&quot;Hind&quot;,sans-serif;font-size:0.355987em;line-height:1.3;text-align:initial;padding:0;color:#000000\"><span><span style=\"color: #fff\">O Leblon \u00e9 o bairro mais encantador da Zona Sul do Rio de Janeiro, sin\u00f4nimo de requinte, eleg\u00e2ncia e qualidade de vida. Morar em um apartamento no Leblon \u00e9 uma experi\u00eancia incompar\u00e1vel!<\/span><\/span><\/h3>\n<p><\/a><\/div>\n<\/div>\n<\/div>\n<div style=\"position:absolute;pointer-events:none;left:82.03883%;top:98.22006%;width:15.29126%;height:10.84142%;opacity:0.5\">\n<div style=\"pointer-events:initial;width:100%;height:100%;display:block;position:absolute;top:0;left:0;z-index:0\" class=\"mask\" id=\"el-a0bebad2-df94-4d83-bbef-b89110a099e2\"><a href=\"https:\/\/luxury.invexo.com.br\/apartamento-no-leblon\/?utm_source=webstories\" target=\"_blank\" rel=\"noreferrer noopener\" style=\"width:100%;height:100%;display:block;position:absolute;top:0;left:0\"><\/p>\n<div style=\"position:absolute;width:106.34918%;height:100%;left:-3.17459%;top:0%\" data-leaf-element=\"true\"><amp-img layout=\"fill\" src=\"https:\/\/invexo.com.br\/blog\/wp-content\/uploads\/2022\/09\/marca-d-agua-site-branca.png\" alt=\"marca-d-agua-site-branca\" srcSet=\"https:\/\/invexo.com.br\/blog\/wp-content\/uploads\/2022\/09\/marca-d-agua-site-branca.png 200w,https:\/\/invexo.com.br\/blog\/wp-content\/uploads\/2022\/09\/marca-d-agua-site-branca-150x150.png 150w,https:\/\/invexo.com.br\/blog\/wp-content\/uploads\/2022\/09\/marca-d-agua-site-branca-96x96.png 96w\" sizes=\"(min-width: 1024px) 7vh, 15vw\" disable-inline-width=\"true\"><\/amp-img><\/div>\n<p><\/a><\/div>\n<\/div>\n<\/div>\n<\/div>\n<p><\/amp-story-grid-layer><\/amp-story-page><amp-story-page id=\"0d9f7bf0-6f57-4a60-ba0c-504ed28dc38f\" auto-advance-after=\"7s\"><amp-story-animation layout=\"nodisplay\" trigger=\"visibility\"><script type=\"application\/json\">[{\"selector\":\"#anim-0d9ad72c-b70e-498a-91dc-9c8aa0ae97af\",\"keyframes\":{\"opacity\":[0,1]},\"delay\":100,\"duration\":3000,\"easing\":\"cubic-bezier(0.4, 0.4, 0.0, 1)\",\"fill\":\"both\"}]<\/script><\/amp-story-animation><amp-story-grid-layer template=\"vertical\" aspect-ratio=\"412:618\" class=\"grid-layer\"><\/p>\n<div class=\"page-fullbleed-area\" style=\"background-color:#000\">\n<div class=\"page-safe-area\">\n<div style=\"position:absolute;pointer-events:none;left:0;top:-9.25926%;width:100%;height:118.51852%;opacity:1\">\n<div style=\"pointer-events:initial;width:100%;height:100%;display:block;position:absolute;top:0;left:0;z-index:0\" class=\"mask\" id=\"el-3108b6ac-d6a3-464c-b1f2-d853c25edafa\">\n<div class=\"fill\" style=\"will-change:transform\"><\/div>\n<\/div>\n<\/div>\n<\/div>\n<\/div>\n<p><\/amp-story-grid-layer><amp-story-grid-layer template=\"vertical\" aspect-ratio=\"412:618\" class=\"grid-layer\"><\/p>\n<div class=\"page-fullbleed-area\">\n<div class=\"page-safe-area\">\n<div style=\"position:absolute;pointer-events:none;left:10.67961%;top:-5.50162%;width:93.20388%;height:16.66667%;opacity:1\">\n<div style=\"pointer-events:initial;width:100%;height:100%;display:block;position:absolute;top:0;left:0;z-index:0;border-radius:0.5208333333333333% 0.5208333333333333% 0.5208333333333333% 0.5208333333333333% \/ 1.9417475728155338% 1.9417475728155338% 1.9417475728155338% 1.9417475728155338%\" id=\"el-810c35ee-8652-4cd2-95bc-8730d8623de1\"><a href=\"https:\/\/luxury.invexo.com.br\/apartamento-no-leblon\/?utm_source=webstories\" target=\"_blank\" rel=\"noreferrer noopener\" style=\"width:100%;height:100%;display:block;position:absolute;top:0;left:0\"><\/p>\n<h1 class=\"fill text-wrapper\" style=\"white-space:pre-line;overflow-wrap:break-word;word-break:break-word;margin:1.8796875000000002% 0;font-family:&quot;Hind&quot;,sans-serif;font-size:0.582524em;line-height:1.2;text-align:initial;padding:0;color:#000000\"><span><span style=\"font-weight: 600; color: #ce9e00; letter-spacing: 0.02em; text-transform: uppercase\">MELHOR BAIRRO&nbsp;<\/span><br \/>\n<span style=\"font-weight: 600; color: #ce9e00; letter-spacing: 0.02em; text-transform: uppercase\">DO RIO<\/span><\/span><\/h1>\n<p><\/a><\/div>\n<\/div>\n<div style=\"position:absolute;pointer-events:none;left:10.43689%;top:11.00324%;width:79.12621%;height:27.02265%;opacity:1\">\n<div id=\"anim-0d9ad72c-b70e-498a-91dc-9c8aa0ae97af\" class=\"animation-wrapper\" style=\"width:100%;height:100%;display:block;position:absolute;top:0;left:0;--initial-opacity:0;--initial-transform:none\">\n<div style=\"pointer-events:initial;width:100%;height:100%;display:block;position:absolute;top:0;left:0;z-index:0;border-radius:0.6134969325153374% 0.6134969325153374% 0.6134969325153374% 0.6134969325153374% \/ 1.1976047904191618% 1.1976047904191618% 1.1976047904191618% 1.1976047904191618%\" id=\"el-066f7c7f-ba73-4976-8d46-b9fdee662241\"><a href=\"https:\/\/luxury.invexo.com.br\/apartamento-no-leblon\/?utm_source=webstories\" data-tooltip-icon=\"https:\/\/luxury.invexo.com.br\/wp-content\/uploads\/2022\/08\/apartamento-2-quartos-reformado-no-leblon-rio-de-janeiro-rj-5-1.jpg\" data-tooltip-text=\"Apartamentos \u00e0 Venda no Leblon, Rio de Janeiro, RJ\" target=\"_blank\" rel=\"noreferrer noopener\" style=\"width:100%;height:100%;display:block;position:absolute;top:0;left:0\"><\/p>\n<p class=\"fill text-wrapper\" style=\"white-space:pre-line;overflow-wrap:break-word;word-break:break-word;margin:0.9233128834355823% 0;font-family:&quot;Hind&quot;,sans-serif;font-size:0.323625em;line-height:1.3;text-align:initial;padding:0;color:#000000\"><span><span style=\"color: #fff\">O bairro conta com uma das praias mais lindas do Brasil, diversas \u00e1reas verdes e possui uma infraestrutura invej\u00e1vel! Que tal aproveitar o melhor que o Leblon tem a oferecer?<\/span><\/span><\/p>\n<p><\/a><\/div>\n<\/div>\n<\/div>\n<div style=\"position:absolute;pointer-events:none;left:-100.24272%;top:45.46926%;width:189.56311%;height:10.03236%;transform:rotate(90deg);opacity:1\">\n<div style=\"pointer-events:initial;width:100%;height:100%;display:block;position:absolute;top:0;left:0;z-index:0\" class=\"mask\" id=\"el-779cf149-2451-4512-b32a-0722325ddfa4\">\n<div class=\"fill\" style=\"background-color:#ce9e00;will-change:transform\"><\/div>\n<\/div>\n<\/div>\n<div style=\"position:absolute;pointer-events:none;left:82.03883%;top:98.22006%;width:15.29126%;height:10.84142%;opacity:0.5\">\n<div style=\"pointer-events:initial;width:100%;height:100%;display:block;position:absolute;top:0;left:0;z-index:0\" class=\"mask\" id=\"el-238eb6b5-c3cc-4ff3-976b-d65f85433ada\"><a href=\"https:\/\/luxury.invexo.com.br\/apartamento-no-leblon\/?utm_source=webstories\" data-tooltip-text=\"\" target=\"_blank\" rel=\"noreferrer noopener\" style=\"width:100%;height:100%;display:block;position:absolute;top:0;left:0\"><\/p>\n<div style=\"position:absolute;width:106.34918%;height:100%;left:-3.17459%;top:0%\" data-leaf-element=\"true\"><amp-img layout=\"fill\" src=\"https:\/\/invexo.com.br\/blog\/wp-content\/uploads\/2022\/09\/marca-d-agua-site-branca.png\" alt=\"marca-d-agua-site-branca\" srcSet=\"https:\/\/invexo.com.br\/blog\/wp-content\/uploads\/2022\/09\/marca-d-agua-site-branca.png 200w,https:\/\/invexo.com.br\/blog\/wp-content\/uploads\/2022\/09\/marca-d-agua-site-branca-150x150.png 150w,https:\/\/invexo.com.br\/blog\/wp-content\/uploads\/2022\/09\/marca-d-agua-site-branca-96x96.png 96w\" sizes=\"(min-width: 1024px) 7vh, 15vw\" disable-inline-width=\"true\"><\/amp-img><\/div>\n<p><\/a><\/div>\n<\/div>\n<div style=\"position:absolute;pointer-events:none;left:10.43689%;top:35.76052%;width:78.15534%;height:62.45955%;opacity:1\">\n<div style=\"pointer-events:initial;width:100%;height:100%;display:block;position:absolute;top:0;left:0;z-index:0\" class=\"mask\" id=\"el-c3103981-35e0-4ee4-9dfa-57996d408ee2\"><a href=\"https:\/\/luxury.invexo.com.br\/apartamento-no-leblon\/?utm_source=webstories\" data-tooltip-icon=\"https:\/\/luxury.invexo.com.br\/wp-content\/uploads\/2022\/08\/apartamento-2-quartos-reformado-no-leblon-rio-de-janeiro-rj-5-1.jpg\" data-tooltip-text=\"Apartamentos \u00e0 Venda no Leblon, Rio de Janeiro, RJ\" target=\"_blank\" rel=\"noreferrer noopener\" style=\"width:100%;height:100%;display:block;position:absolute;top:0;left:0\"><\/p>\n<div style=\"position:absolute;width:100%;height:106.84137%;left:0%;top:-3.42068%\" data-leaf-element=\"true\"><amp-img layout=\"fill\" src=\"https:\/\/invexo.com.br\/blog\/wp-content\/uploads\/2023\/03\/palmeiras-apartamentos-a-venda-no-leblon-rio-de-janeiro.jpg\" alt=\"palmeiras-apartamentos-a-venda-no-leblon-rio-de-janeiro\" srcSet=\"https:\/\/invexo.com.br\/blog\/wp-content\/uploads\/2023\/03\/palmeiras-apartamentos-a-venda-no-leblon-rio-de-janeiro.jpg 520w,https:\/\/invexo.com.br\/blog\/wp-content\/uploads\/2023\/03\/palmeiras-apartamentos-a-venda-no-leblon-rio-de-janeiro-234x300.jpg 234w,https:\/\/invexo.com.br\/blog\/wp-content\/uploads\/2023\/03\/palmeiras-apartamentos-a-venda-no-leblon-rio-de-janeiro-150x192.jpg 150w\" sizes=\"(min-width: 1024px) 35vh, 78vw\" disable-inline-width=\"true\"><\/amp-img><\/div>\n<p><\/a><\/div>\n<\/div>\n<\/div>\n<\/div>\n<p><\/amp-story-grid-layer><\/amp-story-page><amp-story-page id=\"3555994f-fed8-4b7c-a1cf-cd6462be56f3\" auto-advance-after=\"7s\"><amp-story-animation layout=\"nodisplay\" trigger=\"visibility\"><script type=\"application\/json\">[{\"selector\":\"#anim-6fafa287-d9b6-4d4a-aa32-da1d6128980c\",\"keyframes\":{\"opacity\":[0,1]},\"delay\":100,\"duration\":3000,\"easing\":\"cubic-bezier(0.4, 0.4, 0.0, 1)\",\"fill\":\"both\"}]<\/script><\/amp-story-animation><amp-story-grid-layer template=\"vertical\" aspect-ratio=\"412:618\" class=\"grid-layer\"><\/p>\n<div class=\"page-fullbleed-area\" style=\"background-color:#000\">\n<div class=\"page-safe-area\">\n<div style=\"position:absolute;pointer-events:none;left:0;top:-9.25926%;width:100%;height:118.51852%;opacity:1\">\n<div style=\"pointer-events:initial;width:100%;height:100%;display:block;position:absolute;top:0;left:0;z-index:0\" class=\"mask\" id=\"el-78c21f4e-52e6-4447-af1d-0e29cab8a9a3\">\n<div class=\"fill\" style=\"will-change:transform\"><\/div>\n<\/div>\n<\/div>\n<\/div>\n<\/div>\n<p><\/amp-story-grid-layer><amp-story-grid-layer template=\"vertical\" aspect-ratio=\"412:618\" class=\"grid-layer\"><\/p>\n<div class=\"page-fullbleed-area\">\n<div class=\"page-safe-area\">\n<div style=\"position:absolute;pointer-events:none;left:0;top:-72.00647%;width:100%;height:118.4466%;opacity:1\">\n<div style=\"pointer-events:initial;width:100%;height:100%;display:block;position:absolute;top:0;left:0;z-index:0\" class=\"mask\" id=\"el-3b4f07d3-a9a4-432d-8eea-38af066a95f0\">\n<div class=\"fill\" style=\"background-color:#000;will-change:transform\"><\/div>\n<\/div>\n<\/div>\n<div style=\"position:absolute;pointer-events:none;left:-31.06796%;top:51.13269%;width:155.09709%;height:3.55987%;opacity:1\">\n<div style=\"pointer-events:initial;width:100%;height:100%;display:block;position:absolute;top:0;left:0;z-index:0\" class=\"mask\" id=\"el-02f16f1d-1380-4893-92d0-ec1242dd8a02\">\n<div class=\"fill\" style=\"background-color:#ce9e00;will-change:transform\"><\/div>\n<\/div>\n<\/div>\n<div style=\"position:absolute;pointer-events:none;left:0;top:-9.38511%;width:111.65049%;height:62.29773%;opacity:1\">\n<div style=\"pointer-events:initial;width:100%;height:100%;display:block;position:absolute;top:0;left:0;z-index:0\" class=\"mask\" id=\"el-f8300bf0-9965-4548-9265-d4324432c9a3\">\n<div style=\"position:absolute;width:100%;height:153.02699%;left:0%;top:-26.5135%\" data-leaf-element=\"true\"><amp-img layout=\"fill\" src=\"https:\/\/invexo.com.br\/blog\/wp-content\/uploads\/2023\/03\/vista-bairro-apartamentos-a-venda-no-leblon-rio-de-janeiro.jpg\" alt=\"vista-bairro-apartamentos-a-venda-no-leblon-rio-de-janeiro\" srcSet=\"https:\/\/invexo.com.br\/blog\/wp-content\/uploads\/2023\/03\/vista-bairro-apartamentos-a-venda-no-leblon-rio-de-janeiro.jpg 520w,https:\/\/invexo.com.br\/blog\/wp-content\/uploads\/2023\/03\/vista-bairro-apartamentos-a-venda-no-leblon-rio-de-janeiro-234x300.jpg 234w,https:\/\/invexo.com.br\/blog\/wp-content\/uploads\/2023\/03\/vista-bairro-apartamentos-a-venda-no-leblon-rio-de-janeiro-150x192.jpg 150w\" sizes=\"(min-width: 1024px) 50vh, 112vw\" disable-inline-width=\"true\"><\/amp-img><\/div>\n<\/div>\n<\/div>\n<div style=\"position:absolute;pointer-events:none;left:5.58252%;top:60.03236%;width:81.06796%;height:6.95793%;opacity:1\">\n<div style=\"pointer-events:initial;width:100%;height:100%;display:block;position:absolute;top:0;left:0;z-index:0;border-radius:0.5988023952095809% 0.5988023952095809% 0.5988023952095809% 0.5988023952095809% \/ 4.651162790697675% 4.651162790697675% 4.651162790697675% 4.651162790697675%\" id=\"el-3e64464b-e417-4904-bde3-1479d15ac01d\"><a href=\"https:\/\/luxury.invexo.com.br\/apartamento-no-leblon\/?utm_source=webstories\" target=\"_blank\" rel=\"noreferrer noopener\" style=\"width:100%;height:100%;display:block;position:absolute;top:0;left:0\"><\/p>\n<h1 class=\"fill text-wrapper\" style=\"white-space:pre-line;overflow-wrap:break-word;word-break:break-word;margin:0% 0;font-family:&quot;Lato&quot;,sans-serif;font-size:0.582524em;line-height:1.2;text-align:initial;padding:0;color:#000000\"><span><span style=\"font-weight: 700; color: #ce9e00; letter-spacing: 0.02em; text-transform: uppercase\">bairro nobre<\/span><\/span><\/h1>\n<p><\/a><\/div>\n<\/div>\n<div style=\"position:absolute;pointer-events:none;left:5.82524%;top:69.7411%;width:83.73786%;height:30.09709%;opacity:1\">\n<div id=\"anim-6fafa287-d9b6-4d4a-aa32-da1d6128980c\" class=\"animation-wrapper\" style=\"width:100%;height:100%;display:block;position:absolute;top:0;left:0;--initial-opacity:0;--initial-transform:none\">\n<div style=\"pointer-events:initial;width:100%;height:100%;display:block;position:absolute;top:0;left:0;z-index:0;border-radius:0.5797101449275363% 0.5797101449275363% 0.5797101449275363% 0.5797101449275363% \/ 1.0752688172043012% 1.0752688172043012% 1.0752688172043012% 1.0752688172043012%\" id=\"el-04e27784-641b-4970-a8a6-5ac3335b5e43\"><a href=\"https:\/\/luxury.invexo.com.br\/apartamento-no-leblon\/?utm_source=webstories\" data-tooltip-icon=\"https:\/\/luxury.invexo.com.br\/wp-content\/uploads\/2022\/08\/apartamento-2-quartos-reformado-no-leblon-rio-de-janeiro-rj-5-1.jpg\" data-tooltip-text=\"Apartamentos \u00e0 Venda no Leblon, Rio de Janeiro, RJ\" target=\"_blank\" rel=\"noreferrer noopener\" style=\"width:100%;height:100%;display:block;position:absolute;top:0;left:0\"><\/p>\n<h3 class=\"fill text-wrapper\" style=\"white-space:pre-line;overflow-wrap:break-word;word-break:break-word;margin:1.0033333333333332% 0;font-family:&quot;Hind&quot;,sans-serif;font-size:0.372168em;line-height:1.3;text-align:initial;padding:0;color:#000000\"><span><span style=\"color: #fff\">Um dos aspectos que retratam a excel\u00eancia do Leblon \u00e9 o alto crescimento de sua infraestrutura urbana, com estabelecimentos de grandes empresas e r\u00e1pido progresso do setor residencial.<\/span><\/span><\/h3>\n<p><\/a><\/div>\n<\/div>\n<\/div>\n<div style=\"position:absolute;pointer-events:none;left:82.03883%;top:98.22006%;width:15.29126%;height:10.84142%;opacity:0.5\">\n<div style=\"pointer-events:initial;width:100%;height:100%;display:block;position:absolute;top:0;left:0;z-index:0\" class=\"mask\" id=\"el-c8d0a0f9-0107-4665-a1b9-6cc2f9422647\"><a href=\"https:\/\/luxury.invexo.com.br\/apartamento-no-leblon\/?utm_source=webstories\" data-tooltip-text=\"Real Estate no Brasil \u2013 O que \u00e9, setores e tend\u00eancias imobili\u00e1rias\" target=\"_blank\" rel=\"noreferrer noopener\" style=\"width:100%;height:100%;display:block;position:absolute;top:0;left:0\"><\/p>\n<div style=\"position:absolute;width:106.34918%;height:100%;left:-3.17459%;top:0%\" data-leaf-element=\"true\"><amp-img layout=\"fill\" src=\"https:\/\/invexo.com.br\/blog\/wp-content\/uploads\/2022\/09\/marca-d-agua-site-branca.png\" alt=\"marca-d-agua-site-branca\" srcSet=\"https:\/\/invexo.com.br\/blog\/wp-content\/uploads\/2022\/09\/marca-d-agua-site-branca.png 200w,https:\/\/invexo.com.br\/blog\/wp-content\/uploads\/2022\/09\/marca-d-agua-site-branca-150x150.png 150w,https:\/\/invexo.com.br\/blog\/wp-content\/uploads\/2022\/09\/marca-d-agua-site-branca-96x96.png 96w\" sizes=\"(min-width: 1024px) 7vh, 15vw\" disable-inline-width=\"true\"><\/amp-img><\/div>\n<p><\/a><\/div>\n<\/div>\n<div style=\"position:absolute;pointer-events:none;left:0;top:-9.38511%;width:100%;height:62.29773%;opacity:1\">\n<div style=\"pointer-events:initial;width:100%;height:100%;display:block;position:absolute;top:0;left:0;z-index:0\" class=\"mask\" id=\"el-53f23c52-539f-4b7e-89b0-dd49acf07c17\"><a href=\"https:\/\/luxury.invexo.com.br\/apartamento-no-leblon\/?utm_source=webstories\" target=\"_blank\" rel=\"noreferrer noopener\" style=\"width:100%;height:100%;display:block;position:absolute;top:0;left:0\"><\/p>\n<div style=\"position:absolute;width:100%;height:138.50246%;left:0%;top:-19.25123%\" data-leaf-element=\"true\"><amp-img layout=\"fill\" src=\"https:\/\/invexo.com.br\/blog\/wp-content\/uploads\/2023\/03\/vista-apartamentos-a-venda-no-leblon-rio-de-janeiro.jpg\" alt=\"vista-apartamentos-a-venda-no-leblon-rio-de-janeiro\" srcSet=\"https:\/\/invexo.com.br\/blog\/wp-content\/uploads\/2023\/03\/vista-apartamentos-a-venda-no-leblon-rio-de-janeiro.jpg 418w,https:\/\/invexo.com.br\/blog\/wp-content\/uploads\/2023\/03\/vista-apartamentos-a-venda-no-leblon-rio-de-janeiro-232x300.jpg 232w,https:\/\/invexo.com.br\/blog\/wp-content\/uploads\/2023\/03\/vista-apartamentos-a-venda-no-leblon-rio-de-janeiro-150x194.jpg 150w\" sizes=\"(min-width: 1024px) 45vh, 100vw\" disable-inline-width=\"true\"><\/amp-img><\/div>\n<p><\/a><\/div>\n<\/div>\n<\/div>\n<\/div>\n<p><\/amp-story-grid-layer><\/amp-story-page><amp-story-page id=\"a008d97e-4739-4e43-8739-4b065132f44c\" auto-advance-after=\"7s\"><amp-story-animation layout=\"nodisplay\" trigger=\"visibility\"><script type=\"application\/json\">[{\"selector\":\"#anim-38b288b8-28b4-41d0-81d0-0eee1e6f1daa\",\"keyframes\":{\"opacity\":[0,1]},\"delay\":0,\"duration\":2000,\"easing\":\"cubic-bezier(0.2, 0.6, 0.0, 1)\",\"fill\":\"both\"}]<\/script><\/amp-story-animation><amp-story-animation layout=\"nodisplay\" trigger=\"visibility\"><script type=\"application\/json\">[{\"selector\":\"#anim-79e0d75a-dbd7-4a44-9ee3-b7ba0f491a0b\",\"keyframes\":{\"transform\":[\"translate3d(-100%, 0px, 0)\",\"translate3d(0px, 0px, 0)\"]},\"delay\":0,\"duration\":2000,\"easing\":\"cubic-bezier(0.2, 0.6, 0.0, 1)\",\"fill\":\"both\"}]<\/script><\/amp-story-animation><amp-story-animation layout=\"nodisplay\" trigger=\"visibility\"><script type=\"application\/json\">[{\"selector\":\"#anim-c53e166e-fb02-436e-9955-b3e5725b9849\",\"keyframes\":{\"opacity\":[0,1]},\"delay\":100,\"duration\":3000,\"easing\":\"cubic-bezier(0.4, 0.4, 0.0, 1)\",\"fill\":\"both\"}]<\/script><\/amp-story-animation><amp-story-grid-layer template=\"vertical\" aspect-ratio=\"412:618\" class=\"grid-layer\"><\/p>\n<div class=\"page-fullbleed-area\" style=\"background-color:#000\">\n<div class=\"page-safe-area\">\n<div style=\"position:absolute;pointer-events:none;left:0;top:-9.25926%;width:100%;height:118.51852%;opacity:1\">\n<div style=\"pointer-events:initial;width:100%;height:100%;display:block;position:absolute;top:0;left:0;z-index:0\" class=\"mask\" id=\"el-d1fcfbd8-286a-4910-80fe-f5f34411dbb2\">\n<div class=\"fill\" style=\"will-change:transform\"><\/div>\n<\/div>\n<\/div>\n<\/div>\n<\/div>\n<p><\/amp-story-grid-layer><amp-story-grid-layer template=\"vertical\" aspect-ratio=\"412:618\" class=\"grid-layer\"><\/p>\n<div class=\"page-fullbleed-area\">\n<div class=\"page-safe-area\">\n<div style=\"position:absolute;pointer-events:none;left:0;top:-25.72816%;width:100%;height:81.5534%;opacity:1\">\n<div style=\"pointer-events:initial;width:100%;height:100%;display:block;position:absolute;top:0;left:0;z-index:0\" class=\"mask\" id=\"el-ea0f3e8b-cf60-4356-8aab-8cfd49f370d3\">\n<div class=\"fill\" style=\"background-color:#ce9e00;will-change:transform\"><\/div>\n<\/div>\n<\/div>\n<div style=\"position:absolute;pointer-events:none;left:0;top:-9.2233%;width:49.75728%;height:35.27508%;opacity:1\">\n<div id=\"anim-38b288b8-28b4-41d0-81d0-0eee1e6f1daa\" class=\"animation-wrapper\" style=\"width:100%;height:100%;display:block;position:absolute;top:0;left:0;--initial-opacity:0;--initial-transform:none\">\n<div id=\"anim-79e0d75a-dbd7-4a44-9ee3-b7ba0f491a0b\" class=\"animation-wrapper\" style=\"width:100%;height:100%;display:block;position:absolute;top:0;left:0;--initial-opacity:1;--initial-transform:translate3d(-100%, 0px, 0)\">\n<div style=\"pointer-events:initial;width:100%;height:100%;display:block;position:absolute;top:0;left:0;z-index:0\" class=\"mask\" id=\"el-70c9bc40-0326-47a2-b18a-a4e682c110d5\"><a href=\"https:\/\/luxury.invexo.com.br\/apartamento-no-leblon\/?utm_source=webstories\" target=\"_blank\" rel=\"noreferrer noopener\" style=\"width:100%;height:100%;display:block;position:absolute;top:0;left:0\"><\/p>\n<div style=\"position:absolute;width:100%;height:125.08655%;left:0%;top:-12.54327%\" data-leaf-element=\"true\"><amp-img layout=\"fill\" src=\"https:\/\/invexo.com.br\/blog\/wp-content\/uploads\/2023\/03\/ap-de-luxo-apartamentos-a-venda-no-leblon-rio-de-janeiro.jpg\" alt=\"ap-de-luxo-apartamentos-a-venda-no-leblon-rio-de-janeiro\" srcSet=\"https:\/\/invexo.com.br\/blog\/wp-content\/uploads\/2023\/03\/ap-de-luxo-apartamentos-a-venda-no-leblon-rio-de-janeiro.jpg 424w,https:\/\/invexo.com.br\/blog\/wp-content\/uploads\/2023\/03\/ap-de-luxo-apartamentos-a-venda-no-leblon-rio-de-janeiro-226x300.jpg 226w,https:\/\/invexo.com.br\/blog\/wp-content\/uploads\/2023\/03\/ap-de-luxo-apartamentos-a-venda-no-leblon-rio-de-janeiro-150x200.jpg 150w\" sizes=\"(min-width: 1024px) 22vh, 50vw\" disable-inline-width=\"true\"><\/amp-img><\/div>\n<p><\/a><\/div>\n<\/div>\n<\/div>\n<\/div>\n<div style=\"position:absolute;pointer-events:none;left:50.97087%;top:-9.2233%;width:49.02913%;height:64.40129%;opacity:1\">\n<div style=\"pointer-events:initial;width:100%;height:100%;display:block;position:absolute;top:0;left:0;z-index:0\" class=\"mask\" id=\"el-7ca59bac-2e08-4305-827b-66be422542df\"><a href=\"https:\/\/luxury.invexo.com.br\/apartamento-no-leblon\/?utm_source=webstories\" target=\"_blank\" rel=\"noreferrer noopener\" style=\"width:100%;height:100%;display:block;position:absolute;top:0;left:0\"><\/p>\n<div style=\"position:absolute;width:135.18425%;height:100%;left:-17.59212%;top:0%\" data-leaf-element=\"true\"><amp-img layout=\"fill\" src=\"https:\/\/invexo.com.br\/blog\/wp-content\/uploads\/2023\/03\/sala-ap-apartamentos-a-venda-no-leblon-rio-de-janeiro-1.jpg\" alt=\"sala-ap-apartamentos-a-venda-no-leblon-rio-de-janeiro\" srcSet=\"https:\/\/invexo.com.br\/blog\/wp-content\/uploads\/2023\/03\/sala-ap-apartamentos-a-venda-no-leblon-rio-de-janeiro-1.jpg 494w,https:\/\/invexo.com.br\/blog\/wp-content\/uploads\/2023\/03\/sala-ap-apartamentos-a-venda-no-leblon-rio-de-janeiro-1-206x300.jpg 206w,https:\/\/invexo.com.br\/blog\/wp-content\/uploads\/2023\/03\/sala-ap-apartamentos-a-venda-no-leblon-rio-de-janeiro-1-150x219.jpg 150w\" sizes=\"(min-width: 1024px) 22vh, 49vw\" disable-inline-width=\"true\"><\/amp-img><\/div>\n<p><\/a><\/div>\n<\/div>\n<div style=\"position:absolute;pointer-events:none;left:5.09709%;top:61.97411%;width:85.43689%;height:6.6343%;opacity:1\">\n<div style=\"pointer-events:initial;width:100%;height:100%;display:block;position:absolute;top:0;left:0;z-index:0;border-radius:0.5681818181818182% 0.5681818181818182% 0.5681818181818182% 0.5681818181818182% \/ 4.878048780487805% 4.878048780487805% 4.878048780487805% 4.878048780487805%\" id=\"el-9fa9f2f5-1102-4187-b7c0-b6caf967a313\"><a href=\"https:\/\/luxury.invexo.com.br\/apartamento-no-leblon\/?utm_source=webstories\" target=\"_blank\" rel=\"noreferrer noopener\" style=\"width:100%;height:100%;display:block;position:absolute;top:0;left:0\"><\/p>\n<h2 class=\"fill text-wrapper\" style=\"white-space:pre-line;overflow-wrap:break-word;word-break:break-word;margin:0% 0;font-family:&quot;Lato&quot;,sans-serif;font-size:0.550162em;line-height:1.2;text-align:initial;padding:0;color:#000000\"><span><span style=\"font-weight: 700; color: #ce9e00; letter-spacing: 0.02em; text-transform: uppercase\">IM\u00d3VEIS NO LEBLON<\/span><\/span><\/h2>\n<p><\/a><\/div>\n<\/div>\n<div style=\"position:absolute;pointer-events:none;left:5.09709%;top:72.49191%;width:91.74757%;height:26.3754%;opacity:1\">\n<div id=\"anim-c53e166e-fb02-436e-9955-b3e5725b9849\" class=\"animation-wrapper\" style=\"width:100%;height:100%;display:block;position:absolute;top:0;left:0;--initial-opacity:0;--initial-transform:none\">\n<div style=\"pointer-events:initial;width:100%;height:100%;display:block;position:absolute;top:0;left:0;z-index:0;border-radius:0.5291005291005291% 0.5291005291005291% 0.5291005291005291% 0.5291005291005291% \/ 1.2269938650306749% 1.2269938650306749% 1.2269938650306749% 1.2269938650306749%\" id=\"el-d538406c-c5c9-441a-8702-7d2111d22334\"><a href=\"https:\/\/luxury.invexo.com.br\/apartamento-no-leblon\/?utm_source=webstories\" data-tooltip-icon=\"https:\/\/luxury.invexo.com.br\/wp-content\/uploads\/2022\/08\/apartamento-2-quartos-reformado-no-leblon-rio-de-janeiro-rj-5-1.jpg\" data-tooltip-text=\"Apartamentos \u00e0 Venda no Leblon, Rio de Janeiro, RJ\" target=\"_blank\" rel=\"noreferrer noopener\" style=\"width:100%;height:100%;display:block;position:absolute;top:0;left:0\"><\/p>\n<h3 class=\"fill text-wrapper\" style=\"white-space:pre-line;overflow-wrap:break-word;word-break:break-word;margin:0.9555555555555552% 0;font-family:&quot;Hind&quot;,sans-serif;font-size:0.388350em;line-height:1.3;text-align:initial;padding:0;color:#000000\"><span><span style=\"color: #fff\">S\u00e3o diversas op\u00e7\u00f5es de condom\u00ednios e im\u00f3veis residenciais que atendem \u00e0s necessidades e desejos de uma gama de cariocas que procuram viver com luxo e sofistica\u00e7\u00e3o.<\/span><\/span><\/h3>\n<p><\/a><\/div>\n<\/div>\n<\/div>\n<div style=\"position:absolute;pointer-events:none;left:82.03883%;top:98.22006%;width:15.29126%;height:10.84142%;opacity:0.5\">\n<div style=\"pointer-events:initial;width:100%;height:100%;display:block;position:absolute;top:0;left:0;z-index:0\" class=\"mask\" id=\"el-c1d28ffd-486e-4298-a946-6327ed9f6722\"><a href=\"https:\/\/luxury.invexo.com.br\/apartamento-no-leblon\/?utm_source=webstories\" data-tooltip-text=\"\" target=\"_blank\" rel=\"noreferrer noopener\" style=\"width:100%;height:100%;display:block;position:absolute;top:0;left:0\"><\/p>\n<div style=\"position:absolute;width:106.34918%;height:100%;left:-3.17459%;top:0%\" data-leaf-element=\"true\"><amp-img layout=\"fill\" src=\"https:\/\/invexo.com.br\/blog\/wp-content\/uploads\/2022\/09\/marca-d-agua-site-branca.png\" alt=\"marca-d-agua-site-branca\" srcSet=\"https:\/\/invexo.com.br\/blog\/wp-content\/uploads\/2022\/09\/marca-d-agua-site-branca.png 200w,https:\/\/invexo.com.br\/blog\/wp-content\/uploads\/2022\/09\/marca-d-agua-site-branca-150x150.png 150w,https:\/\/invexo.com.br\/blog\/wp-content\/uploads\/2022\/09\/marca-d-agua-site-branca-96x96.png 96w\" sizes=\"(min-width: 1024px) 7vh, 15vw\" disable-inline-width=\"true\"><\/amp-img><\/div>\n<p><\/a><\/div>\n<\/div>\n<div style=\"position:absolute;pointer-events:none;left:0;top:26.05178%;width:50%;height:28.9644%;opacity:1\">\n<div style=\"pointer-events:initial;width:100%;height:100%;display:block;position:absolute;top:0;left:0;z-index:0\" class=\"mask\" id=\"el-04b52120-ab04-4d16-bc28-ba0531e45766\"><a href=\"https:\/\/luxury.invexo.com.br\/apartamento-no-leblon\/?utm_source=webstories\" data-tooltip-icon=\"https:\/\/luxury.invexo.com.br\/wp-content\/uploads\/2022\/08\/apartamento-2-quartos-reformado-no-leblon-rio-de-janeiro-rj-5-1.jpg\" data-tooltip-text=\"Apartamentos \u00e0 Venda no Leblon, Rio de Janeiro, RJ\" target=\"_blank\" rel=\"noreferrer noopener\" style=\"width:100%;height:100%;display:block;position:absolute;top:0;left:0\"><\/p>\n<div style=\"position:absolute;width:100%;height:159.68566%;left:0%;top:-29.84283%\" data-leaf-element=\"true\"><amp-img layout=\"fill\" src=\"https:\/\/invexo.com.br\/blog\/wp-content\/uploads\/2023\/03\/piscina-de-ap-apartamentos-a-venda-no-leblon-rio-de-janeiro.jpg\" alt=\"piscina-de-ap-apartamentos-a-venda-no-leblon-rio-de-janeiro\" srcSet=\"https:\/\/invexo.com.br\/blog\/wp-content\/uploads\/2023\/03\/piscina-de-ap-apartamentos-a-venda-no-leblon-rio-de-janeiro.jpg 418w,https:\/\/invexo.com.br\/blog\/wp-content\/uploads\/2023\/03\/piscina-de-ap-apartamentos-a-venda-no-leblon-rio-de-janeiro-216x300.jpg 216w,https:\/\/invexo.com.br\/blog\/wp-content\/uploads\/2023\/03\/piscina-de-ap-apartamentos-a-venda-no-leblon-rio-de-janeiro-150x208.jpg 150w\" sizes=\"(min-width: 1024px) 23vh, 50vw\" disable-inline-width=\"true\"><\/amp-img><\/div>\n<p><\/a><\/div>\n<\/div>\n<\/div>\n<\/div>\n<p><\/amp-story-grid-layer><\/amp-story-page><amp-story-page id=\"19705bc4-77cc-4137-b6c8-e83175cbe3e4\" auto-advance-after=\"7s\"><amp-story-animation layout=\"nodisplay\" trigger=\"visibility\"><script type=\"application\/json\">[{\"selector\":\"#anim-6a06682b-ea09-40d4-b3de-b40910c17fc1\",\"keyframes\":{\"opacity\":[0,1]},\"delay\":0,\"duration\":3000,\"easing\":\"cubic-bezier(0.2, 0.6, 0.0, 1)\",\"fill\":\"both\"}]<\/script><\/amp-story-animation><amp-story-animation layout=\"nodisplay\" trigger=\"visibility\"><script type=\"application\/json\">[{\"selector\":\"#anim-b1f89b73-42b0-471f-bcd9-ffe1ef949594\",\"keyframes\":{\"transform\":[\"translate3d(-95.81396%, 0px, 0)\",\"translate3d(0px, 0px, 0)\"]},\"delay\":0,\"duration\":3000,\"easing\":\"cubic-bezier(0.2, 0.6, 0.0, 1)\",\"fill\":\"both\"}]<\/script><\/amp-story-animation><amp-story-animation layout=\"nodisplay\" trigger=\"visibility\"><script type=\"application\/json\">[{\"selector\":\"#anim-409da1dd-8f50-43ac-81cb-9cb23b27fd9f\",\"keyframes\":{\"opacity\":[0,1]},\"delay\":100,\"duration\":3000,\"easing\":\"cubic-bezier(0.4, 0.4, 0.0, 1)\",\"fill\":\"both\"}]<\/script><\/amp-story-animation><amp-story-grid-layer template=\"vertical\" aspect-ratio=\"412:618\" class=\"grid-layer\"><\/p>\n<div class=\"page-fullbleed-area\" style=\"background-color:#000\">\n<div class=\"page-safe-area\">\n<div style=\"position:absolute;pointer-events:none;left:0;top:-9.25926%;width:100%;height:118.51852%;opacity:1\">\n<div style=\"pointer-events:initial;width:100%;height:100%;display:block;position:absolute;top:0;left:0;z-index:0\" class=\"mask\" id=\"el-8eb62411-9bfc-428e-9e08-babadca3d7f9\">\n<div class=\"fill\" style=\"will-change:transform\"><\/div>\n<\/div>\n<\/div>\n<\/div>\n<\/div>\n<p><\/amp-story-grid-layer><amp-story-grid-layer template=\"vertical\" aspect-ratio=\"412:618\" class=\"grid-layer\"><\/p>\n<div class=\"page-fullbleed-area\">\n<div class=\"page-safe-area\">\n<div style=\"position:absolute;pointer-events:none;left:-4.36893%;top:108.25243%;width:104.36893%;height:12.62136%;opacity:1\">\n<div id=\"anim-6a06682b-ea09-40d4-b3de-b40910c17fc1\" class=\"animation-wrapper\" style=\"width:100%;height:100%;display:block;position:absolute;top:0;left:0;--initial-opacity:0;--initial-transform:none\">\n<div id=\"anim-b1f89b73-42b0-471f-bcd9-ffe1ef949594\" class=\"animation-wrapper\" style=\"width:100%;height:100%;display:block;position:absolute;top:0;left:0;--initial-opacity:1;--initial-transform:translate3d(-95.81396%, 0px, 0)\">\n<div style=\"pointer-events:initial;width:100%;height:100%;display:block;position:absolute;top:0;left:0;z-index:0\" class=\"mask\" id=\"el-630c4b1f-d936-4cdc-86b3-a061c7eb3102\">\n<div class=\"fill\" style=\"background-color:#ce9e00;will-change:transform\"><\/div>\n<\/div>\n<\/div>\n<\/div>\n<\/div>\n<div style=\"position:absolute;pointer-events:none;left:-0.97087%;top:-10.19417%;width:100.97087%;height:74.59547%;opacity:1\">\n<div style=\"pointer-events:initial;width:100%;height:100%;display:block;position:absolute;top:0;left:0;z-index:0\" class=\"mask\" id=\"el-f01ad7e0-4078-4041-b682-b0fa83155a49\"><a href=\"https:\/\/luxury.invexo.com.br\/apartamento-no-leblon\/?utm_source=webstories\" data-tooltip-icon=\"https:\/\/luxury.invexo.com.br\/wp-content\/uploads\/2022\/08\/apartamento-2-quartos-reformado-no-leblon-rio-de-janeiro-rj-5-1.jpg\" data-tooltip-text=\"Apartamentos \u00e0 Venda no Leblon, Rio de Janeiro, RJ\" target=\"_blank\" rel=\"noreferrer noopener\" style=\"width:100%;height:100%;display:block;position:absolute;top:0;left:0\"><\/p>\n<div style=\"position:absolute;width:100%;height:115.57483%;left:0%;top:-7.78742%\" data-leaf-element=\"true\"><amp-img layout=\"fill\" src=\"https:\/\/invexo.com.br\/blog\/wp-content\/uploads\/2023\/03\/calcadao-apartamentos-a-venda-no-leblon-rio-de-janeiro.jpg\" alt=\"calcadao-apartamentos-a-venda-no-leblon-rio-de-janeiro\" srcSet=\"https:\/\/invexo.com.br\/blog\/wp-content\/uploads\/2023\/03\/calcadao-apartamentos-a-venda-no-leblon-rio-de-janeiro.jpg 520w,https:\/\/invexo.com.br\/blog\/wp-content\/uploads\/2023\/03\/calcadao-apartamentos-a-venda-no-leblon-rio-de-janeiro-234x300.jpg 234w,https:\/\/invexo.com.br\/blog\/wp-content\/uploads\/2023\/03\/calcadao-apartamentos-a-venda-no-leblon-rio-de-janeiro-150x192.jpg 150w\" sizes=\"(min-width: 1024px) 45vh, 101vw\" disable-inline-width=\"true\"><\/amp-img><\/div>\n<p><\/a><\/div>\n<\/div>\n<div style=\"position:absolute;pointer-events:none;left:8.98058%;top:69.09385%;width:78.15534%;height:5.82524%;opacity:1\">\n<div style=\"pointer-events:initial;width:100%;height:100%;display:block;position:absolute;top:0;left:0;z-index:0;border-radius:0.6211180124223602% 0.6211180124223602% 0.6211180124223602% 0.6211180124223602% \/ 5.555555555555555% 5.555555555555555% 5.555555555555555% 5.555555555555555%\" id=\"el-199acbf8-85ed-44b8-a827-eaf3660b240d\"><a href=\"https:\/\/luxury.invexo.com.br\/apartamento-no-leblon\/?utm_source=webstories\" target=\"_blank\" rel=\"noreferrer noopener\" style=\"width:100%;height:100%;display:block;position:absolute;top:0;left:0\"><\/p>\n<h2 class=\"fill text-wrapper\" style=\"white-space:pre-line;overflow-wrap:break-word;word-break:break-word;margin:0% 0;font-family:&quot;Lato&quot;,sans-serif;font-size:0.485437em;line-height:1.2;text-align:initial;padding:0;color:#000000\"><span><span style=\"font-weight: 700; color: #ce9e00; letter-spacing: 0.02em; text-transform: uppercase\">RUAS INTELIGENTES<\/span><\/span><\/h2>\n<p><\/a><\/div>\n<\/div>\n<div style=\"position:absolute;pointer-events:none;left:9.46602%;top:77.50809%;width:80.58252%;height:24.11003%;opacity:1\">\n<div id=\"anim-409da1dd-8f50-43ac-81cb-9cb23b27fd9f\" class=\"animation-wrapper\" style=\"width:100%;height:100%;display:block;position:absolute;top:0;left:0;--initial-opacity:0;--initial-transform:none\">\n<div style=\"pointer-events:initial;width:100%;height:100%;display:block;position:absolute;top:0;left:0;z-index:0;border-radius:0.6024096385542169% 0.6024096385542169% 0.6024096385542169% 0.6024096385542169% \/ 1.342281879194631% 1.342281879194631% 1.342281879194631% 1.342281879194631%\" id=\"el-ba82677c-cca3-422d-985c-6b01ff8b8773\"><a href=\"https:\/\/luxury.invexo.com.br\/apartamento-no-leblon\/?utm_source=webstories\" data-tooltip-icon=\"https:\/\/luxury.invexo.com.br\/wp-content\/uploads\/2022\/08\/apartamento-2-quartos-reformado-no-leblon-rio-de-janeiro-rj-5-1.jpg\" data-tooltip-text=\"Apartamentos \u00e0 Venda no Leblon, Rio de Janeiro, RJ\" target=\"_blank\" rel=\"noreferrer noopener\" style=\"width:100%;height:100%;display:block;position:absolute;top:0;left:0\"><\/p>\n<h3 class=\"fill text-wrapper\" style=\"white-space:pre-line;overflow-wrap:break-word;word-break:break-word;margin:0.9972891566265061% 0;font-family:&quot;Hind&quot;,sans-serif;font-size:0.355987em;line-height:1.3;text-align:initial;padding:0;color:#000000\"><span><span style=\"color: #fff\">\u00d4nibus, metr\u00f4, t\u00e1xis e motoristas de aplicativos est\u00e3o dispon\u00edveis o tempo todo, oferecendo v\u00e1rios meios de acessar outras regi\u00f5es, sem grandes dificuldades.<\/span><\/span><\/h3>\n<p><\/a><\/div>\n<\/div>\n<\/div>\n<div style=\"position:absolute;pointer-events:none;left:82.03883%;top:98.22006%;width:15.29126%;height:10.84142%;opacity:0.5\">\n<div style=\"pointer-events:initial;width:100%;height:100%;display:block;position:absolute;top:0;left:0;z-index:0\" class=\"mask\" id=\"el-65a88c4d-09a2-408c-b5c5-53c46260dc28\"><a href=\"https:\/\/luxury.invexo.com.br\/apartamento-no-leblon\/?utm_source=webstories\" data-tooltip-text=\"\" target=\"_blank\" rel=\"noreferrer noopener\" style=\"width:100%;height:100%;display:block;position:absolute;top:0;left:0\"><\/p>\n<div style=\"position:absolute;width:106.34918%;height:100%;left:-3.17459%;top:0%\" data-leaf-element=\"true\"><amp-img layout=\"fill\" src=\"https:\/\/invexo.com.br\/blog\/wp-content\/uploads\/2022\/09\/marca-d-agua-site-branca.png\" alt=\"marca-d-agua-site-branca\" srcSet=\"https:\/\/invexo.com.br\/blog\/wp-content\/uploads\/2022\/09\/marca-d-agua-site-branca.png 200w,https:\/\/invexo.com.br\/blog\/wp-content\/uploads\/2022\/09\/marca-d-agua-site-branca-150x150.png 150w,https:\/\/invexo.com.br\/blog\/wp-content\/uploads\/2022\/09\/marca-d-agua-site-branca-96x96.png 96w\" sizes=\"(min-width: 1024px) 7vh, 15vw\" disable-inline-width=\"true\"><\/amp-img><\/div>\n<p><\/a><\/div>\n<\/div>\n<\/div>\n<\/div>\n<p><\/amp-story-grid-layer><\/amp-story-page><amp-story-page id=\"0b107022-a25f-4f2a-84aa-f650982a7195\" auto-advance-after=\"7s\"><amp-story-animation layout=\"nodisplay\" trigger=\"visibility\"><script type=\"application\/json\">[{\"selector\":\"#anim-1b07a545-fe5f-4c38-872f-3c9a14be7a9f\",\"keyframes\":{\"opacity\":[0,1]},\"delay\":100,\"duration\":3000,\"easing\":\"cubic-bezier(0.4, 0.4, 0.0, 1)\",\"fill\":\"both\"}]<\/script><\/amp-story-animation><amp-story-grid-layer template=\"vertical\" aspect-ratio=\"412:618\" class=\"grid-layer\"><\/p>\n<div class=\"page-fullbleed-area\" style=\"background-color:#000\">\n<div class=\"page-safe-area\">\n<div style=\"position:absolute;pointer-events:none;left:0;top:-9.25926%;width:100%;height:118.51852%;opacity:1\">\n<div style=\"pointer-events:initial;width:100%;height:100%;display:block;position:absolute;top:0;left:0;z-index:0\" class=\"mask\" id=\"el-e5758a0e-57fb-4f66-98f5-8ceb57cea64d\">\n<div class=\"fill\" style=\"will-change:transform\"><\/div>\n<\/div>\n<\/div>\n<\/div>\n<\/div>\n<p><\/amp-story-grid-layer><amp-story-grid-layer template=\"vertical\" aspect-ratio=\"412:618\" class=\"grid-layer\"><\/p>\n<div class=\"page-fullbleed-area\">\n<div class=\"page-safe-area\">\n<div style=\"position:absolute;pointer-events:none;left:8.98058%;top:69.25566%;width:76.69903%;height:7.76699%;opacity:1\">\n<div style=\"pointer-events:initial;width:100%;height:100%;display:block;position:absolute;top:0;left:0;z-index:0;border-radius:0.6329113924050633% 0.6329113924050633% 0.6329113924050633% 0.6329113924050633% \/ 4.166666666666666% 4.166666666666666% 4.166666666666666% 4.166666666666666%\" id=\"el-a6842cd4-8705-4c43-b037-21a62c57d447\"><a href=\"https:\/\/luxury.invexo.com.br\/apartamento-no-leblon\/?utm_source=webstories\" target=\"_blank\" rel=\"noreferrer noopener\" style=\"width:100%;height:100%;display:block;position:absolute;top:0;left:0\"><\/p>\n<h2 class=\"fill text-wrapper\" style=\"white-space:pre-line;overflow-wrap:break-word;word-break:break-word;margin:3.3275316455696204% 0;font-family:&quot;Hind&quot;,sans-serif;font-size:0.485437em;line-height:0.9;text-align:initial;padding:0;color:#000000\"><span><span style=\"font-weight: 600; color: #ce9e00; letter-spacing: 0.02em; text-transform: uppercase\">LAZER NO LEBLON<\/span><\/span><\/h2>\n<p><\/a><\/div>\n<\/div>\n<div style=\"position:absolute;pointer-events:none;left:8.98058%;top:77.6699%;width:81.31068%;height:22.00647%;opacity:1\">\n<div id=\"anim-1b07a545-fe5f-4c38-872f-3c9a14be7a9f\" class=\"animation-wrapper\" style=\"width:100%;height:100%;display:block;position:absolute;top:0;left:0;--initial-opacity:0;--initial-transform:none\">\n<div style=\"pointer-events:initial;width:100%;height:100%;display:block;position:absolute;top:0;left:0;z-index:0;border-radius:0.5970149253731344% 0.5970149253731344% 0.5970149253731344% 0.5970149253731344% \/ 1.4705882352941175% 1.4705882352941175% 1.4705882352941175% 1.4705882352941175%\" id=\"el-64955de9-e716-440b-b2ec-993a8d15761a\"><a href=\"https:\/\/luxury.invexo.com.br\/apartamento-no-leblon\/?utm_source=webstories\" data-tooltip-icon=\"https:\/\/luxury.invexo.com.br\/wp-content\/uploads\/2022\/08\/apartamento-2-quartos-reformado-no-leblon-rio-de-janeiro-rj-5-1.jpg\" data-tooltip-text=\"Apartamentos \u00e0 Venda no Leblon, Rio de Janeiro, RJ\" target=\"_blank\" rel=\"noreferrer noopener\" style=\"width:100%;height:100%;display:block;position:absolute;top:0;left:0\"><\/p>\n<p class=\"fill text-wrapper\" style=\"white-space:pre-line;overflow-wrap:break-word;word-break:break-word;margin:0.8985074626865666% 0;font-family:&quot;Hind&quot;,sans-serif;font-size:0.323625em;line-height:1.3;text-align:initial;padding:0;color:#000000\"><span><span style=\"color: #fff\">O Leblon tem muitas atividades e op\u00e7\u00f5es de lazer dispon\u00edveis: praia, cal\u00e7ad\u00e3o, parques, museus e teatros, por exemplo, s\u00e3o boas escolhas para quem deseja curtir a regi\u00e3o.<\/span><\/span><\/p>\n<p><\/a><\/div>\n<\/div>\n<\/div>\n<div style=\"position:absolute;pointer-events:none;left:5.09709%;top:50%;width:189.80583%;height:1.61812%;transform:rotate(90deg);opacity:1\">\n<div style=\"pointer-events:initial;width:100%;height:100%;display:block;position:absolute;top:0;left:0;z-index:0\" class=\"mask\" id=\"el-cf7344f9-985b-4eba-8af4-2f2e6f675c0a\">\n<div class=\"fill\" style=\"background-color:#ce9e00;will-change:transform\"><\/div>\n<\/div>\n<\/div>\n<div style=\"position:absolute;pointer-events:none;left:8.73786%;top:0;width:81.31068%;height:66.01942%;opacity:1\">\n<div style=\"pointer-events:initial;width:100%;height:100%;display:block;position:absolute;top:0;left:0;z-index:0\" class=\"mask\" id=\"el-51df02c0-a2b2-4aa7-935d-a7da3153146a\"><a href=\"https:\/\/luxury.invexo.com.br\/apartamento-no-leblon\/?utm_source=webstories\" target=\"_blank\" rel=\"noreferrer noopener\" style=\"width:100%;height:100%;display:block;position:absolute;top:0;left:0\"><\/p>\n<div style=\"position:absolute;width:100%;height:105.1612%;left:0%;top:-2.5806%\" data-leaf-element=\"true\"><amp-img layout=\"fill\" src=\"https:\/\/invexo.com.br\/blog\/wp-content\/uploads\/2023\/03\/volei-de-praia-apartamentos-a-venda-no-leblon-rio-de-janeiro.jpg\" alt=\"volei-de-praia-apartamentos-a-venda-no-leblon-rio-de-janeiro\" srcSet=\"https:\/\/invexo.com.br\/blog\/wp-content\/uploads\/2023\/03\/volei-de-praia-apartamentos-a-venda-no-leblon-rio-de-janeiro.jpg 520w,https:\/\/invexo.com.br\/blog\/wp-content\/uploads\/2023\/03\/volei-de-praia-apartamentos-a-venda-no-leblon-rio-de-janeiro-234x300.jpg 234w,https:\/\/invexo.com.br\/blog\/wp-content\/uploads\/2023\/03\/volei-de-praia-apartamentos-a-venda-no-leblon-rio-de-janeiro-150x192.jpg 150w\" sizes=\"(min-width: 1024px) 37vh, 81vw\" disable-inline-width=\"true\"><\/amp-img><\/div>\n<p><\/a><\/div>\n<\/div>\n<div style=\"position:absolute;pointer-events:none;left:82.28155%;top:98.22006%;width:15.29126%;height:10.84142%;opacity:0.5\">\n<div style=\"pointer-events:initial;width:100%;height:100%;display:block;position:absolute;top:0;left:0;z-index:0\" class=\"mask\" id=\"el-3b462054-1566-4356-b14b-ac7dfb5c3790\"><a href=\"https:\/\/luxury.invexo.com.br\/apartamento-no-leblon\/?utm_source=webstories\" data-tooltip-icon=\"https:\/\/luxury.invexo.com.br\/wp-content\/uploads\/2022\/08\/apartamento-2-quartos-reformado-no-leblon-rio-de-janeiro-rj-5-1.jpg\" data-tooltip-text=\"Apartamentos \u00e0 Venda no Leblon, Rio de Janeiro, RJ\" target=\"_blank\" rel=\"noreferrer noopener\" style=\"width:100%;height:100%;display:block;position:absolute;top:0;left:0\"><\/p>\n<div style=\"position:absolute;width:106.34918%;height:100%;left:-3.17459%;top:0%\" data-leaf-element=\"true\"><amp-img layout=\"fill\" src=\"https:\/\/invexo.com.br\/blog\/wp-content\/uploads\/2022\/09\/marca-d-agua-site-branca.png\" alt=\"marca-d-agua-site-branca\" srcSet=\"https:\/\/invexo.com.br\/blog\/wp-content\/uploads\/2022\/09\/marca-d-agua-site-branca.png 200w,https:\/\/invexo.com.br\/blog\/wp-content\/uploads\/2022\/09\/marca-d-agua-site-branca-150x150.png 150w,https:\/\/invexo.com.br\/blog\/wp-content\/uploads\/2022\/09\/marca-d-agua-site-branca-96x96.png 96w\" sizes=\"(min-width: 1024px) 7vh, 15vw\" disable-inline-width=\"true\"><\/amp-img><\/div>\n<p><\/a><\/div>\n<\/div>\n<\/div>\n<\/div>\n<p><\/amp-story-grid-layer><\/amp-story-page><amp-story-page id=\"1f59fc00-94b0-4c71-8699-4358b6b6c060\" auto-advance-after=\"7s\"><amp-story-animation layout=\"nodisplay\" trigger=\"visibility\"><script type=\"application\/json\">[{\"selector\":\"#anim-6db0563e-2360-4c3c-91cd-728e2bc8346f\",\"keyframes\":{\"opacity\":[0,1]},\"delay\":0,\"duration\":2000,\"easing\":\"cubic-bezier(0.2, 0.6, 0.0, 1)\",\"fill\":\"both\"}]<\/script><\/amp-story-animation><amp-story-animation layout=\"nodisplay\" trigger=\"visibility\"><script type=\"application\/json\">[{\"selector\":\"#anim-9e24ecae-cc74-4092-b243-e779ffd477cd\",\"keyframes\":{\"transform\":[\"translate3d(-78.49057%, 0px, 0)\",\"translate3d(0px, 0px, 0)\"]},\"delay\":0,\"duration\":2000,\"easing\":\"cubic-bezier(0.2, 0.6, 0.0, 1)\",\"fill\":\"both\"}]<\/script><\/amp-story-animation><amp-story-animation layout=\"nodisplay\" trigger=\"visibility\"><script type=\"application\/json\">[{\"selector\":\"#anim-2fc7033d-af82-4933-b0d0-e6ed6633d4b6\",\"keyframes\":{\"opacity\":[0,1]},\"delay\":100,\"duration\":3000,\"easing\":\"cubic-bezier(0.4, 0.4, 0.0, 1)\",\"fill\":\"both\"}]<\/script><\/amp-story-animation><amp-story-grid-layer template=\"vertical\" aspect-ratio=\"412:618\" class=\"grid-layer\"><\/p>\n<div class=\"page-fullbleed-area\" style=\"background-color:#000\">\n<div class=\"page-safe-area\">\n<div style=\"position:absolute;pointer-events:none;left:0;top:-9.25926%;width:100%;height:118.51852%;opacity:1\">\n<div style=\"pointer-events:initial;width:100%;height:100%;display:block;position:absolute;top:0;left:0;z-index:0\" class=\"mask\" id=\"el-2a943059-2b7c-4b72-b2c3-6a87defc966a\">\n<div class=\"fill\" style=\"will-change:transform\"><\/div>\n<\/div>\n<\/div>\n<\/div>\n<\/div>\n<p><\/amp-story-grid-layer><amp-story-grid-layer template=\"vertical\" aspect-ratio=\"412:618\" class=\"grid-layer\"><\/p>\n<div class=\"page-fullbleed-area\">\n<div class=\"page-safe-area\">\n<div style=\"position:absolute;pointer-events:none;left:-12.13592%;top:-13.1068%;width:117.71845%;height:67.31392%;opacity:1\">\n<div style=\"pointer-events:initial;width:100%;height:100%;display:block;position:absolute;top:0;left:0;z-index:0\" class=\"mask\" id=\"el-3c5c8405-a4c4-404c-ba6f-eff48c2c9f9c\">\n<div class=\"fill\" style=\"background-color:#000;will-change:transform\"><\/div>\n<\/div>\n<\/div>\n<div style=\"position:absolute;pointer-events:none;left:0;top:54.36893%;width:100%;height:84.14239%;opacity:1\">\n<div style=\"pointer-events:initial;width:100%;height:100%;display:block;position:absolute;top:0;left:0;z-index:0\" class=\"mask\" id=\"el-749d544c-58e2-4866-9548-4fc4bd8d0a4c\">\n<div class=\"fill\" style=\"background-color:#ce9e00;will-change:transform\"><\/div>\n<\/div>\n<\/div>\n<div style=\"position:absolute;pointer-events:none;left:-13.83495%;top:54.20712%;width:64.32039%;height:55.33981%;opacity:1\">\n<div id=\"anim-6db0563e-2360-4c3c-91cd-728e2bc8346f\" class=\"animation-wrapper\" style=\"width:100%;height:100%;display:block;position:absolute;top:0;left:0;--initial-opacity:0;--initial-transform:none\">\n<div id=\"anim-9e24ecae-cc74-4092-b243-e779ffd477cd\" class=\"animation-wrapper\" style=\"width:100%;height:100%;display:block;position:absolute;top:0;left:0;--initial-opacity:1;--initial-transform:translate3d(-78.49057%, 0px, 0)\">\n<div style=\"pointer-events:initial;width:100%;height:100%;display:block;position:absolute;top:0;left:0;z-index:0\" class=\"mask\" id=\"el-40db30f9-b5a2-4476-8af5-f95cab37a056\">\n<div style=\"position:absolute;width:100%;height:116.22806%;left:0%;top:-8.11403%\" data-leaf-element=\"true\"><amp-img layout=\"fill\" src=\"https:\/\/images.unsplash.com\/photo-1615887625746-f3d2aa27e048?ixid=MnwxMzcxOTN8MHwxfHNlYXJjaHw0Nnx8YmFyfGVufDB8fHx8MTY2NDU1NDY1Ng&amp;ixlib=rb-1.2.1&amp;fm=jpg&amp;w=2624&amp;h=3936&amp;fit=max\" alt=\"clear drinking glass with yellow liquid\" srcSet=\"https:\/\/images.unsplash.com\/photo-1615887625746-f3d2aa27e048?ixid=MnwxMzcxOTN8MHwxfHNlYXJjaHw0Nnx8YmFyfGVufDB8fHx8MTY2NDU1NDY1Ng&amp;ixlib=rb-1.2.1&amp;fm=jpg&amp;w=2624&amp;h=3936&amp;fit=max 2624w,https:\/\/images.unsplash.com\/photo-1615887625746-f3d2aa27e048?ixid=MnwxMzcxOTN8MHwxfHNlYXJjaHw0Nnx8YmFyfGVufDB8fHx8MTY2NDU1NDY1Ng&amp;ixlib=rb-1.2.1&amp;fm=jpg&amp;w=2099&amp;h=3149&amp;fit=max 2099w,https:\/\/images.unsplash.com\/photo-1615887625746-f3d2aa27e048?ixid=MnwxMzcxOTN8MHwxfHNlYXJjaHw0Nnx8YmFyfGVufDB8fHx8MTY2NDU1NDY1Ng&amp;ixlib=rb-1.2.1&amp;fm=jpg&amp;w=1574&amp;h=2361&amp;fit=max 1574w,https:\/\/images.unsplash.com\/photo-1615887625746-f3d2aa27e048?ixid=MnwxMzcxOTN8MHwxfHNlYXJjaHw0Nnx8YmFyfGVufDB8fHx8MTY2NDU1NDY1Ng&amp;ixlib=rb-1.2.1&amp;fm=jpg&amp;w=1049&amp;h=1574&amp;fit=max 1049w,https:\/\/images.unsplash.com\/photo-1615887625746-f3d2aa27e048?ixid=MnwxMzcxOTN8MHwxfHNlYXJjaHw0Nnx8YmFyfGVufDB8fHx8MTY2NDU1NDY1Ng&amp;ixlib=rb-1.2.1&amp;fm=jpg&amp;w=524&amp;h=786&amp;fit=max 524w,https:\/\/images.unsplash.com\/photo-1615887625746-f3d2aa27e048?ixid=MnwxMzcxOTN8MHwxfHNlYXJjaHw0Nnx8YmFyfGVufDB8fHx8MTY2NDU1NDY1Ng&amp;ixlib=rb-1.2.1&amp;fm=jpg&amp;w=340&amp;h=510&amp;fit=max 340w\" sizes=\"(min-width: 1024px) 29vh, 64vw\" disable-inline-width=\"true\"><\/amp-img><\/div>\n<div class=\"element-overlay-area\" style=\"background-color:rgba(0,0,0,0.5)\"><\/div>\n<\/div>\n<\/div>\n<\/div>\n<\/div>\n<div style=\"position:absolute;pointer-events:none;left:51.69903%;top:54.36893%;width:61.8932%;height:68.93204%;opacity:1\">\n<div style=\"pointer-events:initial;width:100%;height:100%;display:block;position:absolute;top:0;left:0;z-index:0\" class=\"mask\" id=\"el-328b49b3-de87-4ca7-ac09-12bc9295686b\">\n<div style=\"position:absolute;width:111.37256%;height:100%;left:-5.68628%;top:0%\" data-leaf-element=\"true\"><amp-img layout=\"fill\" src=\"https:\/\/images.unsplash.com\/photo-1597075687490-8f673c6c17f6?ixid=MnwxMzcxOTN8MHwxfHNlYXJjaHwxN3x8YmFyfGVufDB8fHx8MTY2NDU0ODU5Ng&amp;ixlib=rb-1.2.1&amp;fm=jpg&amp;w=2624&amp;h=3936&amp;fit=max\" alt=\"media\/unsplash:QjUY7auDzUQ\" srcSet=\"https:\/\/images.unsplash.com\/photo-1597075687490-8f673c6c17f6?ixid=MnwxMzcxOTN8MHwxfHNlYXJjaHwxN3x8YmFyfGVufDB8fHx8MTY2NDU0ODU5Ng&amp;ixlib=rb-1.2.1&amp;fm=jpg&amp;w=2624&amp;h=3936&amp;fit=max 2624w,https:\/\/images.unsplash.com\/photo-1597075687490-8f673c6c17f6?ixid=MnwxMzcxOTN8MHwxfHNlYXJjaHwxN3x8YmFyfGVufDB8fHx8MTY2NDU0ODU5Ng&amp;ixlib=rb-1.2.1&amp;fm=jpg&amp;w=2099&amp;h=3149&amp;fit=max 2099w,https:\/\/images.unsplash.com\/photo-1597075687490-8f673c6c17f6?ixid=MnwxMzcxOTN8MHwxfHNlYXJjaHwxN3x8YmFyfGVufDB8fHx8MTY2NDU0ODU5Ng&amp;ixlib=rb-1.2.1&amp;fm=jpg&amp;w=1574&amp;h=2361&amp;fit=max 1574w,https:\/\/images.unsplash.com\/photo-1597075687490-8f673c6c17f6?ixid=MnwxMzcxOTN8MHwxfHNlYXJjaHwxN3x8YmFyfGVufDB8fHx8MTY2NDU0ODU5Ng&amp;ixlib=rb-1.2.1&amp;fm=jpg&amp;w=1049&amp;h=1574&amp;fit=max 1049w,https:\/\/images.unsplash.com\/photo-1597075687490-8f673c6c17f6?ixid=MnwxMzcxOTN8MHwxfHNlYXJjaHwxN3x8YmFyfGVufDB8fHx8MTY2NDU0ODU5Ng&amp;ixlib=rb-1.2.1&amp;fm=jpg&amp;w=524&amp;h=786&amp;fit=max 524w,https:\/\/images.unsplash.com\/photo-1597075687490-8f673c6c17f6?ixid=MnwxMzcxOTN8MHwxfHNlYXJjaHwxN3x8YmFyfGVufDB8fHx8MTY2NDU0ODU5Ng&amp;ixlib=rb-1.2.1&amp;fm=jpg&amp;w=340&amp;h=510&amp;fit=max 340w\" sizes=\"(min-width: 1024px) 28vh, 62vw\" disable-inline-width=\"true\"><\/amp-img><\/div>\n<div class=\"element-overlay-area\" style=\"background-color:rgba(0,0,0,0.5)\"><\/div>\n<\/div>\n<\/div>\n<div style=\"position:absolute;pointer-events:none;left:51.69903%;top:53.8835%;width:50.48544%;height:55.17799%;opacity:1\">\n<div style=\"pointer-events:initial;width:100%;height:100%;display:block;position:absolute;top:0;left:0;z-index:0\" class=\"mask\" id=\"el-11e30821-ac92-48e2-960a-f1bd0ca68dd6\"><a href=\"https:\/\/luxury.invexo.com.br\/apartamento-no-leblon\/?utm_source=webstories\" target=\"_blank\" rel=\"noreferrer noopener\" style=\"width:100%;height:100%;display:block;position:absolute;top:0;left:0\"><\/p>\n<div style=\"position:absolute;width:118.15151%;height:100%;left:-9.07576%;top:0%\" data-leaf-element=\"true\"><amp-img layout=\"fill\" src=\"https:\/\/invexo.com.br\/blog\/wp-content\/uploads\/2023\/03\/seguranca-apartamentos-a-venda-no-leblon-rio-de-janeiro.jpg\" alt=\"seguranca-apartamentos-a-venda-no-leblon-rio-de-janeiro\" srcSet=\"https:\/\/invexo.com.br\/blog\/wp-content\/uploads\/2023\/03\/seguranca-apartamentos-a-venda-no-leblon-rio-de-janeiro.jpg 418w,https:\/\/invexo.com.br\/blog\/wp-content\/uploads\/2023\/03\/seguranca-apartamentos-a-venda-no-leblon-rio-de-janeiro-216x300.jpg 216w,https:\/\/invexo.com.br\/blog\/wp-content\/uploads\/2023\/03\/seguranca-apartamentos-a-venda-no-leblon-rio-de-janeiro-150x208.jpg 150w\" sizes=\"(min-width: 1024px) 23vh, 50vw\" disable-inline-width=\"true\"><\/amp-img><\/div>\n<p><\/a><\/div>\n<\/div>\n<div style=\"position:absolute;pointer-events:none;left:8.00971%;top:3.55987%;width:78.15534%;height:6.31068%;opacity:1\">\n<div style=\"pointer-events:initial;width:100%;height:100%;display:block;position:absolute;top:0;left:0;z-index:0;border-radius:0.6211180124223602% 0.6211180124223602% 0.6211180124223602% 0.6211180124223602% \/ 5.128205128205128% 5.128205128205128% 5.128205128205128% 5.128205128205128%\" id=\"el-198bdbd5-4dfc-4f7d-bedb-7a3a85ac91ff\"><a href=\"https:\/\/luxury.invexo.com.br\/apartamento-no-leblon\/?utm_source=webstories\" target=\"_blank\" rel=\"noreferrer noopener\" style=\"width:100%;height:100%;display:block;position:absolute;top:0;left:0\"><\/p>\n<h2 class=\"fill text-wrapper\" style=\"white-space:pre-line;overflow-wrap:break-word;word-break:break-word;margin:0% 0;font-family:&quot;Lato&quot;,sans-serif;font-size:0.533981em;line-height:1.2;text-align:initial;padding:0;color:#000000\"><span><span style=\"font-weight: 700; color: #ce9e00; letter-spacing: 0.02em; text-transform: uppercase\">LEBLON \u00c9 SEGURO<\/span><\/span><\/h2>\n<p><\/a><\/div>\n<\/div>\n<div style=\"position:absolute;pointer-events:none;left:8.00971%;top:16.82848%;width:81.79612%;height:30.09709%;opacity:1\">\n<div id=\"anim-2fc7033d-af82-4933-b0d0-e6ed6633d4b6\" class=\"animation-wrapper\" style=\"width:100%;height:100%;display:block;position:absolute;top:0;left:0;--initial-opacity:0;--initial-transform:none\">\n<div style=\"pointer-events:initial;width:100%;height:100%;display:block;position:absolute;top:0;left:0;z-index:0;border-radius:0.5934718100890208% 0.5934718100890208% 0.5934718100890208% 0.5934718100890208% \/ 1.0752688172043012% 1.0752688172043012% 1.0752688172043012% 1.0752688172043012%\" id=\"el-3af34ee4-28c6-45e2-b1b6-e954a2393788\"><a href=\"https:\/\/luxury.invexo.com.br\/apartamento-no-leblon\/?utm_source=webstories\" data-tooltip-icon=\"https:\/\/luxury.invexo.com.br\/wp-content\/uploads\/2022\/08\/apartamento-2-quartos-reformado-no-leblon-rio-de-janeiro-rj-5-1.jpg\" data-tooltip-text=\"Apartamentos \u00e0 Venda no Leblon, Rio de Janeiro, RJ\" target=\"_blank\" rel=\"noreferrer noopener\" style=\"width:100%;height:100%;display:block;position:absolute;top:0;left:0\"><\/p>\n<h3 class=\"fill text-wrapper\" style=\"white-space:pre-line;overflow-wrap:break-word;word-break:break-word;margin:1.0271513353115724% 0;font-family:&quot;Hind&quot;,sans-serif;font-size:0.372168em;line-height:1.3;text-align:initial;padding:0;color:#000000\"><span><span style=\"color: #fff\">Al\u00e9m da vigil\u00e2ncia perimetral, grande parte dos residenciais conta com projetos de seguran\u00e7a eficazes, usando biometria, acesso por senha, circuito interno e outros recursos tecnol\u00f3gicos.<\/span><\/span><\/h3>\n<p><\/a><\/div>\n<\/div>\n<\/div>\n<div style=\"position:absolute;pointer-events:none;left:82.03883%;top:98.22006%;width:15.29126%;height:10.84142%;opacity:0.5\">\n<div style=\"pointer-events:initial;width:100%;height:100%;display:block;position:absolute;top:0;left:0;z-index:0\" class=\"mask\" id=\"el-1175f187-8c5e-406f-939a-ab546361bc11\"><a href=\"https:\/\/luxury.invexo.com.br\/apartamento-no-leblon\/?utm_source=webstories\" data-tooltip-text=\"\" target=\"_blank\" rel=\"noreferrer noopener\" style=\"width:100%;height:100%;display:block;position:absolute;top:0;left:0\"><\/p>\n<div style=\"position:absolute;width:106.34918%;height:100%;left:-3.17459%;top:0%\" data-leaf-element=\"true\"><amp-img layout=\"fill\" src=\"https:\/\/invexo.com.br\/blog\/wp-content\/uploads\/2022\/09\/marca-d-agua-site-branca.png\" alt=\"marca-d-agua-site-branca\" srcSet=\"https:\/\/invexo.com.br\/blog\/wp-content\/uploads\/2022\/09\/marca-d-agua-site-branca.png 200w,https:\/\/invexo.com.br\/blog\/wp-content\/uploads\/2022\/09\/marca-d-agua-site-branca-150x150.png 150w,https:\/\/invexo.com.br\/blog\/wp-content\/uploads\/2022\/09\/marca-d-agua-site-branca-96x96.png 96w\" sizes=\"(min-width: 1024px) 7vh, 15vw\" disable-inline-width=\"true\"><\/amp-img><\/div>\n<p><\/a><\/div>\n<\/div>\n<div style=\"position:absolute;pointer-events:none;left:-0.72816%;top:54.20712%;width:50.72816%;height:55.33981%;opacity:1\">\n<div style=\"pointer-events:initial;width:100%;height:100%;display:block;position:absolute;top:0;left:0;z-index:0\" class=\"mask\" id=\"el-ca9e69c5-e7e1-4e18-9be3-582c67701a3e\">\n<div style=\"position:absolute;width:126.43253%;height:100%;left:-13.21627%;top:0%\" data-leaf-element=\"true\"><amp-img layout=\"fill\" src=\"https:\/\/invexo.com.br\/blog\/wp-content\/uploads\/2023\/03\/seguranca2-apartamentos-a-venda-no-leblon-rio-de-janeiro.jpg\" alt=\"seguranca2-apartamentos-a-venda-no-leblon-rio-de-janeiro\" srcSet=\"https:\/\/invexo.com.br\/blog\/wp-content\/uploads\/2023\/03\/seguranca2-apartamentos-a-venda-no-leblon-rio-de-janeiro.jpg 418w,https:\/\/invexo.com.br\/blog\/wp-content\/uploads\/2023\/03\/seguranca2-apartamentos-a-venda-no-leblon-rio-de-janeiro-232x300.jpg 232w,https:\/\/invexo.com.br\/blog\/wp-content\/uploads\/2023\/03\/seguranca2-apartamentos-a-venda-no-leblon-rio-de-janeiro-150x194.jpg 150w\" sizes=\"(min-width: 1024px) 23vh, 51vw\" disable-inline-width=\"true\"><\/amp-img><\/div>\n<\/div>\n<\/div>\n<div style=\"position:absolute;pointer-events:none;left:0;top:53.8835%;width:50.48544%;height:55.17799%;opacity:1\">\n<div style=\"pointer-events:initial;width:100%;height:100%;display:block;position:absolute;top:0;left:0;z-index:0\" class=\"mask\" id=\"el-2a61f698-74d4-47d5-81dd-f37a0439c22a\"><a href=\"https:\/\/luxury.invexo.com.br\/apartamento-no-leblon\/?utm_source=webstories\" data-tooltip-icon=\"https:\/\/luxury.invexo.com.br\/wp-content\/uploads\/2022\/08\/apartamento-2-quartos-reformado-no-leblon-rio-de-janeiro-rj-5-1.jpg\" data-tooltip-text=\"Apartamentos \u00e0 Venda no Leblon, Rio de Janeiro, RJ\" target=\"_blank\" rel=\"noreferrer noopener\" style=\"width:100%;height:100%;display:block;position:absolute;top:0;left:0\"><\/p>\n<div style=\"position:absolute;width:126.6689%;height:100%;left:-13.33445%;top:0%\" data-leaf-element=\"true\"><amp-img layout=\"fill\" src=\"https:\/\/invexo.com.br\/blog\/wp-content\/uploads\/2023\/03\/seguranca2-apartamentos-a-venda-no-leblon-rio-de-janeiro-1.jpg\" alt=\"seguranca2-apartamentos-a-venda-no-leblon-rio-de-janeiro\" srcSet=\"https:\/\/invexo.com.br\/blog\/wp-content\/uploads\/2023\/03\/seguranca2-apartamentos-a-venda-no-leblon-rio-de-janeiro-1.jpg 418w,https:\/\/invexo.com.br\/blog\/wp-content\/uploads\/2023\/03\/seguranca2-apartamentos-a-venda-no-leblon-rio-de-janeiro-1-232x300.jpg 232w,https:\/\/invexo.com.br\/blog\/wp-content\/uploads\/2023\/03\/seguranca2-apartamentos-a-venda-no-leblon-rio-de-janeiro-1-150x194.jpg 150w\" sizes=\"(min-width: 1024px) 23vh, 50vw\" disable-inline-width=\"true\"><\/amp-img><\/div>\n<p><\/a><\/div>\n<\/div>\n<\/div>\n<\/div>\n<p><\/amp-story-grid-layer><\/amp-story-page><amp-story-page id=\"f3843afa-3666-43e2-9a11-89ea6e6fdd8a\" auto-advance-after=\"7s\"><amp-story-animation layout=\"nodisplay\" trigger=\"visibility\"><script type=\"application\/json\">[{\"selector\":\"#anim-2bc869d8-8ff1-41c9-a1fb-fb632386f95c\",\"keyframes\":{\"opacity\":[0,1]},\"delay\":100,\"duration\":3000,\"easing\":\"cubic-bezier(0.4, 0.4, 0.0, 1)\",\"fill\":\"both\"}]<\/script><\/amp-story-animation><amp-story-grid-layer template=\"vertical\" aspect-ratio=\"412:618\" class=\"grid-layer\"><\/p>\n<div class=\"page-fullbleed-area\" style=\"background-color:#000\">\n<div class=\"page-safe-area\">\n<div style=\"position:absolute;pointer-events:none;left:0;top:-9.25926%;width:100%;height:118.51852%;opacity:1\">\n<div style=\"pointer-events:initial;width:100%;height:100%;display:block;position:absolute;top:0;left:0;z-index:0\" class=\"mask\" id=\"el-2c0f5303-5faf-4834-86da-fcc3986b6b58\">\n<div class=\"fill\" style=\"will-change:transform\"><\/div>\n<\/div>\n<\/div>\n<\/div>\n<\/div>\n<p><\/amp-story-grid-layer><amp-story-grid-layer template=\"vertical\" aspect-ratio=\"412:618\" class=\"grid-layer\"><\/p>\n<div class=\"page-fullbleed-area\">\n<div class=\"page-safe-area\">\n<div style=\"position:absolute;pointer-events:none;left:0;top:-72.00647%;width:100%;height:118.4466%;opacity:1\">\n<div style=\"pointer-events:initial;width:100%;height:100%;display:block;position:absolute;top:0;left:0;z-index:0\" class=\"mask\" id=\"el-bfa08f7e-cd29-496d-973b-318eb35d8d87\">\n<div class=\"fill\" style=\"background-color:#000;will-change:transform\"><\/div>\n<\/div>\n<\/div>\n<div style=\"position:absolute;pointer-events:none;left:-29.85437%;top:47.89644%;width:138.83495%;height:3.23625%;opacity:1\">\n<div style=\"pointer-events:initial;width:100%;height:100%;display:block;position:absolute;top:0;left:0;z-index:0\" class=\"mask\" id=\"el-f14c8712-5d6d-4237-99b3-6993fca4aef1\">\n<div class=\"fill\" style=\"background-color:#ce9e00;will-change:transform\"><\/div>\n<\/div>\n<\/div>\n<div style=\"position:absolute;pointer-events:none;left:0;top:-9.06149%;width:100%;height:55.82524%;opacity:1\">\n<div style=\"pointer-events:initial;width:100%;height:100%;display:block;position:absolute;top:0;left:0;z-index:0\" class=\"mask\" id=\"el-eebe70c5-6b22-441a-a84f-1b5cc5a7214a\">\n<div style=\"position:absolute;width:100%;height:152.94984%;left:0%;top:-26.47492%\" data-leaf-element=\"true\"><amp-img layout=\"fill\" src=\"https:\/\/invexo.com.br\/blog\/wp-content\/uploads\/2023\/03\/vista-bairro-apartamentos-a-venda-no-leblon-rio-de-janeiro.jpg\" alt=\"vista-bairro-apartamentos-a-venda-no-leblon-rio-de-janeiro\" srcSet=\"https:\/\/invexo.com.br\/blog\/wp-content\/uploads\/2023\/03\/vista-bairro-apartamentos-a-venda-no-leblon-rio-de-janeiro.jpg 520w,https:\/\/invexo.com.br\/blog\/wp-content\/uploads\/2023\/03\/vista-bairro-apartamentos-a-venda-no-leblon-rio-de-janeiro-234x300.jpg 234w,https:\/\/invexo.com.br\/blog\/wp-content\/uploads\/2023\/03\/vista-bairro-apartamentos-a-venda-no-leblon-rio-de-janeiro-150x192.jpg 150w\" sizes=\"(min-width: 1024px) 45vh, 100vw\" disable-inline-width=\"true\"><\/amp-img><\/div>\n<\/div>\n<\/div>\n<div style=\"position:absolute;pointer-events:none;left:7.28155%;top:55.82524%;width:81.06796%;height:11.65049%;opacity:1\">\n<div style=\"pointer-events:initial;width:100%;height:100%;display:block;position:absolute;top:0;left:0;z-index:0;border-radius:0.5988023952095809% 0.5988023952095809% 0.5988023952095809% 0.5988023952095809% \/ 2.7777777777777777% 2.7777777777777777% 2.7777777777777777% 2.7777777777777777%\" id=\"el-5e33ae1b-0410-4dae-a70b-9a95202dd5ad\"><a href=\"https:\/\/luxury.invexo.com.br\/apartamento-no-leblon\/?utm_source=webstories\" target=\"_blank\" rel=\"noreferrer noopener\" style=\"width:100%;height:100%;display:block;position:absolute;top:0;left:0\"><\/p>\n<h2 class=\"fill text-wrapper\" style=\"white-space:pre-line;overflow-wrap:break-word;word-break:break-word;margin:0% 0;font-family:&quot;Lato&quot;,sans-serif;font-size:0.485437em;line-height:1.2;text-align:initial;padding:0;color:#000000\"><span><span style=\"font-weight: 700; color: #ce9e00; letter-spacing: 0.02em; text-transform: uppercase\">o metro quadrado no leblon<\/span><\/span><\/h2>\n<p><\/a><\/div>\n<\/div>\n<div style=\"position:absolute;pointer-events:none;left:7.28155%;top:69.57929%;width:90.04854%;height:30.2589%;opacity:1\">\n<div id=\"anim-2bc869d8-8ff1-41c9-a1fb-fb632386f95c\" class=\"animation-wrapper\" style=\"width:100%;height:100%;display:block;position:absolute;top:0;left:0;--initial-opacity:0;--initial-transform:none\">\n<div style=\"pointer-events:initial;width:100%;height:100%;display:block;position:absolute;top:0;left:0;z-index:0;border-radius:0.5390835579514826% 0.5390835579514826% 0.5390835579514826% 0.5390835579514826% \/ 1.06951871657754% 1.06951871657754% 1.06951871657754% 1.06951871657754%\" id=\"el-b9cdfe6d-9835-4ace-bbf5-c6c069042040\"><a href=\"https:\/\/luxury.invexo.com.br\/apartamento-no-leblon\/?utm_source=webstories\" data-tooltip-icon=\"https:\/\/luxury.invexo.com.br\/wp-content\/uploads\/2022\/08\/apartamento-2-quartos-reformado-no-leblon-rio-de-janeiro-rj-5-1.jpg\" data-tooltip-text=\"Apartamentos \u00e0 Venda no Leblon, Rio de Janeiro, RJ\" target=\"_blank\" rel=\"noreferrer noopener\" style=\"width:100%;height:100%;display:block;position:absolute;top:0;left:0\"><\/p>\n<h3 class=\"fill text-wrapper\" style=\"white-space:pre-line;overflow-wrap:break-word;word-break:break-word;margin:0.9330188679245282% 0;font-family:&quot;Hind&quot;,sans-serif;font-size:0.372168em;line-height:1.3;text-align:initial;padding:0;color:#000000\"><span><span style=\"color: #fff\">Com tanta fama, n\u00e3o \u00e9 de se espantar que o Leblon ostente o t\u00edtulo de bairro com o metro quadrado mais caro do Brasil, atingindo o valor m\u00e9dio&nbsp;<\/span><br \/>\n<span style=\"color: #fff\">de R$ 20 mil.<\/span><\/span><\/h3>\n<p><\/a><\/div>\n<\/div>\n<\/div>\n<div style=\"position:absolute;pointer-events:none;left:82.03883%;top:98.22006%;width:15.29126%;height:10.84142%;opacity:0.5\">\n<div style=\"pointer-events:initial;width:100%;height:100%;display:block;position:absolute;top:0;left:0;z-index:0\" class=\"mask\" id=\"el-3f7eb1b1-f175-4bc7-821d-b365e2b13639\"><a href=\"https:\/\/luxury.invexo.com.br\/apartamento-no-leblon\/?utm_source=webstories\" data-tooltip-text=\"\" target=\"_blank\" rel=\"noreferrer noopener\" style=\"width:100%;height:100%;display:block;position:absolute;top:0;left:0\"><\/p>\n<div style=\"position:absolute;width:106.34918%;height:100%;left:-3.17459%;top:0%\" data-leaf-element=\"true\"><amp-img layout=\"fill\" src=\"https:\/\/invexo.com.br\/blog\/wp-content\/uploads\/2022\/09\/marca-d-agua-site-branca.png\" alt=\"marca-d-agua-site-branca\" srcSet=\"https:\/\/invexo.com.br\/blog\/wp-content\/uploads\/2022\/09\/marca-d-agua-site-branca.png 200w,https:\/\/invexo.com.br\/blog\/wp-content\/uploads\/2022\/09\/marca-d-agua-site-branca-150x150.png 150w,https:\/\/invexo.com.br\/blog\/wp-content\/uploads\/2022\/09\/marca-d-agua-site-branca-96x96.png 96w\" sizes=\"(min-width: 1024px) 7vh, 15vw\" disable-inline-width=\"true\"><\/amp-img><\/div>\n<p><\/a><\/div>\n<\/div>\n<div style=\"position:absolute;pointer-events:none;left:-4.12621%;top:-9.06149%;width:107.28155%;height:58.73786%;opacity:1\">\n<div style=\"pointer-events:initial;width:100%;height:100%;display:block;position:absolute;top:0;left:0;z-index:0\" class=\"mask\" id=\"el-0ed85d78-75a3-49c9-8606-e44f6dfbae7c\"><a href=\"https:\/\/luxury.invexo.com.br\/apartamento-no-leblon\/?utm_source=webstories\" data-tooltip-icon=\"https:\/\/luxury.invexo.com.br\/wp-content\/uploads\/2022\/08\/apartamento-2-quartos-reformado-no-leblon-rio-de-janeiro-rj-5-1.jpg\" data-tooltip-text=\"Apartamentos \u00e0 Venda no Leblon, Rio de Janeiro, RJ\" target=\"_blank\" rel=\"noreferrer noopener\" style=\"width:100%;height:100%;display:block;position:absolute;top:0;left:0\"><\/p>\n<div style=\"position:absolute;width:100%;height:155.95042%;left:0%;top:-27.97521%\" data-leaf-element=\"true\"><amp-img layout=\"fill\" src=\"https:\/\/invexo.com.br\/blog\/wp-content\/uploads\/2023\/03\/leblon-a-noite-apartamentos-a-venda-no-leblon-rio-de-janeiro.jpg\" alt=\"leblon-a-noite-apartamentos-a-venda-no-leblon-rio-de-janeiro\" srcSet=\"https:\/\/invexo.com.br\/blog\/wp-content\/uploads\/2023\/03\/leblon-a-noite-apartamentos-a-venda-no-leblon-rio-de-janeiro.jpg 520w,https:\/\/invexo.com.br\/blog\/wp-content\/uploads\/2023\/03\/leblon-a-noite-apartamentos-a-venda-no-leblon-rio-de-janeiro-234x300.jpg 234w,https:\/\/invexo.com.br\/blog\/wp-content\/uploads\/2023\/03\/leblon-a-noite-apartamentos-a-venda-no-leblon-rio-de-janeiro-150x192.jpg 150w\" sizes=\"(min-width: 1024px) 48vh, 107vw\" disable-inline-width=\"true\"><\/amp-img><\/div>\n<p><\/a><\/div>\n<\/div>\n<\/div>\n<\/div>\n<p><\/amp-story-grid-layer><\/amp-story-page><amp-story-page id=\"1584d716-21a1-416b-b5c0-bfd0d622eb62\" auto-advance-after=\"7s\"><amp-story-grid-layer template=\"vertical\" aspect-ratio=\"412:618\" class=\"grid-layer\"><\/p>\n<div class=\"page-fullbleed-area\" style=\"background-color:#000\">\n<div class=\"page-safe-area\">\n<div style=\"position:absolute;pointer-events:none;left:0;top:-9.25926%;width:100%;height:118.51852%;opacity:1\">\n<div style=\"pointer-events:initial;width:100%;height:100%;display:block;position:absolute;top:0;left:0;z-index:0\" class=\"mask\" id=\"el-a225b838-7753-4c74-bb62-c46d6b4c4bff\">\n<div class=\"fill\" style=\"will-change:transform\"><\/div>\n<\/div>\n<\/div>\n<\/div>\n<\/div>\n<p><\/amp-story-grid-layer><amp-story-grid-layer template=\"vertical\" aspect-ratio=\"412:618\" class=\"grid-layer\"><\/p>\n<div class=\"page-fullbleed-area\">\n<div class=\"page-safe-area\">\n<div style=\"position:absolute;pointer-events:none;left:0;top:-72.00647%;width:100%;height:118.4466%;opacity:1\">\n<div style=\"pointer-events:initial;width:100%;height:100%;display:block;position:absolute;top:0;left:0;z-index:0\" class=\"mask\" id=\"el-d098bc40-0978-48a2-8fcf-38221ba821bd\"><a href=\"https:\/\/luxury.invexo.com.br\/apartamento-no-leblon\/?utm_source=webstories\" data-tooltip-icon=\"https:\/\/luxury.invexo.com.br\/wp-content\/uploads\/2022\/08\/apartamento-2-quartos-reformado-no-leblon-rio-de-janeiro-rj-5-1.jpg\" data-tooltip-text=\"Apartamentos \u00e0 Venda no Leblon, Rio de Janeiro, RJ\" target=\"_blank\" rel=\"noreferrer noopener\" style=\"width:100%;height:100%;display:block;position:absolute;top:0;left:0\"><\/p>\n<div class=\"fill\" style=\"background-color:#000;will-change:transform\"><\/div>\n<p><\/a><\/div>\n<\/div>\n<div style=\"position:absolute;pointer-events:none;left:9.46602%;top:35.92233%;width:80.82524%;height:18.93204%;opacity:1\">\n<div style=\"pointer-events:initial;width:100%;height:100%;display:block;position:absolute;top:0;left:0;z-index:0;border-radius:0.6006006006006006% 0.6006006006006006% 0.6006006006006006% 0.6006006006006006% \/ 1.7094017094017095% 1.7094017094017095% 1.7094017094017095% 1.7094017094017095%\" id=\"el-898d3c9a-e589-4ea7-86c1-2ead205e6fd1\"><a href=\"https:\/\/luxury.invexo.com.br\/apartamento-no-leblon\/?utm_source=webstories\" data-tooltip-icon=\"https:\/\/luxury.invexo.com.br\/wp-content\/uploads\/2022\/08\/apartamento-2-quartos-reformado-no-leblon-rio-de-janeiro-rj-5-1.jpg\" data-tooltip-text=\"Apartamentos \u00e0 Venda no Leblon, Rio de Janeiro, RJ\" target=\"_blank\" rel=\"noreferrer noopener\" style=\"width:100%;height:100%;display:block;position:absolute;top:0;left:0\"><\/p>\n<h2 class=\"fill text-wrapper\" style=\"white-space:pre-line;overflow-wrap:break-word;word-break:break-word;margin:-1.3795045045045045% 0;font-family:&quot;Roboto&quot;,sans-serif;font-size:0.453074em;line-height:1.5;text-align:center;padding:0;color:#000000\"><span><span style=\"font-weight: 700; color: #fff\">LEIA MAIS SOBRE <\/span><span style=\"font-weight: 700; color: #ce9e00\">APARTAMENTOS NO LEBLON, RIO DE JANEIRO<\/span><\/span><\/h2>\n<p><\/a><\/div>\n<\/div>\n<div style=\"position:absolute;pointer-events:none;left:20.02427%;top:60.35599%;width:64.07767%;height:7.76699%;opacity:1\">\n<div style=\"pointer-events:initial;width:100%;height:100%;display:block;position:absolute;top:0;left:0;z-index:0;border-radius:3.787878787878788% 3.787878787878788% 3.787878787878788% 3.787878787878788% \/ 20.833333333333336% 20.833333333333336% 20.833333333333336% 20.833333333333336%\" class=\"mask\" id=\"el-802116a6-52d1-47d4-a094-b586b6e674d7\"><a href=\"https:\/\/luxury.invexo.com.br\/apartamento-no-leblon\/?utm_source=webstories\" data-tooltip-icon=\"https:\/\/luxury.invexo.com.br\/wp-content\/uploads\/2022\/08\/apartamento-2-quartos-reformado-no-leblon-rio-de-janeiro-rj-5-1.jpg\" data-tooltip-text=\"Apartamentos \u00e0 Venda no Leblon, Rio de Janeiro, RJ\" target=\"_blank\" rel=\"noreferrer noopener\" style=\"width:100%;height:100%;display:block;position:absolute;top:0;left:0\"><\/p>\n<div class=\"fill\" style=\"background-color:#ce9e00;will-change:transform\"><\/div>\n<p><\/a><\/div>\n<\/div>\n<div style=\"position:absolute;pointer-events:none;left:11.65049%;top:61.32686%;width:80.82524%;height:5.66343%;opacity:1\">\n<div style=\"pointer-events:initial;width:100%;height:100%;display:block;position:absolute;top:0;left:0;z-index:0;border-radius:0.6006006006006006% 0.6006006006006006% 0.6006006006006006% 0.6006006006006006% \/ 5.714285714285714% 5.714285714285714% 5.714285714285714% 5.714285714285714%\" id=\"el-05ed305b-b192-4126-831f-a75e781f939d\"><a href=\"https:\/\/luxury.invexo.com.br\/apartamento-no-leblon\/?utm_source=webstories\" data-tooltip-icon=\"https:\/\/luxury.invexo.com.br\/wp-content\/uploads\/2022\/08\/apartamento-2-quartos-reformado-no-leblon-rio-de-janeiro-rj-5-1.jpg\" data-tooltip-text=\"Apartamentos \u00e0 Venda no Leblon, Rio de Janeiro, RJ\" target=\"_blank\" rel=\"noreferrer noopener\" style=\"width:100%;height:100%;display:block;position:absolute;top:0;left:0\"><\/p>\n<h2 class=\"fill text-wrapper\" style=\"white-space:pre-line;overflow-wrap:break-word;word-break:break-word;margin:-0.1266891891891892% 0;font-family:&quot;Roboto&quot;,sans-serif;font-size:0.485437em;line-height:1.2;text-align:center;padding:0;color:#000000\"><span><span style=\"font-weight: 700; color: #fff\">CONTINUE LENDO<\/span><\/span><\/h2>\n<p><\/a><\/div>\n<\/div>\n<div style=\"position:absolute;pointer-events:none;left:-38.59223%;top:-10.84142%;width:138.83495%;height:3.23625%;opacity:1\">\n<div style=\"pointer-events:initial;width:100%;height:100%;display:block;position:absolute;top:0;left:0;z-index:0\" class=\"mask\" id=\"el-bec7c0a0-89a4-4c15-abb9-59d85739481c\">\n<div class=\"fill\" style=\"background-color:#ce9e00;will-change:transform\"><\/div>\n<\/div>\n<\/div>\n<div style=\"position:absolute;pointer-events:none;left:-34.95146%;top:107.60518%;width:138.83495%;height:3.23625%;opacity:1\">\n<div style=\"pointer-events:initial;width:100%;height:100%;display:block;position:absolute;top:0;left:0;z-index:0\" class=\"mask\" id=\"el-2b3d6c4a-ad78-4841-a997-a49f68abfb76\">\n<div class=\"fill\" style=\"background-color:#ce9e00;will-change:transform\"><\/div>\n<\/div>\n<\/div>\n<div style=\"position:absolute;pointer-events:none;left:82.03883%;top:94.98382%;width:15.29126%;height:10.84142%;opacity:0.5\">\n<div style=\"pointer-events:initial;width:100%;height:100%;display:block;position:absolute;top:0;left:0;z-index:0\" class=\"mask\" id=\"el-d4e786b0-5ac8-4f48-819e-9b71d6d69e9c\"><a href=\"https:\/\/luxury.invexo.com.br\/apartamento-no-leblon\/?utm_source=webstories\" data-tooltip-text=\"\" target=\"_blank\" rel=\"noreferrer noopener\" style=\"width:100%;height:100%;display:block;position:absolute;top:0;left:0\"><\/p>\n<div style=\"position:absolute;width:106.34918%;height:100%;left:-3.17459%;top:0%\" data-leaf-element=\"true\"><amp-img layout=\"fill\" src=\"https:\/\/invexo.com.br\/blog\/wp-content\/uploads\/2022\/09\/marca-d-agua-site-branca.png\" alt=\"marca-d-agua-site-branca\" srcSet=\"https:\/\/invexo.com.br\/blog\/wp-content\/uploads\/2022\/09\/marca-d-agua-site-branca.png 200w,https:\/\/invexo.com.br\/blog\/wp-content\/uploads\/2022\/09\/marca-d-agua-site-branca-150x150.png 150w,https:\/\/invexo.com.br\/blog\/wp-content\/uploads\/2022\/09\/marca-d-agua-site-branca-96x96.png 96w\" sizes=\"(min-width: 1024px) 7vh, 15vw\" disable-inline-width=\"true\"><\/amp-img><\/div>\n<p><\/a><\/div>\n<\/div>\n<\/div>\n<\/div>\n<p><\/amp-story-grid-layer><\/amp-story-page><\/amp-story><\/body><\/html><\/p>\n","protected":false},"excerpt":{"rendered":"<p>S\u00e3o diversas op\u00e7\u00f5es de condom\u00ednios e im\u00f3veis residenciais que atendem \u00e0s necessidades e desejos de uma gama de cariocas que procuram viver com luxo e sofistica\u00e7\u00e3o.<\/p>\n","protected":false},"author":2,"featured_media":37364,"template":"","meta":{"_acf_changed":false,"_kad_blocks_custom_css":"","_kad_blocks_head_custom_js":"","_kad_blocks_body_custom_js":"","_kad_blocks_footer_custom_js":"","_kadence_starter_templates_imported_post":false,"_kad_post_transparent":"","_kad_post_title":"","_kad_post_layout":"","_kad_post_sidebar_id":"","_kad_post_content_style":"","_kad_post_vertical_padding":"","_kad_post_feature":"","_kad_post_feature_position":"","_kad_post_header":false,"_kad_post_footer":false,"web_stories_publisher_logo":26279,"web_stories_poster":[],"web_stories_products":[],"footnotes":""},"web_story_category":[788],"web_story_tag":[787],"yoast_head":"<!-- This site is optimized with the Yoast SEO plugin v24.1 - https:\/\/yoast.com\/wordpress\/plugins\/seo\/ -->\n<title>Apartamentos \u00e0 venda no Leblon, Rio de Janeiro | Not\u00edcias RJ<\/title>\n<meta name=\"description\" content=\"Conhe\u00e7a tudo sobre o Apartamentos \u00e0 venda no Leblon, Rio de Janeiro, informa\u00e7\u00e3o desenvolvida por especialistas no assunto.\" \/>\n<meta name=\"robots\" content=\"index, follow, max-snippet:-1, max-image-preview:large, max-video-preview:-1\" \/>\n<link rel=\"canonical\" href=\"https:\/\/invexo.com.br\/blog\/web-stories\/apartamentos-leblon\/\" \/>\n<meta property=\"og:locale\" content=\"pt_BR\" \/>\n<meta property=\"og:type\" content=\"article\" \/>\n<meta property=\"og:title\" content=\"Apartamentos \u00e0 venda no Leblon, Rio de Janeiro | Not\u00edcias RJ\" \/>\n<meta property=\"og:description\" content=\"Conhe\u00e7a tudo sobre o Apartamentos \u00e0 venda no Leblon, Rio de Janeiro, informa\u00e7\u00e3o desenvolvida por especialistas no assunto.\" \/>\n<meta property=\"og:url\" content=\"https:\/\/invexo.com.br\/blog\/web-stories\/apartamentos-leblon\/\" \/>\n<meta property=\"og:site_name\" content=\"Not\u00edcias RJ\" \/>\n<meta property=\"article:publisher\" content=\"https:\/\/facebook.com\/invexo\" \/>\n<meta property=\"article:modified_time\" content=\"2023-03-29T16:23:23+00:00\" \/>\n<meta property=\"og:image\" content=\"https:\/\/invexo.com.br\/blog\/wp-content\/uploads\/2023\/03\/vista-leblon-apartamentos-a-venda-no-leblon-rio-de-janeiro.jpg\" \/>\n\t<meta property=\"og:image:width\" content=\"640\" \/>\n\t<meta property=\"og:image:height\" content=\"853\" \/>\n\t<meta property=\"og:image:type\" content=\"image\/jpeg\" \/>\n<meta name=\"twitter:card\" content=\"summary_large_image\" \/>\n<meta name=\"twitter:site\" content=\"@invexoimoveis\" \/>\n<meta name=\"twitter:label1\" content=\"Est. tempo de leitura\" \/>\n\t<meta name=\"twitter:data1\" content=\"2 minutos\" \/>\n<script type=\"application\/ld+json\" class=\"yoast-schema-graph\">{\"@context\":\"https:\/\/schema.org\",\"@graph\":[{\"@type\":\"Article\",\"@id\":\"https:\/\/invexo.com.br\/blog\/web-stories\/apartamentos-leblon\/#article\",\"isPartOf\":{\"@id\":\"https:\/\/invexo.com.br\/blog\/web-stories\/apartamentos-leblon\/\"},\"author\":{\"name\":\"Ronnie Possatti\",\"@id\":\"https:\/\/invexo.com.br\/blog\/#\/schema\/person\/36bee32f1cfacde03dc4c9622a58778d\"},\"headline\":\"Apartamentos \u00e0 venda no Leblon, Rio de Janeiro\",\"datePublished\":\"2023-03-31T20:00:00+00:00\",\"dateModified\":\"2023-03-29T16:23:23+00:00\",\"mainEntityOfPage\":{\"@id\":\"https:\/\/invexo.com.br\/blog\/web-stories\/apartamentos-leblon\/\"},\"wordCount\":330,\"publisher\":{\"@id\":\"https:\/\/invexo.com.br\/blog\/#organization\"},\"image\":{\"@id\":\"https:\/\/invexo.com.br\/blog\/web-stories\/apartamentos-leblon\/#primaryimage\"},\"thumbnailUrl\":\"https:\/\/invexo.com.br\/blog\/wp-content\/uploads\/2023\/03\/vista-leblon-apartamentos-a-venda-no-leblon-rio-de-janeiro.jpg\",\"inLanguage\":\"pt-BR\"},{\"@type\":\"WebPage\",\"@id\":\"https:\/\/invexo.com.br\/blog\/web-stories\/apartamentos-leblon\/\",\"url\":\"https:\/\/invexo.com.br\/blog\/web-stories\/apartamentos-leblon\/\",\"name\":\"Apartamentos \u00e0 venda no Leblon, Rio de Janeiro | Not\u00edcias RJ\",\"isPartOf\":{\"@id\":\"https:\/\/invexo.com.br\/blog\/#website\"},\"primaryImageOfPage\":{\"@id\":\"https:\/\/invexo.com.br\/blog\/web-stories\/apartamentos-leblon\/#primaryimage\"},\"image\":{\"@id\":\"https:\/\/invexo.com.br\/blog\/web-stories\/apartamentos-leblon\/#primaryimage\"},\"thumbnailUrl\":\"https:\/\/invexo.com.br\/blog\/wp-content\/uploads\/2023\/03\/vista-leblon-apartamentos-a-venda-no-leblon-rio-de-janeiro.jpg\",\"datePublished\":\"2023-03-31T20:00:00+00:00\",\"dateModified\":\"2023-03-29T16:23:23+00:00\",\"description\":\"Conhe\u00e7a tudo sobre o Apartamentos \u00e0 venda no Leblon, Rio de Janeiro, informa\u00e7\u00e3o desenvolvida por especialistas no assunto.\",\"breadcrumb\":{\"@id\":\"https:\/\/invexo.com.br\/blog\/web-stories\/apartamentos-leblon\/#breadcrumb\"},\"inLanguage\":\"pt-BR\",\"potentialAction\":[{\"@type\":\"ReadAction\",\"target\":[\"https:\/\/invexo.com.br\/blog\/web-stories\/apartamentos-leblon\/\"]}]},{\"@type\":\"ImageObject\",\"inLanguage\":\"pt-BR\",\"@id\":\"https:\/\/invexo.com.br\/blog\/web-stories\/apartamentos-leblon\/#primaryimage\",\"url\":\"https:\/\/invexo.com.br\/blog\/wp-content\/uploads\/2023\/03\/vista-leblon-apartamentos-a-venda-no-leblon-rio-de-janeiro.jpg\",\"contentUrl\":\"https:\/\/invexo.com.br\/blog\/wp-content\/uploads\/2023\/03\/vista-leblon-apartamentos-a-venda-no-leblon-rio-de-janeiro.jpg\",\"width\":640,\"height\":853,\"caption\":\"Vista Leblon Apartamentos \u00e0 venda no Leblon Rio de Janeiro\"},{\"@type\":\"BreadcrumbList\",\"@id\":\"https:\/\/invexo.com.br\/blog\/web-stories\/apartamentos-leblon\/#breadcrumb\",\"itemListElement\":[{\"@type\":\"ListItem\",\"position\":1,\"name\":\"Blog\",\"item\":\"https:\/\/invexo.com.br\/blog\/\"},{\"@type\":\"ListItem\",\"position\":2,\"name\":\"Story\",\"item\":\"https:\/\/invexo.com.br\/blog\/web-stories\/\"},{\"@type\":\"ListItem\",\"position\":3,\"name\":\"Apartamentos \u00e0 venda no Leblon, Rio de Janeiro\"}]},{\"@type\":\"WebSite\",\"@id\":\"https:\/\/invexo.com.br\/blog\/#website\",\"url\":\"https:\/\/invexo.com.br\/blog\/\",\"name\":\"Not\u00edcias RJ\",\"description\":\"Not\u00edcias sobre im\u00f3veis, financiamento, mercado imobili\u00e1rio do Rio de Janeiro. Informa\u00e7\u00f5es sobre Bairros, Condom\u00ednios e Regi\u00e3o do Rio de Janeiro.\",\"publisher\":{\"@id\":\"https:\/\/invexo.com.br\/blog\/#organization\"},\"potentialAction\":[{\"@type\":\"SearchAction\",\"target\":{\"@type\":\"EntryPoint\",\"urlTemplate\":\"https:\/\/invexo.com.br\/blog\/?s={search_term_string}\"},\"query-input\":{\"@type\":\"PropertyValueSpecification\",\"valueRequired\":true,\"valueName\":\"search_term_string\"}}],\"inLanguage\":\"pt-BR\"},{\"@type\":\"Organization\",\"@id\":\"https:\/\/invexo.com.br\/blog\/#organization\",\"name\":\"INVEXO Imobili\u00e1ria\",\"url\":\"https:\/\/invexo.com.br\/blog\/\",\"logo\":{\"@type\":\"ImageObject\",\"inLanguage\":\"pt-BR\",\"@id\":\"https:\/\/invexo.com.br\/blog\/#\/schema\/logo\/image\/\",\"url\":\"https:\/\/invexo.com.br\/blog\/wp-content\/uploads\/2018\/09\/invexo-80-melhor.png\",\"contentUrl\":\"https:\/\/invexo.com.br\/blog\/wp-content\/uploads\/2018\/09\/invexo-80-melhor.png\",\"width\":247,\"height\":80,\"caption\":\"INVEXO Imobili\u00e1ria\"},\"image\":{\"@id\":\"https:\/\/invexo.com.br\/blog\/#\/schema\/logo\/image\/\"},\"sameAs\":[\"https:\/\/facebook.com\/invexo\",\"https:\/\/x.com\/invexoimoveis\"]},{\"@type\":\"Person\",\"@id\":\"https:\/\/invexo.com.br\/blog\/#\/schema\/person\/36bee32f1cfacde03dc4c9622a58778d\",\"name\":\"Ronnie Possatti\",\"image\":{\"@type\":\"ImageObject\",\"inLanguage\":\"pt-BR\",\"@id\":\"https:\/\/invexo.com.br\/blog\/#\/schema\/person\/image\/\",\"url\":\"https:\/\/secure.gravatar.com\/avatar\/51a6cdcc215551235c39affb853f1e38?s=96&d=blank&r=g\",\"contentUrl\":\"https:\/\/secure.gravatar.com\/avatar\/51a6cdcc215551235c39affb853f1e38?s=96&d=blank&r=g\",\"caption\":\"Ronnie Possatti\"},\"description\":\"Equipe de especialistas que traz para seus leitores conte\u00fados relevantes e de qualidade sobre bairros, condom\u00ednios, lan\u00e7amentos e not\u00edcias imobili\u00e1rias no Rio de Janeiro.\",\"sameAs\":[\"https:\/\/facebook.com\/invexo\",\"https:\/\/instagram.com\/invexo\",\"https:\/\/x.com\/https:\/\/twitter.com\/invexoimoveis\"],\"url\":\"https:\/\/invexo.com.br\/blog\/author\/invexo\/\"}]}<\/script>\n<!-- \/ Yoast SEO plugin. -->","yoast_head_json":{"title":"Apartamentos \u00e0 venda no Leblon, Rio de Janeiro | Not\u00edcias RJ","description":"Conhe\u00e7a tudo sobre o Apartamentos \u00e0 venda no Leblon, Rio de Janeiro, informa\u00e7\u00e3o desenvolvida por especialistas no assunto.","robots":{"index":"index","follow":"follow","max-snippet":"max-snippet:-1","max-image-preview":"max-image-preview:large","max-video-preview":"max-video-preview:-1"},"canonical":"https:\/\/invexo.com.br\/blog\/web-stories\/apartamentos-leblon\/","og_locale":"pt_BR","og_type":"article","og_title":"Apartamentos \u00e0 venda no Leblon, Rio de Janeiro | Not\u00edcias RJ","og_description":"Conhe\u00e7a tudo sobre o Apartamentos \u00e0 venda no Leblon, Rio de Janeiro, informa\u00e7\u00e3o desenvolvida por especialistas no assunto.","og_url":"https:\/\/invexo.com.br\/blog\/web-stories\/apartamentos-leblon\/","og_site_name":"Not\u00edcias RJ","article_publisher":"https:\/\/facebook.com\/invexo","article_modified_time":"2023-03-29T16:23:23+00:00","og_image":[{"width":640,"height":853,"url":"https:\/\/invexo.com.br\/blog\/wp-content\/uploads\/2023\/03\/vista-leblon-apartamentos-a-venda-no-leblon-rio-de-janeiro.jpg","type":"image\/jpeg"}],"twitter_card":"summary_large_image","twitter_site":"@invexoimoveis","twitter_misc":{"Est. tempo de leitura":"2 minutos"},"schema":{"@context":"https:\/\/schema.org","@graph":[{"@type":"Article","@id":"https:\/\/invexo.com.br\/blog\/web-stories\/apartamentos-leblon\/#article","isPartOf":{"@id":"https:\/\/invexo.com.br\/blog\/web-stories\/apartamentos-leblon\/"},"author":{"name":"Ronnie Possatti","@id":"https:\/\/invexo.com.br\/blog\/#\/schema\/person\/36bee32f1cfacde03dc4c9622a58778d"},"headline":"Apartamentos \u00e0 venda no Leblon, Rio de Janeiro","datePublished":"2023-03-31T20:00:00+00:00","dateModified":"2023-03-29T16:23:23+00:00","mainEntityOfPage":{"@id":"https:\/\/invexo.com.br\/blog\/web-stories\/apartamentos-leblon\/"},"wordCount":330,"publisher":{"@id":"https:\/\/invexo.com.br\/blog\/#organization"},"image":{"@id":"https:\/\/invexo.com.br\/blog\/web-stories\/apartamentos-leblon\/#primaryimage"},"thumbnailUrl":"https:\/\/invexo.com.br\/blog\/wp-content\/uploads\/2023\/03\/vista-leblon-apartamentos-a-venda-no-leblon-rio-de-janeiro.jpg","inLanguage":"pt-BR"},{"@type":"WebPage","@id":"https:\/\/invexo.com.br\/blog\/web-stories\/apartamentos-leblon\/","url":"https:\/\/invexo.com.br\/blog\/web-stories\/apartamentos-leblon\/","name":"Apartamentos \u00e0 venda no Leblon, Rio de Janeiro | Not\u00edcias RJ","isPartOf":{"@id":"https:\/\/invexo.com.br\/blog\/#website"},"primaryImageOfPage":{"@id":"https:\/\/invexo.com.br\/blog\/web-stories\/apartamentos-leblon\/#primaryimage"},"image":{"@id":"https:\/\/invexo.com.br\/blog\/web-stories\/apartamentos-leblon\/#primaryimage"},"thumbnailUrl":"https:\/\/invexo.com.br\/blog\/wp-content\/uploads\/2023\/03\/vista-leblon-apartamentos-a-venda-no-leblon-rio-de-janeiro.jpg","datePublished":"2023-03-31T20:00:00+00:00","dateModified":"2023-03-29T16:23:23+00:00","description":"Conhe\u00e7a tudo sobre o Apartamentos \u00e0 venda no Leblon, Rio de Janeiro, informa\u00e7\u00e3o desenvolvida por especialistas no assunto.","breadcrumb":{"@id":"https:\/\/invexo.com.br\/blog\/web-stories\/apartamentos-leblon\/#breadcrumb"},"inLanguage":"pt-BR","potentialAction":[{"@type":"ReadAction","target":["https:\/\/invexo.com.br\/blog\/web-stories\/apartamentos-leblon\/"]}]},{"@type":"ImageObject","inLanguage":"pt-BR","@id":"https:\/\/invexo.com.br\/blog\/web-stories\/apartamentos-leblon\/#primaryimage","url":"https:\/\/invexo.com.br\/blog\/wp-content\/uploads\/2023\/03\/vista-leblon-apartamentos-a-venda-no-leblon-rio-de-janeiro.jpg","contentUrl":"https:\/\/invexo.com.br\/blog\/wp-content\/uploads\/2023\/03\/vista-leblon-apartamentos-a-venda-no-leblon-rio-de-janeiro.jpg","width":640,"height":853,"caption":"Vista Leblon Apartamentos \u00e0 venda no Leblon Rio de Janeiro"},{"@type":"BreadcrumbList","@id":"https:\/\/invexo.com.br\/blog\/web-stories\/apartamentos-leblon\/#breadcrumb","itemListElement":[{"@type":"ListItem","position":1,"name":"Blog","item":"https:\/\/invexo.com.br\/blog\/"},{"@type":"ListItem","position":2,"name":"Story","item":"https:\/\/invexo.com.br\/blog\/web-stories\/"},{"@type":"ListItem","position":3,"name":"Apartamentos \u00e0 venda no Leblon, Rio de Janeiro"}]},{"@type":"WebSite","@id":"https:\/\/invexo.com.br\/blog\/#website","url":"https:\/\/invexo.com.br\/blog\/","name":"Not\u00edcias RJ","description":"Not\u00edcias sobre im\u00f3veis, financiamento, mercado imobili\u00e1rio do Rio de Janeiro. Informa\u00e7\u00f5es sobre Bairros, Condom\u00ednios e Regi\u00e3o do Rio de Janeiro.","publisher":{"@id":"https:\/\/invexo.com.br\/blog\/#organization"},"potentialAction":[{"@type":"SearchAction","target":{"@type":"EntryPoint","urlTemplate":"https:\/\/invexo.com.br\/blog\/?s={search_term_string}"},"query-input":{"@type":"PropertyValueSpecification","valueRequired":true,"valueName":"search_term_string"}}],"inLanguage":"pt-BR"},{"@type":"Organization","@id":"https:\/\/invexo.com.br\/blog\/#organization","name":"INVEXO Imobili\u00e1ria","url":"https:\/\/invexo.com.br\/blog\/","logo":{"@type":"ImageObject","inLanguage":"pt-BR","@id":"https:\/\/invexo.com.br\/blog\/#\/schema\/logo\/image\/","url":"https:\/\/invexo.com.br\/blog\/wp-content\/uploads\/2018\/09\/invexo-80-melhor.png","contentUrl":"https:\/\/invexo.com.br\/blog\/wp-content\/uploads\/2018\/09\/invexo-80-melhor.png","width":247,"height":80,"caption":"INVEXO Imobili\u00e1ria"},"image":{"@id":"https:\/\/invexo.com.br\/blog\/#\/schema\/logo\/image\/"},"sameAs":["https:\/\/facebook.com\/invexo","https:\/\/x.com\/invexoimoveis"]},{"@type":"Person","@id":"https:\/\/invexo.com.br\/blog\/#\/schema\/person\/36bee32f1cfacde03dc4c9622a58778d","name":"Ronnie Possatti","image":{"@type":"ImageObject","inLanguage":"pt-BR","@id":"https:\/\/invexo.com.br\/blog\/#\/schema\/person\/image\/","url":"https:\/\/secure.gravatar.com\/avatar\/51a6cdcc215551235c39affb853f1e38?s=96&d=blank&r=g","contentUrl":"https:\/\/secure.gravatar.com\/avatar\/51a6cdcc215551235c39affb853f1e38?s=96&d=blank&r=g","caption":"Ronnie Possatti"},"description":"Equipe de especialistas que traz para seus leitores conte\u00fados relevantes e de qualidade sobre bairros, condom\u00ednios, lan\u00e7amentos e not\u00edcias imobili\u00e1rias no Rio de Janeiro.","sameAs":["https:\/\/facebook.com\/invexo","https:\/\/instagram.com\/invexo","https:\/\/x.com\/https:\/\/twitter.com\/invexoimoveis"],"url":"https:\/\/invexo.com.br\/blog\/author\/invexo\/"}]}},"taxonomy_info":[],"featured_image_src_large":["https:\/\/invexo.com.br\/blog\/wp-content\/uploads\/2023\/03\/vista-leblon-apartamentos-a-venda-no-leblon-rio-de-janeiro.jpg",640,853,false],"author_info":{"display_name":"Ronnie Possatti","author_link":"https:\/\/invexo.com.br\/blog\/author\/invexo\/"},"comment_info":"","story_data":{"version":46,"pages":[{"elements":[{"opacity":100,"flip":{"vertical":false,"horizontal":false},"rotationAngle":0,"lockAspectRatio":true,"x":1,"y":1,"width":1,"height":1,"mask":{"type":"rectangle"},"isBackground":true,"isDefaultBackground":true,"type":"shape","id":"e0e9305e-c182-4cfe-b9fb-ba0f2ae796c5"},{"opacity":100,"flip":{"vertical":false,"horizontal":false},"rotationAngle":0,"lockAspectRatio":false,"backgroundColor":{"color":{"r":0,"g":0,"b":0}},"type":"shape","x":0,"y":-445,"width":412,"height":732,"mask":{"type":"rectangle"},"id":"ea97f8b4-5f3d-41a0-83a1-7088caf806c6"},{"opacity":100,"flip":{"vertical":false,"horizontal":false},"rotationAngle":0,"lockAspectRatio":false,"backgroundColor":{"color":{"r":206,"g":158,"b":0,"a":1}},"type":"shape","x":-126,"y":297,"width":572,"height":20,"mask":{"type":"rectangle"},"id":"0a31697d-612b-4cee-996f-2aae46fdcef7"},{"opacity":100,"flip":{"vertical":false,"horizontal":false},"rotationAngle":0,"lockAspectRatio":false,"scale":100,"focalX":50,"focalY":50,"resource":{"type":"image","mimeType":"image\/jpeg","width":520,"height":666,"sizes":{"medium":{"file":"praia-apartamentos-a-venda-no-leblon-rio-de-janeiro-234x300.jpg","width":234,"height":300,"filesize":21294,"mimeType":"image\/jpeg","sourceUrl":"https:\/\/invexo.com.br\/blog\/wp-content\/uploads\/2023\/03\/praia-apartamentos-a-venda-no-leblon-rio-de-janeiro-234x300.jpg"},"thumbnail":{"file":"praia-apartamentos-a-venda-no-leblon-rio-de-janeiro-150x150.jpg","width":150,"height":150,"filesize":7553,"mimeType":"image\/jpeg","sourceUrl":"https:\/\/invexo.com.br\/blog\/wp-content\/uploads\/2023\/03\/praia-apartamentos-a-venda-no-leblon-rio-de-janeiro-150x150.jpg"},"web-stories-publisher-logo":{"file":"praia-apartamentos-a-venda-no-leblon-rio-de-janeiro-96x96.jpg","width":96,"height":96,"filesize":3701,"mimeType":"image\/jpeg","sourceUrl":"https:\/\/invexo.com.br\/blog\/wp-content\/uploads\/2023\/03\/praia-apartamentos-a-venda-no-leblon-rio-de-janeiro-96x96.jpg"},"web-stories-thumbnail":{"file":"praia-apartamentos-a-venda-no-leblon-rio-de-janeiro-150x192.jpg","width":150,"height":192,"filesize":9120,"mimeType":"image\/jpeg","sourceUrl":"https:\/\/invexo.com.br\/blog\/wp-content\/uploads\/2023\/03\/praia-apartamentos-a-venda-no-leblon-rio-de-janeiro-150x192.jpg"},"full":{"file":"praia-apartamentos-a-venda-no-leblon-rio-de-janeiro.jpg","width":520,"height":666,"mimeType":"image\/jpeg","sourceUrl":"https:\/\/invexo.com.br\/blog\/wp-content\/uploads\/2023\/03\/praia-apartamentos-a-venda-no-leblon-rio-de-janeiro.jpg"}},"isPlaceholder":false,"isExternal":false,"needsProxy":false,"baseColor":"#77a7b1","blurHash":"UrFaUZR.ozkCCARkofazpKnPaKWBnPjEadj[","creationDate":"2023-03-29T03:37:51","src":"https:\/\/invexo.com.br\/blog\/wp-content\/uploads\/2023\/03\/praia-apartamentos-a-venda-no-leblon-rio-de-janeiro.jpg","id":37318,"alt":"praia-apartamentos-a-venda-no-leblon-rio-de-janeiro","local":false},"type":"image","x":0,"y":309,"width":412,"height":365,"mask":{"type":"rectangle","showInLibrary":true,"name":"Ret\u00e2ngulo","path":"M 0,0 1,0 1,1 0,1 0,0 Z","ratio":1,"supportsBorder":true},"id":"f34baafe-5359-43b1-a5b6-cdf160d03792","link":{"needsProxy":true,"url":"https:\/\/luxury.invexo.com.br\/apartamento-no-leblon\/?utm_source=webstories","rel":[],"icon":"https:\/\/luxury.invexo.com.br\/wp-content\/uploads\/2022\/08\/apartamento-2-quartos-reformado-no-leblon-rio-de-janeiro-rj-5-1.jpg","desc":"Apartamentos \u00e0 Venda no Leblon, Rio de Janeiro, RJ"}},{"x":29,"y":-17,"id":"24fcde09-a421-4762-9a3f-9c8793df7f41","basedOn":"ea6badf3-5d35-4903-8593-e7154b48d5a4","opacity":100,"flip":{"vertical":false,"horizontal":false},"rotationAngle":0,"lockAspectRatio":true,"backgroundTextMode":"NONE","font":{"family":"Lato"},"fontSize":35,"backgroundColor":{"color":{"r":196,"g":196,"b":196}},"lineHeight":1.3,"textAlign":"left","padding":{"locked":true,"hasHiddenPadding":false,"horizontal":0,"vertical":0},"type":"text","content":"<span style=\"font-weight: 700; color: #ce9e00; letter-spacing: 0.11em; text-transform: uppercase\">apartamentos no leblon,&nbsp;<\/span>\n<span style=\"font-weight: 700; color: #ce9e00; letter-spacing: 0.11em; text-transform: uppercase\">rio de janeiro<\/span>","borderRadius":{"locked":true,"topLeft":2,"topRight":2,"bottomRight":2,"bottomLeft":2},"width":341,"height":133,"tagName":"h1","marginOffset":9.600000000000001,"link":{"needsProxy":false,"url":"https:\/\/luxury.invexo.com.br\/apartamento-no-leblon\/?utm_source=webstories","rel":[],"icon":null,"desc":null}},{"opacity":50,"flip":{"vertical":false,"horizontal":false},"rotationAngle":0,"lockAspectRatio":false,"scale":100,"focalX":50,"focalY":50,"resource":{"baseColor":null,"blurHash":"","type":"image","mimeType":"image\/png","creationDate":"2022-09-30T14:39:44","src":"https:\/\/invexo.com.br\/blog\/wp-content\/uploads\/2022\/09\/marca-d-agua-site-branca.png","width":200,"height":200,"id":30829,"alt":"marca-d-agua-site-branca","sizes":{"thumbnail":{"file":"marca-d-agua-site-branca-150x150.png","width":150,"height":150,"filesize":3223,"mimeType":"image\/png","sourceUrl":"https:\/\/invexo.com.br\/blog\/wp-content\/uploads\/2022\/09\/marca-d-agua-site-branca-150x150.png"},"web-stories-publisher-logo":{"file":"marca-d-agua-site-branca-96x96.png","width":96,"height":96,"filesize":2051,"mimeType":"image\/png","sourceUrl":"https:\/\/invexo.com.br\/blog\/wp-content\/uploads\/2022\/09\/marca-d-agua-site-branca-96x96.png"},"web-stories-thumbnail":{"file":"marca-d-agua-site-branca-150x150.png","width":150,"height":150,"filesize":3223,"mimeType":"image\/png","sourceUrl":"https:\/\/invexo.com.br\/blog\/wp-content\/uploads\/2022\/09\/marca-d-agua-site-branca-150x150.png"},"full":{"file":"marca-d-agua-site-branca.png","width":200,"height":200,"mimeType":"image\/png","sourceUrl":"https:\/\/invexo.com.br\/blog\/wp-content\/uploads\/2022\/09\/marca-d-agua-site-branca.png"}},"isPlaceholder":false,"isOptimized":false,"isMuted":false,"isExternal":false,"needsProxy":false},"type":"image","x":338,"y":607,"width":63,"height":67,"mask":{"type":"rectangle","showInLibrary":true,"name":"Rectangle","path":"M 0,0 1,0 1,1 0,1 0,0 Z","ratio":1,"supportsBorder":true},"link":{"needsProxy":true,"url":"https:\/\/luxury.invexo.com.br\/apartamento-no-leblon\/?utm_source=webstories","rel":[],"desc":"Apartamentos \u00e0 Venda no Leblon, Rio de Janeiro, RJ","icon":"https:\/\/luxury.invexo.com.br\/wp-content\/uploads\/2022\/08\/apartamento-2-quartos-reformado-no-leblon-rio-de-janeiro-rj-5-1.jpg"},"basedOn":"78798cc1-7bd4-481c-bded-e63fe9419b05","id":"2ffbeede-e62d-42b9-85b7-130c2e1235d0"},{"opacity":100,"flip":{"vertical":false,"horizontal":false},"rotationAngle":0,"lockAspectRatio":true,"backgroundTextMode":"NONE","font":{"family":"Hind"},"fontSize":22,"backgroundColor":{"color":{"r":196,"g":196,"b":196}},"lineHeight":1.3,"textAlign":"initial","padding":{"locked":true,"hasHiddenPadding":false},"x":31,"y":146,"basedOn":"42a4d28d-b145-477a-a385-9ee251284a97","content":"<span style=\"color: #fff\">Rodeado por v\u00e1rios espa\u00e7os de lazer e estabelecimentos comerciais,&nbsp;<\/span>\n<span style=\"color: #fff\">o Leblon tem os im\u00f3veis residenciais mais luxuosos do Rio.<\/span>","borderRadius":{"locked":true,"topLeft":2,"topRight":2,"bottomRight":2,"bottomLeft":2},"width":350,"height":120,"marginOffset":-6.622,"id":"f602cd93-3cb5-48f9-bb80-1de42c8d1eb0","type":"text","link":{"needsProxy":false,"url":"https:\/\/luxury.invexo.com.br\/apartamento-no-leblon\/?utm_source=webstories","rel":[],"icon":null,"desc":null}}],"backgroundColor":{"color":{"r":0,"g":0,"b":0}},"type":"page","id":"da3808b7-6397-435a-8a2d-93f756672665","animations":[{"targets":["f602cd93-3cb5-48f9-bb80-1de42c8d1eb0"],"id":"29453658-fe83-42a1-9db6-1216a138f327","type":"effect-fade-in","duration":3000,"delay":100}],"pageTemplateType":"cover"},{"elements":[{"opacity":100,"flip":{"vertical":false,"horizontal":false},"rotationAngle":0,"lockAspectRatio":true,"x":1,"y":1,"width":1,"height":1,"mask":{"type":"rectangle"},"isBackground":true,"isDefaultBackground":true,"type":"shape","id":"a31a8f4f-52f5-48a0-aec7-ce68fa7422c8"},{"opacity":100,"flip":{"vertical":false,"horizontal":false},"rotationAngle":0,"lockAspectRatio":false,"backgroundColor":{"color":{"r":0,"g":0,"b":0}},"type":"shape","x":-8,"y":-116,"width":432,"height":368,"mask":{"type":"rectangle"},"id":"d83fbb42-42a4-481c-bee5-44a322322358"},{"opacity":100,"flip":{"vertical":false,"horizontal":false},"rotationAngle":90,"lockAspectRatio":false,"backgroundColor":{"color":{"r":206,"g":158,"b":0,"a":1}},"type":"shape","x":245,"y":74,"width":363,"height":52,"mask":{"type":"rectangle"},"basedOn":"0a31697d-612b-4cee-996f-2aae46fdcef7","id":"6f7ef421-c0e1-458c-a6d2-0d8e903cbf76"},{"opacity":100,"flip":{"vertical":false,"horizontal":false},"rotationAngle":0,"lockAspectRatio":false,"scale":100,"focalX":50,"focalY":50,"resource":{"type":"image","mimeType":"image\/jpeg","width":520,"height":666,"sizes":{"medium":{"file":"vista-aerea-mar-apartamentos-a-venda-no-leblon-rio-de-janeiro-234x300.jpg","width":234,"height":300,"filesize":27440,"mimeType":"image\/jpeg","sourceUrl":"https:\/\/invexo.com.br\/blog\/wp-content\/uploads\/2023\/03\/vista-aerea-mar-apartamentos-a-venda-no-leblon-rio-de-janeiro-234x300.jpg"},"thumbnail":{"file":"vista-aerea-mar-apartamentos-a-venda-no-leblon-rio-de-janeiro-150x150.jpg","width":150,"height":150,"filesize":9337,"mimeType":"image\/jpeg","sourceUrl":"https:\/\/invexo.com.br\/blog\/wp-content\/uploads\/2023\/03\/vista-aerea-mar-apartamentos-a-venda-no-leblon-rio-de-janeiro-150x150.jpg"},"web-stories-publisher-logo":{"file":"vista-aerea-mar-apartamentos-a-venda-no-leblon-rio-de-janeiro-96x96.jpg","width":96,"height":96,"filesize":4418,"mimeType":"image\/jpeg","sourceUrl":"https:\/\/invexo.com.br\/blog\/wp-content\/uploads\/2023\/03\/vista-aerea-mar-apartamentos-a-venda-no-leblon-rio-de-janeiro-96x96.jpg"},"web-stories-thumbnail":{"file":"vista-aerea-mar-apartamentos-a-venda-no-leblon-rio-de-janeiro-150x192.jpg","width":150,"height":192,"filesize":11500,"mimeType":"image\/jpeg","sourceUrl":"https:\/\/invexo.com.br\/blog\/wp-content\/uploads\/2023\/03\/vista-aerea-mar-apartamentos-a-venda-no-leblon-rio-de-janeiro-150x192.jpg"},"full":{"file":"vista-aerea-mar-apartamentos-a-venda-no-leblon-rio-de-janeiro.jpg","width":520,"height":666,"mimeType":"image\/jpeg","sourceUrl":"https:\/\/invexo.com.br\/blog\/wp-content\/uploads\/2023\/03\/vista-aerea-mar-apartamentos-a-venda-no-leblon-rio-de-janeiro.jpg"}},"isPlaceholder":false,"isExternal":false,"needsProxy":false,"baseColor":"#476d62","blurHash":"U7Dmps}S8^E4D400E0%g4Y_M-pac0JrC-qj=","creationDate":"2023-03-29T03:47:35","src":"https:\/\/invexo.com.br\/blog\/wp-content\/uploads\/2023\/03\/vista-aerea-mar-apartamentos-a-venda-no-leblon-rio-de-janeiro.jpg","id":37325,"alt":"vista-aerea-mar-apartamentos-a-venda-no-leblon-rio-de-janeiro","local":false},"type":"image","x":-8,"y":282,"width":425,"height":393,"mask":{"type":"rectangle","showInLibrary":true,"name":"Ret\u00e2ngulo","path":"M 0,0 1,0 1,1 0,1 0,0 Z","ratio":1,"supportsBorder":true},"id":"bcf38156-c149-4842-a5bc-8fe175de90d2","link":{"needsProxy":true,"url":"https:\/\/luxury.invexo.com.br\/apartamento-no-leblon\/?utm_source=webstories","rel":[],"icon":"https:\/\/luxury.invexo.com.br\/wp-content\/uploads\/2022\/08\/apartamento-2-quartos-reformado-no-leblon-rio-de-janeiro-rj-5-1.jpg","desc":"Apartamentos \u00e0 Venda no Leblon, Rio de Janeiro, RJ"}},{"opacity":100,"flip":{"vertical":false,"horizontal":false},"rotationAngle":0,"lockAspectRatio":true,"backgroundTextMode":"NONE","font":{"family":"Lato"},"fontSize":30,"backgroundColor":{"color":{"r":196,"g":196,"b":196}},"lineHeight":1.2,"textAlign":"initial","padding":{"locked":true,"hasHiddenPadding":false,"horizontal":null,"vertical":null},"type":"text","content":"<span style=\"font-weight: 700; color: #ce9e00; letter-spacing: 0.02em; text-transform: uppercase\">LEBLON, RIO DE JANEIRO<\/span>","borderRadius":{"locked":true,"topLeft":2,"topRight":2,"bottomRight":2,"bottomLeft":2},"width":378,"height":36,"basedOn":"810c35ee-8652-4cd2-95bc-8730d8623de1","x":22,"y":0,"id":"662d7ce5-046d-447e-983c-dff7100779a3","link":{"needsProxy":false,"url":"https:\/\/luxury.invexo.com.br\/apartamento-no-leblon\/?utm_source=webstories","rel":[],"icon":null,"desc":null}},{"x":23,"y":68,"basedOn":"066f7c7f-ba73-4976-8d46-b9fdee662241","opacity":100,"flip":{"vertical":false,"horizontal":false},"rotationAngle":0,"lockAspectRatio":true,"backgroundTextMode":"NONE","font":{"family":"Hind"},"fontSize":22,"backgroundColor":{"color":{"r":196,"g":196,"b":196}},"lineHeight":1.3,"textAlign":"initial","padding":{"locked":true,"hasHiddenPadding":false},"type":"text","content":"<span style=\"color: #fff\">O Leblon \u00e9 o bairro mais encantador da Zona Sul do Rio de Janeiro, sin\u00f4nimo de requinte, eleg\u00e2ncia e qualidade de vida. Morar em um apartamento no Leblon \u00e9 uma experi\u00eancia incompar\u00e1vel!<\/span>","borderRadius":{"locked":true,"topLeft":2,"topRight":2,"bottomRight":2,"bottomLeft":2},"width":366,"height":178,"marginOffset":-17.525,"id":"42a4d28d-b145-477a-a385-9ee251284a97","link":{"needsProxy":true,"url":"https:\/\/luxury.invexo.com.br\/apartamento-no-leblon\/?utm_source=webstories","rel":[],"icon":"https:\/\/luxury.invexo.com.br\/wp-content\/uploads\/2022\/08\/apartamento-2-quartos-reformado-no-leblon-rio-de-janeiro-rj-5-1.jpg","desc":"Apartamentos \u00e0 Venda no Leblon, Rio de Janeiro, RJ"}},{"opacity":50,"flip":{"vertical":false,"horizontal":false},"rotationAngle":0,"lockAspectRatio":false,"scale":100,"focalX":50,"focalY":50,"resource":{"baseColor":null,"blurHash":"","type":"image","mimeType":"image\/png","creationDate":"2022-09-30T14:39:44","src":"https:\/\/invexo.com.br\/blog\/wp-content\/uploads\/2022\/09\/marca-d-agua-site-branca.png","width":200,"height":200,"id":30829,"alt":"marca-d-agua-site-branca","sizes":{"thumbnail":{"file":"marca-d-agua-site-branca-150x150.png","width":150,"height":150,"filesize":3223,"mimeType":"image\/png","sourceUrl":"https:\/\/invexo.com.br\/blog\/wp-content\/uploads\/2022\/09\/marca-d-agua-site-branca-150x150.png"},"web-stories-publisher-logo":{"file":"marca-d-agua-site-branca-96x96.png","width":96,"height":96,"filesize":2051,"mimeType":"image\/png","sourceUrl":"https:\/\/invexo.com.br\/blog\/wp-content\/uploads\/2022\/09\/marca-d-agua-site-branca-96x96.png"},"web-stories-thumbnail":{"file":"marca-d-agua-site-branca-150x150.png","width":150,"height":150,"filesize":3223,"mimeType":"image\/png","sourceUrl":"https:\/\/invexo.com.br\/blog\/wp-content\/uploads\/2022\/09\/marca-d-agua-site-branca-150x150.png"},"full":{"file":"marca-d-agua-site-branca.png","width":200,"height":200,"mimeType":"image\/png","sourceUrl":"https:\/\/invexo.com.br\/blog\/wp-content\/uploads\/2022\/09\/marca-d-agua-site-branca.png"}},"isPlaceholder":false,"isOptimized":false,"isMuted":false,"isExternal":false,"needsProxy":false},"type":"image","x":338,"y":607,"width":63,"height":67,"mask":{"type":"rectangle","showInLibrary":true,"name":"Rectangle","path":"M 0,0 1,0 1,1 0,1 0,0 Z","ratio":1,"supportsBorder":true},"basedOn":"78798cc1-7bd4-481c-bded-e63fe9419b05","id":"a0bebad2-df94-4d83-bbef-b89110a099e2","link":{"needsProxy":false,"url":"https:\/\/luxury.invexo.com.br\/apartamento-no-leblon\/?utm_source=webstories","rel":[],"icon":null,"desc":null}}],"backgroundColor":{"color":{"r":0,"g":0,"b":0}},"type":"page","id":"1914e9cd-0077-4a81-a7a9-fe4bdf5cd0d4","animations":[{"targets":["42a4d28d-b145-477a-a385-9ee251284a97"],"id":"f0ba34c0-12ed-421a-8fac-6a7ace745629","type":"effect-fade-in","duration":3000,"delay":100}],"pageTemplateType":"editorial","groups":{"549c8bc9-bfbd-43a7-9ba6-0a7feb16951f":{"name":"Map","isLocked":false,"isCollapsed":true},"4e88ac63-e02c-4436-92c4-935b22f0e871":{"name":"Header","isLocked":false,"isCollapsed":true}}},{"elements":[{"opacity":100,"flip":{"vertical":false,"horizontal":false},"rotationAngle":0,"lockAspectRatio":true,"x":1,"y":1,"width":1,"height":1,"mask":{"type":"rectangle"},"isBackground":true,"isDefaultBackground":true,"type":"shape","id":"3108b6ac-d6a3-464c-b1f2-d853c25edafa"},{"opacity":100,"flip":{"vertical":false,"horizontal":false},"rotationAngle":0,"lockAspectRatio":true,"backgroundTextMode":"NONE","font":{"family":"Hind"},"fontSize":36,"backgroundColor":{"color":{"r":196,"g":196,"b":196}},"lineHeight":1.2,"textAlign":"initial","padding":{"locked":true,"hasHiddenPadding":false,"horizontal":null,"vertical":null},"type":"text","content":"<span style=\"font-weight: 600; color: #ce9e00; letter-spacing: 0.02em; text-transform: uppercase\">MELHOR BAIRRO&nbsp;<\/span>\n<span style=\"font-weight: 600; color: #ce9e00; letter-spacing: 0.02em; text-transform: uppercase\">DO RIO<\/span>","borderRadius":{"locked":true,"topLeft":2,"topRight":2,"bottomRight":2,"bottomLeft":2},"width":384,"height":103,"basedOn":"24fcde09-a421-4762-9a3f-9c8793df7f41","id":"810c35ee-8652-4cd2-95bc-8730d8623de1","x":44,"y":-34,"marginOffset":-14.837000000000003,"link":{"needsProxy":false,"url":"https:\/\/luxury.invexo.com.br\/apartamento-no-leblon\/?utm_source=webstories","rel":[],"icon":null,"desc":null}},{"x":43,"y":68,"id":"066f7c7f-ba73-4976-8d46-b9fdee662241","basedOn":"ea6badf3-5d35-4903-8593-e7154b48d5a4","opacity":100,"flip":{"vertical":false,"horizontal":false},"rotationAngle":0,"lockAspectRatio":true,"backgroundTextMode":"NONE","font":{"family":"Hind"},"fontSize":20,"backgroundColor":{"color":{"r":196,"g":196,"b":196}},"lineHeight":1.3,"textAlign":"initial","padding":{"locked":true,"hasHiddenPadding":false},"type":"text","content":"<span style=\"color: #fff\">O bairro conta com uma das praias mais lindas do Brasil, diversas \u00e1reas verdes e possui uma infraestrutura invej\u00e1vel! Que tal aproveitar o melhor que o Leblon tem a oferecer?<\/span>","borderRadius":{"locked":true,"topLeft":2,"topRight":2,"bottomRight":2,"bottomLeft":2},"width":326,"height":167,"marginOffset":-6.019999999999996,"link":{"needsProxy":true,"url":"https:\/\/luxury.invexo.com.br\/apartamento-no-leblon\/?utm_source=webstories","rel":[],"icon":"https:\/\/luxury.invexo.com.br\/wp-content\/uploads\/2022\/08\/apartamento-2-quartos-reformado-no-leblon-rio-de-janeiro-rj-5-1.jpg","desc":"Apartamentos \u00e0 Venda no Leblon, Rio de Janeiro, RJ"}},{"opacity":100,"flip":{"vertical":false,"horizontal":false},"rotationAngle":90,"lockAspectRatio":false,"backgroundColor":{"color":{"r":206,"g":158,"b":0,"a":1}},"type":"shape","x":-413,"y":281,"width":781,"height":62,"mask":{"type":"rectangle"},"basedOn":"0a31697d-612b-4cee-996f-2aae46fdcef7","id":"779cf149-2451-4512-b32a-0722325ddfa4"},{"opacity":50,"flip":{"vertical":false,"horizontal":false},"rotationAngle":0,"lockAspectRatio":false,"scale":100,"focalX":50,"focalY":50,"resource":{"baseColor":null,"blurHash":"","type":"image","mimeType":"image\/png","creationDate":"2022-09-30T14:39:44","src":"https:\/\/invexo.com.br\/blog\/wp-content\/uploads\/2022\/09\/marca-d-agua-site-branca.png","width":200,"height":200,"id":30829,"alt":"marca-d-agua-site-branca","sizes":{"thumbnail":{"file":"marca-d-agua-site-branca-150x150.png","width":150,"height":150,"filesize":3223,"mimeType":"image\/png","sourceUrl":"https:\/\/invexo.com.br\/blog\/wp-content\/uploads\/2022\/09\/marca-d-agua-site-branca-150x150.png"},"web-stories-publisher-logo":{"file":"marca-d-agua-site-branca-96x96.png","width":96,"height":96,"filesize":2051,"mimeType":"image\/png","sourceUrl":"https:\/\/invexo.com.br\/blog\/wp-content\/uploads\/2022\/09\/marca-d-agua-site-branca-96x96.png"},"web-stories-thumbnail":{"file":"marca-d-agua-site-branca-150x150.png","width":150,"height":150,"filesize":3223,"mimeType":"image\/png","sourceUrl":"https:\/\/invexo.com.br\/blog\/wp-content\/uploads\/2022\/09\/marca-d-agua-site-branca-150x150.png"},"full":{"file":"marca-d-agua-site-branca.png","width":200,"height":200,"mimeType":"image\/png","sourceUrl":"https:\/\/invexo.com.br\/blog\/wp-content\/uploads\/2022\/09\/marca-d-agua-site-branca.png"}},"isPlaceholder":false,"isOptimized":false,"isMuted":false,"isExternal":false,"needsProxy":false},"type":"image","x":338,"y":607,"width":63,"height":67,"mask":{"type":"rectangle","showInLibrary":true,"name":"Rectangle","path":"M 0,0 1,0 1,1 0,1 0,0 Z","ratio":1,"supportsBorder":true},"link":{"needsProxy":false,"url":"https:\/\/luxury.invexo.com.br\/apartamento-no-leblon\/?utm_source=webstories","rel":[],"desc":""},"basedOn":"78798cc1-7bd4-481c-bded-e63fe9419b05","id":"238eb6b5-c3cc-4ff3-976b-d65f85433ada"},{"opacity":100,"flip":{"vertical":false,"horizontal":false},"rotationAngle":0,"lockAspectRatio":false,"scale":100,"focalX":50,"focalY":50,"resource":{"type":"image","mimeType":"image\/jpeg","width":520,"height":666,"sizes":{"medium":{"file":"palmeiras-apartamentos-a-venda-no-leblon-rio-de-janeiro-234x300.jpg","width":234,"height":300,"filesize":24682,"mimeType":"image\/jpeg","sourceUrl":"https:\/\/invexo.com.br\/blog\/wp-content\/uploads\/2023\/03\/palmeiras-apartamentos-a-venda-no-leblon-rio-de-janeiro-234x300.jpg"},"thumbnail":{"file":"palmeiras-apartamentos-a-venda-no-leblon-rio-de-janeiro-150x150.jpg","width":150,"height":150,"filesize":8782,"mimeType":"image\/jpeg","sourceUrl":"https:\/\/invexo.com.br\/blog\/wp-content\/uploads\/2023\/03\/palmeiras-apartamentos-a-venda-no-leblon-rio-de-janeiro-150x150.jpg"},"web-stories-publisher-logo":{"file":"palmeiras-apartamentos-a-venda-no-leblon-rio-de-janeiro-96x96.jpg","width":96,"height":96,"filesize":4375,"mimeType":"image\/jpeg","sourceUrl":"https:\/\/invexo.com.br\/blog\/wp-content\/uploads\/2023\/03\/palmeiras-apartamentos-a-venda-no-leblon-rio-de-janeiro-96x96.jpg"},"web-stories-thumbnail":{"file":"palmeiras-apartamentos-a-venda-no-leblon-rio-de-janeiro-150x192.jpg","width":150,"height":192,"filesize":10831,"mimeType":"image\/jpeg","sourceUrl":"https:\/\/invexo.com.br\/blog\/wp-content\/uploads\/2023\/03\/palmeiras-apartamentos-a-venda-no-leblon-rio-de-janeiro-150x192.jpg"},"full":{"file":"palmeiras-apartamentos-a-venda-no-leblon-rio-de-janeiro.jpg","width":520,"height":666,"mimeType":"image\/jpeg","sourceUrl":"https:\/\/invexo.com.br\/blog\/wp-content\/uploads\/2023\/03\/palmeiras-apartamentos-a-venda-no-leblon-rio-de-janeiro.jpg"}},"isPlaceholder":false,"isExternal":false,"needsProxy":false,"baseColor":"#c6d0cf","blurHash":"UeJ[YO%2I9RP9ZkXxDslMco#WBxu?wjFjFX9","creationDate":"2023-03-29T03:46:20","src":"https:\/\/invexo.com.br\/blog\/wp-content\/uploads\/2023\/03\/palmeiras-apartamentos-a-venda-no-leblon-rio-de-janeiro.jpg","id":37324,"alt":"palmeiras-apartamentos-a-venda-no-leblon-rio-de-janeiro","local":false},"type":"image","x":43,"y":221,"width":322,"height":386,"mask":{"type":"rectangle","showInLibrary":true,"name":"Ret\u00e2ngulo","path":"M 0,0 1,0 1,1 0,1 0,0 Z","ratio":1,"supportsBorder":true},"id":"c3103981-35e0-4ee4-9dfa-57996d408ee2","link":{"needsProxy":true,"url":"https:\/\/luxury.invexo.com.br\/apartamento-no-leblon\/?utm_source=webstories","rel":[],"icon":"https:\/\/luxury.invexo.com.br\/wp-content\/uploads\/2022\/08\/apartamento-2-quartos-reformado-no-leblon-rio-de-janeiro-rj-5-1.jpg","desc":"Apartamentos \u00e0 Venda no Leblon, Rio de Janeiro, RJ"}}],"backgroundColor":{"color":{"r":0,"g":0,"b":0}},"type":"page","id":"0d9f7bf0-6f57-4a60-ba0c-504ed28dc38f","animations":[{"id":"795eb092-c920-43e8-9577-484d021decce","type":"effect-fade-in","targets":["066f7c7f-ba73-4976-8d46-b9fdee662241"],"duration":3000,"delay":100}],"pageTemplateType":null},{"elements":[{"opacity":100,"flip":{"vertical":false,"horizontal":false},"rotationAngle":0,"lockAspectRatio":true,"backgroundColor":{"color":{"r":196,"g":196,"b":196}},"x":1,"y":1,"width":1,"height":1,"mask":{"type":"rectangle"},"isBackground":true,"isDefaultBackground":true,"id":"78c21f4e-52e6-4447-af1d-0e29cab8a9a3","basedOn":"2c0f5303-5faf-4834-86da-fcc3986b6b58","type":"shape"},{"opacity":100,"flip":{"vertical":false,"horizontal":false},"rotationAngle":0,"lockAspectRatio":false,"backgroundColor":{"color":{"r":0,"g":0,"b":0}},"x":0,"y":-445,"width":412,"height":732,"mask":{"type":"rectangle"},"id":"3b4f07d3-a9a4-432d-8eea-38af066a95f0","basedOn":"bfa08f7e-cd29-496d-973b-318eb35d8d87","type":"shape"},{"opacity":100,"flip":{"vertical":false,"horizontal":false},"rotationAngle":0,"lockAspectRatio":false,"backgroundColor":{"color":{"r":206,"g":158,"b":0,"a":1}},"x":-128,"y":316,"width":639,"height":22,"mask":{"type":"rectangle"},"id":"02f16f1d-1380-4893-92d0-ec1242dd8a02","basedOn":"f14c8712-5d6d-4237-99b3-6993fca4aef1","type":"shape"},{"opacity":100,"flip":{"vertical":false,"horizontal":false},"rotationAngle":0,"lockAspectRatio":false,"scale":100,"focalX":50,"focalY":50,"resource":{"type":"image","mimeType":"image\/jpeg","width":520,"height":666,"sizes":{"medium":{"file":"vista-bairro-apartamentos-a-venda-no-leblon-rio-de-janeiro-234x300.jpg","width":234,"height":300,"filesize":21721,"mimeType":"image\/jpeg","sourceUrl":"https:\/\/invexo.com.br\/blog\/wp-content\/uploads\/2023\/03\/vista-bairro-apartamentos-a-venda-no-leblon-rio-de-janeiro-234x300.jpg"},"thumbnail":{"file":"vista-bairro-apartamentos-a-venda-no-leblon-rio-de-janeiro-150x150.jpg","width":150,"height":150,"filesize":7999,"mimeType":"image\/jpeg","sourceUrl":"https:\/\/invexo.com.br\/blog\/wp-content\/uploads\/2023\/03\/vista-bairro-apartamentos-a-venda-no-leblon-rio-de-janeiro-150x150.jpg"},"web-stories-publisher-logo":{"file":"vista-bairro-apartamentos-a-venda-no-leblon-rio-de-janeiro-96x96.jpg","width":96,"height":96,"filesize":3985,"mimeType":"image\/jpeg","sourceUrl":"https:\/\/invexo.com.br\/blog\/wp-content\/uploads\/2023\/03\/vista-bairro-apartamentos-a-venda-no-leblon-rio-de-janeiro-96x96.jpg"},"web-stories-thumbnail":{"file":"vista-bairro-apartamentos-a-venda-no-leblon-rio-de-janeiro-150x192.jpg","width":150,"height":192,"filesize":9663,"mimeType":"image\/jpeg","sourceUrl":"https:\/\/invexo.com.br\/blog\/wp-content\/uploads\/2023\/03\/vista-bairro-apartamentos-a-venda-no-leblon-rio-de-janeiro-150x192.jpg"},"full":{"file":"vista-bairro-apartamentos-a-venda-no-leblon-rio-de-janeiro.jpg","width":520,"height":666,"mimeType":"image\/jpeg","sourceUrl":"https:\/\/invexo.com.br\/blog\/wp-content\/uploads\/2023\/03\/vista-bairro-apartamentos-a-venda-no-leblon-rio-de-janeiro.jpg"}},"isPlaceholder":false,"isExternal":false,"needsProxy":false,"baseColor":"#6e88a5","blurHash":"U,E|b|tRWDj[PEkBj[j@tmobjrayRkWAWCj[","creationDate":"2023-03-29T03:39:06","src":"https:\/\/invexo.com.br\/blog\/wp-content\/uploads\/2023\/03\/vista-bairro-apartamentos-a-venda-no-leblon-rio-de-janeiro.jpg","id":37320,"alt":"vista-bairro-apartamentos-a-venda-no-leblon-rio-de-janeiro","local":false},"x":0,"y":-58,"width":460,"height":385,"mask":{"type":"rectangle","showInLibrary":true,"name":"Ret\u00e2ngulo","path":"M 0,0 1,0 1,1 0,1 0,0 Z","ratio":1,"supportsBorder":true},"id":"f8300bf0-9965-4548-9265-d4324432c9a3","type":"image","basedOn":"eebe70c5-6b22-441a-a84f-1b5cc5a7214a"},{"opacity":100,"flip":{"vertical":false,"horizontal":false},"rotationAngle":0,"lockAspectRatio":true,"backgroundTextMode":"NONE","font":{"family":"Lato"},"fontSize":36,"backgroundColor":{"color":{"r":196,"g":196,"b":196}},"lineHeight":1.2,"textAlign":"initial","padding":{"locked":true,"hasHiddenPadding":false,"horizontal":null,"vertical":null},"content":"<span style=\"font-weight: 700; color: #ce9e00; letter-spacing: 0.02em; text-transform: uppercase\">bairro nobre<\/span>","borderRadius":{"locked":true,"topLeft":2,"topRight":2,"bottomRight":2,"bottomLeft":2},"width":334,"height":43,"basedOn":"5e33ae1b-0410-4dae-a70b-9a95202dd5ad","x":23,"y":371,"id":"3e64464b-e417-4904-bde3-1479d15ac01d","link":{"needsProxy":false,"url":"https:\/\/luxury.invexo.com.br\/apartamento-no-leblon\/?utm_source=webstories","rel":[],"icon":null,"desc":null},"type":"text"},{"opacity":100,"flip":{"vertical":false,"horizontal":false},"rotationAngle":0,"lockAspectRatio":true,"backgroundTextMode":"NONE","font":{"family":"Hind"},"fontSize":23,"backgroundColor":{"color":{"r":196,"g":196,"b":196}},"lineHeight":1.3,"textAlign":"initial","padding":{"locked":true,"hasHiddenPadding":false},"x":24,"y":431,"basedOn":"b9cdfe6d-9835-4ace-bbf5-c6c069042040","content":"<span style=\"color: #fff\">Um dos aspectos que retratam a excel\u00eancia do Leblon \u00e9 o alto crescimento de sua infraestrutura urbana, com estabelecimentos de grandes empresas e r\u00e1pido progresso do setor residencial.<\/span>","borderRadius":{"locked":true,"topLeft":2,"topRight":2,"bottomRight":2,"bottomLeft":2},"width":345,"height":186,"marginOffset":-17.525,"id":"04e27784-641b-4970-a8a6-5ac3335b5e43","link":{"needsProxy":true,"url":"https:\/\/luxury.invexo.com.br\/apartamento-no-leblon\/?utm_source=webstories","rel":[],"icon":"https:\/\/luxury.invexo.com.br\/wp-content\/uploads\/2022\/08\/apartamento-2-quartos-reformado-no-leblon-rio-de-janeiro-rj-5-1.jpg","desc":"Apartamentos \u00e0 Venda no Leblon, Rio de Janeiro, RJ"},"type":"text"},{"opacity":50,"flip":{"vertical":false,"horizontal":false},"rotationAngle":0,"lockAspectRatio":false,"scale":100,"focalX":50,"focalY":50,"resource":{"baseColor":null,"blurHash":"","type":"image","mimeType":"image\/png","creationDate":"2022-09-30T14:39:44","src":"https:\/\/invexo.com.br\/blog\/wp-content\/uploads\/2022\/09\/marca-d-agua-site-branca.png","width":200,"height":200,"id":30829,"alt":"marca-d-agua-site-branca","sizes":{"thumbnail":{"file":"marca-d-agua-site-branca-150x150.png","width":150,"height":150,"filesize":3223,"mimeType":"image\/png","sourceUrl":"https:\/\/invexo.com.br\/blog\/wp-content\/uploads\/2022\/09\/marca-d-agua-site-branca-150x150.png"},"web-stories-publisher-logo":{"file":"marca-d-agua-site-branca-96x96.png","width":96,"height":96,"filesize":2051,"mimeType":"image\/png","sourceUrl":"https:\/\/invexo.com.br\/blog\/wp-content\/uploads\/2022\/09\/marca-d-agua-site-branca-96x96.png"},"web-stories-thumbnail":{"file":"marca-d-agua-site-branca-150x150.png","width":150,"height":150,"filesize":3223,"mimeType":"image\/png","sourceUrl":"https:\/\/invexo.com.br\/blog\/wp-content\/uploads\/2022\/09\/marca-d-agua-site-branca-150x150.png"},"full":{"file":"marca-d-agua-site-branca.png","width":200,"height":200,"mimeType":"image\/png","sourceUrl":"https:\/\/invexo.com.br\/blog\/wp-content\/uploads\/2022\/09\/marca-d-agua-site-branca.png"}},"isPlaceholder":false,"isOptimized":false,"isMuted":false,"isExternal":false,"needsProxy":false},"x":338,"y":607,"width":63,"height":67,"mask":{"type":"rectangle","showInLibrary":true,"name":"Rectangle","path":"M 0,0 1,0 1,1 0,1 0,0 Z","ratio":1,"supportsBorder":true},"link":{"needsProxy":false,"url":"https:\/\/luxury.invexo.com.br\/apartamento-no-leblon\/?utm_source=webstories","rel":[],"desc":"Real Estate no Brasil \u2013 O que \u00e9, setores e tend\u00eancias imobili\u00e1rias"},"basedOn":"3f7eb1b1-f175-4bc7-821d-b365e2b13639","id":"c8d0a0f9-0107-4665-a1b9-6cc2f9422647","type":"image"},{"opacity":100,"flip":{"vertical":false,"horizontal":false},"rotationAngle":0,"lockAspectRatio":false,"scale":100,"focalX":50,"focalY":50,"resource":{"type":"image","mimeType":"image\/jpeg","width":418,"height":541,"sizes":{"medium":{"file":"vista-apartamentos-a-venda-no-leblon-rio-de-janeiro-232x300.jpg","width":232,"height":300,"filesize":19595,"mimeType":"image\/jpeg","sourceUrl":"https:\/\/invexo.com.br\/blog\/wp-content\/uploads\/2023\/03\/vista-apartamentos-a-venda-no-leblon-rio-de-janeiro-232x300.jpg"},"thumbnail":{"file":"vista-apartamentos-a-venda-no-leblon-rio-de-janeiro-150x150.jpg","width":150,"height":150,"filesize":7755,"mimeType":"image\/jpeg","sourceUrl":"https:\/\/invexo.com.br\/blog\/wp-content\/uploads\/2023\/03\/vista-apartamentos-a-venda-no-leblon-rio-de-janeiro-150x150.jpg"},"web-stories-publisher-logo":{"file":"vista-apartamentos-a-venda-no-leblon-rio-de-janeiro-96x96.jpg","width":96,"height":96,"filesize":3843,"mimeType":"image\/jpeg","sourceUrl":"https:\/\/invexo.com.br\/blog\/wp-content\/uploads\/2023\/03\/vista-apartamentos-a-venda-no-leblon-rio-de-janeiro-96x96.jpg"},"web-stories-thumbnail":{"file":"vista-apartamentos-a-venda-no-leblon-rio-de-janeiro-150x194.jpg","width":150,"height":194,"filesize":8806,"mimeType":"image\/jpeg","sourceUrl":"https:\/\/invexo.com.br\/blog\/wp-content\/uploads\/2023\/03\/vista-apartamentos-a-venda-no-leblon-rio-de-janeiro-150x194.jpg"},"full":{"file":"vista-apartamentos-a-venda-no-leblon-rio-de-janeiro.jpg","width":418,"height":541,"mimeType":"image\/jpeg","sourceUrl":"https:\/\/invexo.com.br\/blog\/wp-content\/uploads\/2023\/03\/vista-apartamentos-a-venda-no-leblon-rio-de-janeiro.jpg"}},"isPlaceholder":false,"isExternal":false,"needsProxy":false,"baseColor":"#464741","blurHash":"UQFFaF?GFfEN1BEO%2-TtA-TRiRkr@NGRiNc","creationDate":"2023-03-29T13:01:29","src":"https:\/\/invexo.com.br\/blog\/wp-content\/uploads\/2023\/03\/vista-apartamentos-a-venda-no-leblon-rio-de-janeiro.jpg","id":37361,"alt":"vista-apartamentos-a-venda-no-leblon-rio-de-janeiro","local":false},"type":"image","x":0,"y":-58,"width":412,"height":385,"mask":{"type":"rectangle","showInLibrary":true,"name":"Ret\u00e2ngulo","path":"M 0,0 1,0 1,1 0,1 0,0 Z","ratio":1,"supportsBorder":true},"id":"53f23c52-539f-4b7e-89b0-dd49acf07c17","link":{"needsProxy":false,"url":"https:\/\/luxury.invexo.com.br\/apartamento-no-leblon\/?utm_source=webstories","rel":[],"icon":null,"desc":null}}],"backgroundColor":{"color":{"r":0,"g":0,"b":0}},"animations":[{"targets":["04e27784-641b-4970-a8a6-5ac3335b5e43"],"id":"ff826840-1094-4ce7-a2cc-051f8326c0db","type":"effect-fade-in","duration":3000,"delay":100}],"type":"page","id":"3555994f-fed8-4b7c-a1cf-cd6462be56f3","pageTemplateType":"cover"},{"elements":[{"opacity":100,"flip":{"vertical":false,"horizontal":false},"rotationAngle":0,"lockAspectRatio":true,"x":1,"y":1,"width":1,"height":1,"mask":{"type":"rectangle"},"isBackground":true,"isDefaultBackground":true,"type":"shape","id":"d1fcfbd8-286a-4910-80fe-f5f34411dbb2"},{"opacity":100,"flip":{"vertical":false,"horizontal":false},"rotationAngle":0,"lockAspectRatio":false,"backgroundColor":{"color":{"r":206,"g":158,"b":0}},"type":"shape","width":412,"height":504,"mask":{"type":"rectangle"},"basedOn":"92661475-0b13-4b28-8bc9-129cfdd1dcc4","id":"ea0f3e8b-cf60-4356-8aab-8cfd49f370d3","x":0,"y":-159},{"opacity":100,"flip":{"vertical":false,"horizontal":false},"rotationAngle":0,"lockAspectRatio":false,"scale":100,"focalX":50,"focalY":50,"resource":{"type":"image","mimeType":"image\/jpeg","width":424,"height":564,"sizes":{"medium":{"file":"ap-de-luxo-apartamentos-a-venda-no-leblon-rio-de-janeiro-226x300.jpg","width":226,"height":300,"filesize":13336,"mimeType":"image\/jpeg","sourceUrl":"https:\/\/invexo.com.br\/blog\/wp-content\/uploads\/2023\/03\/ap-de-luxo-apartamentos-a-venda-no-leblon-rio-de-janeiro-226x300.jpg"},"thumbnail":{"file":"ap-de-luxo-apartamentos-a-venda-no-leblon-rio-de-janeiro-150x150.jpg","width":150,"height":150,"filesize":5961,"mimeType":"image\/jpeg","sourceUrl":"https:\/\/invexo.com.br\/blog\/wp-content\/uploads\/2023\/03\/ap-de-luxo-apartamentos-a-venda-no-leblon-rio-de-janeiro-150x150.jpg"},"web-stories-publisher-logo":{"file":"ap-de-luxo-apartamentos-a-venda-no-leblon-rio-de-janeiro-96x96.jpg","width":96,"height":96,"filesize":3279,"mimeType":"image\/jpeg","sourceUrl":"https:\/\/invexo.com.br\/blog\/wp-content\/uploads\/2023\/03\/ap-de-luxo-apartamentos-a-venda-no-leblon-rio-de-janeiro-96x96.jpg"},"web-stories-thumbnail":{"file":"ap-de-luxo-apartamentos-a-venda-no-leblon-rio-de-janeiro-150x200.jpg","width":150,"height":200,"filesize":6753,"mimeType":"image\/jpeg","sourceUrl":"https:\/\/invexo.com.br\/blog\/wp-content\/uploads\/2023\/03\/ap-de-luxo-apartamentos-a-venda-no-leblon-rio-de-janeiro-150x200.jpg"},"full":{"file":"ap-de-luxo-apartamentos-a-venda-no-leblon-rio-de-janeiro.jpg","width":424,"height":564,"mimeType":"image\/jpeg","sourceUrl":"https:\/\/invexo.com.br\/blog\/wp-content\/uploads\/2023\/03\/ap-de-luxo-apartamentos-a-venda-no-leblon-rio-de-janeiro.jpg"}},"isPlaceholder":false,"isExternal":false,"needsProxy":false,"baseColor":"#c8c3b6","blurHash":"UKMjs@Dh8_xv?wadt7jYrAo#xuV@IUt7IUoz","creationDate":"2023-03-29T04:06:04","src":"https:\/\/invexo.com.br\/blog\/wp-content\/uploads\/2023\/03\/ap-de-luxo-apartamentos-a-venda-no-leblon-rio-de-janeiro.jpg","id":37332,"alt":"ap-de-luxo-apartamentos-a-venda-no-leblon-rio-de-janeiro","local":false},"type":"image","x":0,"y":-57,"width":205,"height":218,"mask":{"type":"rectangle","showInLibrary":true,"name":"Rectangle","path":"M 0,0 1,0 1,1 0,1 0,0 Z","ratio":1,"supportsBorder":true},"id":"70c9bc40-0326-47a2-b18a-a4e682c110d5","link":{"needsProxy":false,"url":"https:\/\/luxury.invexo.com.br\/apartamento-no-leblon\/?utm_source=webstories","rel":[],"icon":null,"desc":null}},{"opacity":100,"flip":{"vertical":false,"horizontal":false},"rotationAngle":0,"lockAspectRatio":false,"scale":100,"focalX":50,"focalY":50,"resource":{"type":"image","mimeType":"image\/jpeg","width":494,"height":720,"sizes":{"medium":{"file":"sala-ap-apartamentos-a-venda-no-leblon-rio-de-janeiro-1-206x300.jpg","width":206,"height":300,"filesize":15825,"mimeType":"image\/jpeg","sourceUrl":"https:\/\/invexo.com.br\/blog\/wp-content\/uploads\/2023\/03\/sala-ap-apartamentos-a-venda-no-leblon-rio-de-janeiro-1-206x300.jpg"},"thumbnail":{"file":"sala-ap-apartamentos-a-venda-no-leblon-rio-de-janeiro-1-150x150.jpg","width":150,"height":150,"filesize":7291,"mimeType":"image\/jpeg","sourceUrl":"https:\/\/invexo.com.br\/blog\/wp-content\/uploads\/2023\/03\/sala-ap-apartamentos-a-venda-no-leblon-rio-de-janeiro-1-150x150.jpg"},"web-stories-publisher-logo":{"file":"sala-ap-apartamentos-a-venda-no-leblon-rio-de-janeiro-1-96x96.jpg","width":96,"height":96,"filesize":3913,"mimeType":"image\/jpeg","sourceUrl":"https:\/\/invexo.com.br\/blog\/wp-content\/uploads\/2023\/03\/sala-ap-apartamentos-a-venda-no-leblon-rio-de-janeiro-1-96x96.jpg"},"web-stories-thumbnail":{"file":"sala-ap-apartamentos-a-venda-no-leblon-rio-de-janeiro-1-150x219.jpg","width":150,"height":219,"filesize":9532,"mimeType":"image\/jpeg","sourceUrl":"https:\/\/invexo.com.br\/blog\/wp-content\/uploads\/2023\/03\/sala-ap-apartamentos-a-venda-no-leblon-rio-de-janeiro-1-150x219.jpg"},"full":{"file":"sala-ap-apartamentos-a-venda-no-leblon-rio-de-janeiro-1.jpg","width":494,"height":720,"mimeType":"image\/jpeg","sourceUrl":"https:\/\/invexo.com.br\/blog\/wp-content\/uploads\/2023\/03\/sala-ap-apartamentos-a-venda-no-leblon-rio-de-janeiro-1.jpg"}},"isPlaceholder":false,"isExternal":false,"needsProxy":false,"baseColor":"#90989b","blurHash":"UPGv0AM{9E%M.Tn$smRi4nay%NNGogR-Ri%M","creationDate":"2023-03-29T12:22:40","src":"https:\/\/invexo.com.br\/blog\/wp-content\/uploads\/2023\/03\/sala-ap-apartamentos-a-venda-no-leblon-rio-de-janeiro-1.jpg","id":37344,"alt":"sala-ap-apartamentos-a-venda-no-leblon-rio-de-janeiro","local":false},"type":"image","x":210,"y":-57,"width":202,"height":398,"mask":{"type":"rectangle","showInLibrary":true,"name":"Rectangle","path":"M 0,0 1,0 1,1 0,1 0,0 Z","ratio":1,"supportsBorder":true},"id":"7ca59bac-2e08-4305-827b-66be422542df","link":{"needsProxy":false,"url":"https:\/\/luxury.invexo.com.br\/apartamento-no-leblon\/?utm_source=webstories","rel":[],"icon":null,"desc":null}},{"opacity":100,"flip":{"vertical":false,"horizontal":false},"rotationAngle":0,"lockAspectRatio":true,"backgroundTextMode":"NONE","font":{"family":"Lato"},"fontSize":34,"backgroundColor":{"color":{"r":196,"g":196,"b":196}},"lineHeight":1.2,"textAlign":"initial","padding":{"locked":true,"hasHiddenPadding":false,"horizontal":null,"vertical":null},"type":"text","content":"<span style=\"font-weight: 700; color: #ce9e00; letter-spacing: 0.02em; text-transform: uppercase\">IM\u00d3VEIS NO LEBLON<\/span>","borderRadius":{"locked":true,"topLeft":2,"topRight":2,"bottomRight":2,"bottomLeft":2},"width":352,"height":41,"basedOn":"662d7ce5-046d-447e-983c-dff7100779a3","x":21,"y":383,"id":"9fa9f2f5-1102-4187-b7c0-b6caf967a313","link":{"needsProxy":false,"url":"https:\/\/luxury.invexo.com.br\/apartamento-no-leblon\/?utm_source=webstories","rel":[],"icon":null,"desc":null}},{"x":21,"y":448,"basedOn":"42a4d28d-b145-477a-a385-9ee251284a97","opacity":100,"flip":{"vertical":false,"horizontal":false},"rotationAngle":0,"lockAspectRatio":true,"backgroundTextMode":"NONE","font":{"family":"Hind"},"fontSize":24,"backgroundColor":{"color":{"r":196,"g":196,"b":196}},"lineHeight":1.3,"textAlign":"initial","padding":{"locked":true,"hasHiddenPadding":false},"type":"text","content":"<span style=\"color: #fff\">S\u00e3o diversas op\u00e7\u00f5es de condom\u00ednios e im\u00f3veis residenciais que atendem \u00e0s necessidades e desejos de uma gama de cariocas que procuram viver com luxo e sofistica\u00e7\u00e3o.<\/span>","borderRadius":{"locked":true,"topLeft":2,"topRight":2,"bottomRight":2,"bottomLeft":2},"width":378,"height":163,"marginOffset":-17.525,"id":"d538406c-c5c9-441a-8702-7d2111d22334","link":{"needsProxy":true,"url":"https:\/\/luxury.invexo.com.br\/apartamento-no-leblon\/?utm_source=webstories","rel":[],"icon":"https:\/\/luxury.invexo.com.br\/wp-content\/uploads\/2022\/08\/apartamento-2-quartos-reformado-no-leblon-rio-de-janeiro-rj-5-1.jpg","desc":"Apartamentos \u00e0 Venda no Leblon, Rio de Janeiro, RJ"}},{"opacity":50,"flip":{"vertical":false,"horizontal":false},"rotationAngle":0,"lockAspectRatio":false,"scale":100,"focalX":50,"focalY":50,"resource":{"baseColor":null,"blurHash":"","type":"image","mimeType":"image\/png","creationDate":"2022-09-30T14:39:44","src":"https:\/\/invexo.com.br\/blog\/wp-content\/uploads\/2022\/09\/marca-d-agua-site-branca.png","width":200,"height":200,"id":30829,"alt":"marca-d-agua-site-branca","sizes":{"thumbnail":{"file":"marca-d-agua-site-branca-150x150.png","width":150,"height":150,"filesize":3223,"mimeType":"image\/png","sourceUrl":"https:\/\/invexo.com.br\/blog\/wp-content\/uploads\/2022\/09\/marca-d-agua-site-branca-150x150.png"},"web-stories-publisher-logo":{"file":"marca-d-agua-site-branca-96x96.png","width":96,"height":96,"filesize":2051,"mimeType":"image\/png","sourceUrl":"https:\/\/invexo.com.br\/blog\/wp-content\/uploads\/2022\/09\/marca-d-agua-site-branca-96x96.png"},"web-stories-thumbnail":{"file":"marca-d-agua-site-branca-150x150.png","width":150,"height":150,"filesize":3223,"mimeType":"image\/png","sourceUrl":"https:\/\/invexo.com.br\/blog\/wp-content\/uploads\/2022\/09\/marca-d-agua-site-branca-150x150.png"},"full":{"file":"marca-d-agua-site-branca.png","width":200,"height":200,"mimeType":"image\/png","sourceUrl":"https:\/\/invexo.com.br\/blog\/wp-content\/uploads\/2022\/09\/marca-d-agua-site-branca.png"}},"isPlaceholder":false,"isOptimized":false,"isMuted":false,"isExternal":false,"needsProxy":false},"type":"image","x":338,"y":607,"width":63,"height":67,"mask":{"type":"rectangle","showInLibrary":true,"name":"Rectangle","path":"M 0,0 1,0 1,1 0,1 0,0 Z","ratio":1,"supportsBorder":true},"link":{"needsProxy":false,"url":"https:\/\/luxury.invexo.com.br\/apartamento-no-leblon\/?utm_source=webstories","rel":[],"desc":""},"basedOn":"78798cc1-7bd4-481c-bded-e63fe9419b05","id":"c1d28ffd-486e-4298-a946-6327ed9f6722"},{"opacity":100,"flip":{"vertical":false,"horizontal":false},"rotationAngle":0,"lockAspectRatio":false,"scale":100,"focalX":50,"focalY":50,"resource":{"type":"image","mimeType":"image\/jpeg","width":418,"height":580,"sizes":{"medium":{"file":"piscina-de-ap-apartamentos-a-venda-no-leblon-rio-de-janeiro-216x300.jpg","width":216,"height":300,"filesize":13060,"mimeType":"image\/jpeg","sourceUrl":"https:\/\/invexo.com.br\/blog\/wp-content\/uploads\/2023\/03\/piscina-de-ap-apartamentos-a-venda-no-leblon-rio-de-janeiro-216x300.jpg"},"thumbnail":{"file":"piscina-de-ap-apartamentos-a-venda-no-leblon-rio-de-janeiro-150x150.jpg","width":150,"height":150,"filesize":5623,"mimeType":"image\/jpeg","sourceUrl":"https:\/\/invexo.com.br\/blog\/wp-content\/uploads\/2023\/03\/piscina-de-ap-apartamentos-a-venda-no-leblon-rio-de-janeiro-150x150.jpg"},"web-stories-publisher-logo":{"file":"piscina-de-ap-apartamentos-a-venda-no-leblon-rio-de-janeiro-96x96.jpg","width":96,"height":96,"filesize":3028,"mimeType":"image\/jpeg","sourceUrl":"https:\/\/invexo.com.br\/blog\/wp-content\/uploads\/2023\/03\/piscina-de-ap-apartamentos-a-venda-no-leblon-rio-de-janeiro-96x96.jpg"},"web-stories-thumbnail":{"file":"piscina-de-ap-apartamentos-a-venda-no-leblon-rio-de-janeiro-150x208.jpg","width":150,"height":208,"filesize":6998,"mimeType":"image\/jpeg","sourceUrl":"https:\/\/invexo.com.br\/blog\/wp-content\/uploads\/2023\/03\/piscina-de-ap-apartamentos-a-venda-no-leblon-rio-de-janeiro-150x208.jpg"},"full":{"file":"piscina-de-ap-apartamentos-a-venda-no-leblon-rio-de-janeiro.jpg","width":418,"height":580,"mimeType":"image\/jpeg","sourceUrl":"https:\/\/invexo.com.br\/blog\/wp-content\/uploads\/2023\/03\/piscina-de-ap-apartamentos-a-venda-no-leblon-rio-de-janeiro.jpg"}},"isPlaceholder":false,"isExternal":false,"needsProxy":false,"baseColor":"#63a4c9","blurHash":"UHC+MI-:%1x]*Z%Ki_enB@oJbwS2D~XURPWB","creationDate":"2023-03-29T12:35:44","src":"https:\/\/invexo.com.br\/blog\/wp-content\/uploads\/2023\/03\/piscina-de-ap-apartamentos-a-venda-no-leblon-rio-de-janeiro.jpg","id":37348,"alt":"piscina-de-ap-apartamentos-a-venda-no-leblon-rio-de-janeiro","local":false,"provider":"local"},"type":"image","x":0,"y":161,"width":206,"height":179,"mask":{"type":"rectangle","showInLibrary":true,"name":"Ret\u00e2ngulo","path":"M 0,0 1,0 1,1 0,1 0,0 Z","ratio":1,"supportsBorder":true},"id":"04b52120-ab04-4d16-bc28-ba0531e45766","link":{"needsProxy":true,"url":"https:\/\/luxury.invexo.com.br\/apartamento-no-leblon\/?utm_source=webstories","rel":[],"icon":"https:\/\/luxury.invexo.com.br\/wp-content\/uploads\/2022\/08\/apartamento-2-quartos-reformado-no-leblon-rio-de-janeiro-rj-5-1.jpg","desc":"Apartamentos \u00e0 Venda no Leblon, Rio de Janeiro, RJ"}}],"backgroundColor":{"color":{"r":0,"g":0,"b":0}},"type":"page","id":"a008d97e-4739-4e43-8739-4b065132f44c","animations":[{"id":"f71ec6e6-6c49-4243-8fcf-90d0736cc37b","type":"effect-fly-in","targets":["70c9bc40-0326-47a2-b18a-a4e682c110d5"],"flyInDir":"leftToRight","duration":2000,"delay":0},{"targets":["d538406c-c5c9-441a-8702-7d2111d22334"],"id":"77241fa8-d37f-45d9-9209-7db6e4ffb0f6","type":"effect-fade-in","duration":3000,"delay":100}],"pageTemplateType":null},{"elements":[{"opacity":100,"flip":{"vertical":false,"horizontal":false},"rotationAngle":0,"lockAspectRatio":true,"x":1,"y":1,"width":1,"height":1,"mask":{"type":"rectangle"},"isBackground":true,"isDefaultBackground":true,"id":"8eb62411-9bfc-428e-9e08-babadca3d7f9","type":"shape"},{"opacity":100,"flip":{"vertical":false,"horizontal":false},"rotationAngle":0,"lockAspectRatio":false,"backgroundColor":{"color":{"r":206,"g":158,"b":0}},"type":"shape","x":-18,"y":669,"width":430,"height":78,"mask":{"type":"rectangle"},"id":"630c4b1f-d936-4cdc-86b3-a061c7eb3102"},{"opacity":100,"flip":{"vertical":false,"horizontal":false},"rotationAngle":0,"lockAspectRatio":false,"scale":100,"focalX":50,"focalY":50,"resource":{"type":"image","mimeType":"image\/jpeg","width":520,"height":666,"sizes":{"medium":{"file":"calcadao-apartamentos-a-venda-no-leblon-rio-de-janeiro-234x300.jpg","width":234,"height":300,"filesize":21123,"mimeType":"image\/jpeg","sourceUrl":"https:\/\/invexo.com.br\/blog\/wp-content\/uploads\/2023\/03\/calcadao-apartamentos-a-venda-no-leblon-rio-de-janeiro-234x300.jpg"},"thumbnail":{"file":"calcadao-apartamentos-a-venda-no-leblon-rio-de-janeiro-150x150.jpg","width":150,"height":150,"filesize":7920,"mimeType":"image\/jpeg","sourceUrl":"https:\/\/invexo.com.br\/blog\/wp-content\/uploads\/2023\/03\/calcadao-apartamentos-a-venda-no-leblon-rio-de-janeiro-150x150.jpg"},"web-stories-publisher-logo":{"file":"calcadao-apartamentos-a-venda-no-leblon-rio-de-janeiro-96x96.jpg","width":96,"height":96,"filesize":3923,"mimeType":"image\/jpeg","sourceUrl":"https:\/\/invexo.com.br\/blog\/wp-content\/uploads\/2023\/03\/calcadao-apartamentos-a-venda-no-leblon-rio-de-janeiro-96x96.jpg"},"web-stories-thumbnail":{"file":"calcadao-apartamentos-a-venda-no-leblon-rio-de-janeiro-150x192.jpg","width":150,"height":192,"filesize":9341,"mimeType":"image\/jpeg","sourceUrl":"https:\/\/invexo.com.br\/blog\/wp-content\/uploads\/2023\/03\/calcadao-apartamentos-a-venda-no-leblon-rio-de-janeiro-150x192.jpg"},"full":{"file":"calcadao-apartamentos-a-venda-no-leblon-rio-de-janeiro.jpg","width":520,"height":666,"mimeType":"image\/jpeg","sourceUrl":"https:\/\/invexo.com.br\/blog\/wp-content\/uploads\/2023\/03\/calcadao-apartamentos-a-venda-no-leblon-rio-de-janeiro.jpg"}},"isPlaceholder":false,"isExternal":false,"needsProxy":false,"baseColor":"#91928e","blurHash":"URIOhGx]D%t7%iWBIUof_NRjM_Rj_4ofofWV","creationDate":"2023-03-29T03:50:12","src":"https:\/\/invexo.com.br\/blog\/wp-content\/uploads\/2023\/03\/calcadao-apartamentos-a-venda-no-leblon-rio-de-janeiro.jpg","id":37327,"alt":"calcadao-apartamentos-a-venda-no-leblon-rio-de-janeiro","local":false},"type":"image","x":-4,"y":-63,"width":416,"height":461,"mask":{"type":"rectangle","showInLibrary":true,"name":"Rectangle","path":"M 0,0 1,0 1,1 0,1 0,0 Z","ratio":1,"supportsBorder":true},"id":"f01ad7e0-4078-4041-b682-b0fa83155a49","link":{"needsProxy":true,"url":"https:\/\/luxury.invexo.com.br\/apartamento-no-leblon\/?utm_source=webstories","rel":[],"icon":"https:\/\/luxury.invexo.com.br\/wp-content\/uploads\/2022\/08\/apartamento-2-quartos-reformado-no-leblon-rio-de-janeiro-rj-5-1.jpg","desc":"Apartamentos \u00e0 Venda no Leblon, Rio de Janeiro, RJ"}},{"opacity":100,"flip":{"vertical":false,"horizontal":false},"rotationAngle":0,"lockAspectRatio":true,"backgroundTextMode":"NONE","font":{"family":"Lato"},"fontSize":30,"backgroundColor":{"color":{"r":196,"g":196,"b":196}},"lineHeight":1.2,"textAlign":"initial","padding":{"locked":true,"hasHiddenPadding":false,"horizontal":null,"vertical":null},"type":"text","content":"<span style=\"font-weight: 700; color: #ce9e00; letter-spacing: 0.02em; text-transform: uppercase\">RUAS INTELIGENTES<\/span>","borderRadius":{"locked":true,"topLeft":2,"topRight":2,"bottomRight":2,"bottomLeft":2},"width":322,"height":36,"basedOn":"9fa9f2f5-1102-4187-b7c0-b6caf967a313","x":37,"y":427,"id":"199acbf8-85ed-44b8-a827-eaf3660b240d","link":{"needsProxy":false,"url":"https:\/\/luxury.invexo.com.br\/apartamento-no-leblon\/?utm_source=webstories","rel":[],"icon":null,"desc":null}},{"x":39,"y":479,"basedOn":"d538406c-c5c9-441a-8702-7d2111d22334","opacity":100,"flip":{"vertical":false,"horizontal":false},"rotationAngle":0,"lockAspectRatio":true,"backgroundTextMode":"NONE","font":{"family":"Hind"},"fontSize":22,"backgroundColor":{"color":{"r":196,"g":196,"b":196}},"lineHeight":1.3,"textAlign":"initial","padding":{"locked":true,"hasHiddenPadding":false},"type":"text","content":"<span style=\"color: #fff\">\u00d4nibus, metr\u00f4, t\u00e1xis e motoristas de aplicativos est\u00e3o dispon\u00edveis o tempo todo, oferecendo v\u00e1rios meios de acessar outras regi\u00f5es, sem grandes dificuldades.<\/span>","borderRadius":{"locked":true,"topLeft":2,"topRight":2,"bottomRight":2,"bottomLeft":2},"width":332,"height":149,"marginOffset":-17.525,"id":"ba82677c-cca3-422d-985c-6b01ff8b8773","link":{"needsProxy":true,"url":"https:\/\/luxury.invexo.com.br\/apartamento-no-leblon\/?utm_source=webstories","rel":[],"icon":"https:\/\/luxury.invexo.com.br\/wp-content\/uploads\/2022\/08\/apartamento-2-quartos-reformado-no-leblon-rio-de-janeiro-rj-5-1.jpg","desc":"Apartamentos \u00e0 Venda no Leblon, Rio de Janeiro, RJ"}},{"opacity":50,"flip":{"vertical":false,"horizontal":false},"rotationAngle":0,"lockAspectRatio":false,"scale":100,"focalX":50,"focalY":50,"resource":{"baseColor":null,"blurHash":"","type":"image","mimeType":"image\/png","creationDate":"2022-09-30T14:39:44","src":"https:\/\/invexo.com.br\/blog\/wp-content\/uploads\/2022\/09\/marca-d-agua-site-branca.png","width":200,"height":200,"id":30829,"alt":"marca-d-agua-site-branca","sizes":{"thumbnail":{"file":"marca-d-agua-site-branca-150x150.png","width":150,"height":150,"filesize":3223,"mimeType":"image\/png","sourceUrl":"https:\/\/invexo.com.br\/blog\/wp-content\/uploads\/2022\/09\/marca-d-agua-site-branca-150x150.png"},"web-stories-publisher-logo":{"file":"marca-d-agua-site-branca-96x96.png","width":96,"height":96,"filesize":2051,"mimeType":"image\/png","sourceUrl":"https:\/\/invexo.com.br\/blog\/wp-content\/uploads\/2022\/09\/marca-d-agua-site-branca-96x96.png"},"web-stories-thumbnail":{"file":"marca-d-agua-site-branca-150x150.png","width":150,"height":150,"filesize":3223,"mimeType":"image\/png","sourceUrl":"https:\/\/invexo.com.br\/blog\/wp-content\/uploads\/2022\/09\/marca-d-agua-site-branca-150x150.png"},"full":{"file":"marca-d-agua-site-branca.png","width":200,"height":200,"mimeType":"image\/png","sourceUrl":"https:\/\/invexo.com.br\/blog\/wp-content\/uploads\/2022\/09\/marca-d-agua-site-branca.png"}},"isPlaceholder":false,"isOptimized":false,"isMuted":false,"isExternal":false,"needsProxy":false},"type":"image","x":338,"y":607,"width":63,"height":67,"mask":{"type":"rectangle","showInLibrary":true,"name":"Rectangle","path":"M 0,0 1,0 1,1 0,1 0,0 Z","ratio":1,"supportsBorder":true},"link":{"needsProxy":false,"url":"https:\/\/luxury.invexo.com.br\/apartamento-no-leblon\/?utm_source=webstories","rel":[],"desc":""},"basedOn":"78798cc1-7bd4-481c-bded-e63fe9419b05","id":"65a88c4d-09a2-408c-b5c5-53c46260dc28"}],"animations":[{"id":"2a7b70a5-de9c-44e1-a2fc-0df9fbd41b4f","type":"effect-fly-in","targets":["630c4b1f-d936-4cdc-86b3-a061c7eb3102"],"flyInDir":"leftToRight","duration":3000,"delay":0},{"targets":["ba82677c-cca3-422d-985c-6b01ff8b8773"],"id":"238134ad-8202-4b8c-8b75-5ab7686f0a08","type":"effect-fade-in","duration":3000,"delay":100}],"backgroundColor":{"color":{"r":0,"g":0,"b":0}},"type":"page","id":"19705bc4-77cc-4137-b6c8-e83175cbe3e4","pageTemplateType":null},{"elements":[{"opacity":100,"flip":{"vertical":false,"horizontal":false},"rotationAngle":0,"lockAspectRatio":true,"x":1,"y":1,"width":1,"height":1,"mask":{"type":"rectangle"},"isBackground":true,"isDefaultBackground":true,"type":"shape","id":"e5758a0e-57fb-4f66-98f5-8ceb57cea64d","basedOn":"3108b6ac-d6a3-464c-b1f2-d853c25edafa"},{"opacity":100,"flip":{"vertical":false,"horizontal":false},"rotationAngle":0,"lockAspectRatio":true,"backgroundTextMode":"NONE","font":{"family":"Hind"},"fontSize":30,"backgroundColor":{"color":{"r":196,"g":196,"b":196}},"lineHeight":0.9,"textAlign":"initial","padding":{"locked":true,"hasHiddenPadding":false},"type":"text","content":"<span style=\"font-weight: 600; color: #ce9e00; letter-spacing: 0.02em; text-transform: uppercase\">LAZER NO LEBLON<\/span>","borderRadius":{"locked":true,"topLeft":2,"topRight":2,"bottomRight":2,"bottomLeft":2},"width":316,"height":48,"basedOn":"810c35ee-8652-4cd2-95bc-8730d8623de1","id":"a6842cd4-8705-4c43-b037-21a62c57d447","x":37,"y":428,"marginOffset":-21.03,"link":{"needsProxy":false,"url":"https:\/\/luxury.invexo.com.br\/apartamento-no-leblon\/?utm_source=webstories","rel":[],"icon":null,"desc":null}},{"x":37,"y":480,"id":"64955de9-e716-440b-b2ec-993a8d15761a","basedOn":"066f7c7f-ba73-4976-8d46-b9fdee662241","opacity":100,"flip":{"vertical":false,"horizontal":false},"rotationAngle":0,"lockAspectRatio":true,"backgroundTextMode":"NONE","font":{"family":"Hind"},"fontSize":20,"backgroundColor":{"color":{"r":196,"g":196,"b":196}},"lineHeight":1.3,"textAlign":"initial","padding":{"locked":true,"hasHiddenPadding":false},"type":"text","content":"<span style=\"color: #fff\">O Leblon tem muitas atividades e op\u00e7\u00f5es de lazer dispon\u00edveis: praia, cal\u00e7ad\u00e3o, parques, museus e teatros, por exemplo, s\u00e3o boas escolhas para quem deseja curtir a regi\u00e3o.<\/span>","borderRadius":{"locked":true,"topLeft":2,"topRight":2,"bottomRight":2,"bottomLeft":2},"width":335,"height":136,"marginOffset":-17.525,"link":{"needsProxy":true,"url":"https:\/\/luxury.invexo.com.br\/apartamento-no-leblon\/?utm_source=webstories","rel":[],"icon":"https:\/\/luxury.invexo.com.br\/wp-content\/uploads\/2022\/08\/apartamento-2-quartos-reformado-no-leblon-rio-de-janeiro-rj-5-1.jpg","desc":"Apartamentos \u00e0 Venda no Leblon, Rio de Janeiro, RJ"}},{"opacity":100,"flip":{"vertical":false,"horizontal":false},"rotationAngle":90,"lockAspectRatio":false,"backgroundColor":{"color":{"r":206,"g":158,"b":0,"a":1}},"type":"shape","x":21,"y":309,"width":782,"height":10,"mask":{"type":"rectangle"},"basedOn":"779cf149-2451-4512-b32a-0722325ddfa4","id":"cf7344f9-985b-4eba-8af4-2f2e6f675c0a"},{"opacity":100,"flip":{"vertical":false,"horizontal":false},"rotationAngle":0,"lockAspectRatio":false,"scale":100,"focalX":50,"focalY":50,"resource":{"type":"image","mimeType":"image\/jpeg","width":520,"height":666,"sizes":{"medium":{"file":"volei-de-praia-apartamentos-a-venda-no-leblon-rio-de-janeiro-234x300.jpg","width":234,"height":300,"filesize":12988,"mimeType":"image\/jpeg","sourceUrl":"https:\/\/invexo.com.br\/blog\/wp-content\/uploads\/2023\/03\/volei-de-praia-apartamentos-a-venda-no-leblon-rio-de-janeiro-234x300.jpg"},"thumbnail":{"file":"volei-de-praia-apartamentos-a-venda-no-leblon-rio-de-janeiro-150x150.jpg","width":150,"height":150,"filesize":5279,"mimeType":"image\/jpeg","sourceUrl":"https:\/\/invexo.com.br\/blog\/wp-content\/uploads\/2023\/03\/volei-de-praia-apartamentos-a-venda-no-leblon-rio-de-janeiro-150x150.jpg"},"web-stories-publisher-logo":{"file":"volei-de-praia-apartamentos-a-venda-no-leblon-rio-de-janeiro-96x96.jpg","width":96,"height":96,"filesize":2943,"mimeType":"image\/jpeg","sourceUrl":"https:\/\/invexo.com.br\/blog\/wp-content\/uploads\/2023\/03\/volei-de-praia-apartamentos-a-venda-no-leblon-rio-de-janeiro-96x96.jpg"},"web-stories-thumbnail":{"file":"volei-de-praia-apartamentos-a-venda-no-leblon-rio-de-janeiro-150x192.jpg","width":150,"height":192,"filesize":6148,"mimeType":"image\/jpeg","sourceUrl":"https:\/\/invexo.com.br\/blog\/wp-content\/uploads\/2023\/03\/volei-de-praia-apartamentos-a-venda-no-leblon-rio-de-janeiro-150x192.jpg"},"full":{"file":"volei-de-praia-apartamentos-a-venda-no-leblon-rio-de-janeiro.jpg","width":520,"height":666,"mimeType":"image\/jpeg","sourceUrl":"https:\/\/invexo.com.br\/blog\/wp-content\/uploads\/2023\/03\/volei-de-praia-apartamentos-a-venda-no-leblon-rio-de-janeiro.jpg"}},"isPlaceholder":false,"isExternal":false,"needsProxy":false,"baseColor":"#3e433e","blurHash":"UMEo;~~U%LkC.9ofWBay009bM{aeD%kCxaj[","creationDate":"2023-03-29T03:38:44","src":"https:\/\/invexo.com.br\/blog\/wp-content\/uploads\/2023\/03\/volei-de-praia-apartamentos-a-venda-no-leblon-rio-de-janeiro.jpg","id":37319,"alt":"volei-de-praia-apartamentos-a-venda-no-leblon-rio-de-janeiro","local":false},"type":"image","x":36,"y":0,"width":335,"height":408,"mask":{"type":"rectangle","showInLibrary":true,"name":"Ret\u00e2ngulo","path":"M 0,0 1,0 1,1 0,1 0,0 Z","ratio":1,"supportsBorder":true},"id":"51df02c0-a2b2-4aa7-935d-a7da3153146a","link":{"needsProxy":false,"url":"https:\/\/luxury.invexo.com.br\/apartamento-no-leblon\/?utm_source=webstories","rel":[],"icon":null,"desc":null}},{"opacity":50,"flip":{"vertical":false,"horizontal":false},"rotationAngle":0,"lockAspectRatio":false,"scale":100,"focalX":50,"focalY":50,"resource":{"baseColor":null,"blurHash":"","type":"image","mimeType":"image\/png","creationDate":"2022-09-30T14:39:44","src":"https:\/\/invexo.com.br\/blog\/wp-content\/uploads\/2022\/09\/marca-d-agua-site-branca.png","width":200,"height":200,"id":30829,"alt":"marca-d-agua-site-branca","sizes":{"thumbnail":{"file":"marca-d-agua-site-branca-150x150.png","width":150,"height":150,"filesize":3223,"mimeType":"image\/png","sourceUrl":"https:\/\/invexo.com.br\/blog\/wp-content\/uploads\/2022\/09\/marca-d-agua-site-branca-150x150.png"},"web-stories-publisher-logo":{"file":"marca-d-agua-site-branca-96x96.png","width":96,"height":96,"filesize":2051,"mimeType":"image\/png","sourceUrl":"https:\/\/invexo.com.br\/blog\/wp-content\/uploads\/2022\/09\/marca-d-agua-site-branca-96x96.png"},"web-stories-thumbnail":{"file":"marca-d-agua-site-branca-150x150.png","width":150,"height":150,"filesize":3223,"mimeType":"image\/png","sourceUrl":"https:\/\/invexo.com.br\/blog\/wp-content\/uploads\/2022\/09\/marca-d-agua-site-branca-150x150.png"},"full":{"file":"marca-d-agua-site-branca.png","width":200,"height":200,"mimeType":"image\/png","sourceUrl":"https:\/\/invexo.com.br\/blog\/wp-content\/uploads\/2022\/09\/marca-d-agua-site-branca.png"}},"isPlaceholder":false,"isOptimized":false,"isMuted":false,"isExternal":false,"needsProxy":false},"type":"image","x":339,"y":607,"width":63,"height":67,"mask":{"type":"rectangle","showInLibrary":true,"name":"Rectangle","path":"M 0,0 1,0 1,1 0,1 0,0 Z","ratio":1,"supportsBorder":true},"link":{"needsProxy":true,"url":"https:\/\/luxury.invexo.com.br\/apartamento-no-leblon\/?utm_source=webstories","rel":[],"desc":"Apartamentos \u00e0 Venda no Leblon, Rio de Janeiro, RJ","icon":"https:\/\/luxury.invexo.com.br\/wp-content\/uploads\/2022\/08\/apartamento-2-quartos-reformado-no-leblon-rio-de-janeiro-rj-5-1.jpg"},"basedOn":"78798cc1-7bd4-481c-bded-e63fe9419b05","id":"3b462054-1566-4356-b14b-ac7dfb5c3790"}],"animations":[{"id":"ffbcd4b4-ccb8-4666-9aee-be44d4b98ccf","type":"effect-fade-in","targets":["64955de9-e716-440b-b2ec-993a8d15761a"],"duration":3000,"delay":100}],"backgroundColor":{"color":{"r":0,"g":0,"b":0}},"type":"page","id":"0b107022-a25f-4f2a-84aa-f650982a7195","pageTemplateType":null},{"elements":[{"opacity":100,"flip":{"vertical":false,"horizontal":false},"rotationAngle":0,"lockAspectRatio":true,"x":1,"y":1,"width":1,"height":1,"mask":{"type":"rectangle"},"isBackground":true,"isDefaultBackground":true,"type":"shape","id":"2a943059-2b7c-4b72-b2c3-6a87defc966a","basedOn":"d1fcfbd8-286a-4910-80fe-f5f34411dbb2"},{"opacity":100,"flip":{"vertical":false,"horizontal":false},"rotationAngle":0,"lockAspectRatio":false,"backgroundColor":{"color":{"r":0,"g":0,"b":0}},"type":"shape","x":-50,"y":-81,"width":485,"height":416,"mask":{"type":"rectangle"},"id":"3c5c8405-a4c4-404c-ba6f-eff48c2c9f9c"},{"opacity":100,"flip":{"vertical":false,"horizontal":false},"rotationAngle":0,"lockAspectRatio":false,"backgroundColor":{"color":{"r":206,"g":158,"b":0}},"type":"shape","width":412,"height":520,"mask":{"type":"rectangle"},"basedOn":"ea0f3e8b-cf60-4356-8aab-8cfd49f370d3","id":"749d544c-58e2-4866-9548-4fc4bd8d0a4c","x":0,"y":336},{"opacity":100,"flip":{"vertical":false,"horizontal":false},"rotationAngle":0,"lockAspectRatio":false,"scale":100,"focalX":50,"focalY":50,"resource":{"baseColor":"#0c2626","blurHash":"LJB3QbRkNxW;0fofs.f6E2oejFoJ","type":"image","mimeType":"image\/jpeg","creationDate":"2021-03-16T09:41:21Z","src":"https:\/\/images.unsplash.com\/photo-1615887625746-f3d2aa27e048?ixid=MnwxMzcxOTN8MHwxfHNlYXJjaHw0Nnx8YmFyfGVufDB8fHx8MTY2NDU1NDY1Ng&ixlib=rb-1.2.1&fm=jpg&w=2624&h=3936&fit=max","width":2624,"height":3936,"id":"media\/unsplash:UyF3Tal_KXw","alt":"clear drinking glass with yellow liquid","sizes":{"full":{"file":"media\/unsplash:UyF3Tal_KXw","sourceUrl":"https:\/\/images.unsplash.com\/photo-1615887625746-f3d2aa27e048?ixid=MnwxMzcxOTN8MHwxfHNlYXJjaHw0Nnx8YmFyfGVufDB8fHx8MTY2NDU1NDY1Ng&ixlib=rb-1.2.1&fm=jpg&w=2624&h=3936&fit=max","mimeType":"image\/jpeg","width":2624,"height":3936},"large":{"file":"media\/unsplash:UyF3Tal_KXw","sourceUrl":"https:\/\/images.unsplash.com\/photo-1615887625746-f3d2aa27e048?ixid=MnwxMzcxOTN8MHwxfHNlYXJjaHw0Nnx8YmFyfGVufDB8fHx8MTY2NDU1NDY1Ng&ixlib=rb-1.2.1&fm=jpg&w=2099&h=3149&fit=max","mimeType":"image\/jpeg","width":2099,"height":3149},"1574_2361":{"file":"media\/unsplash:UyF3Tal_KXw","sourceUrl":"https:\/\/images.unsplash.com\/photo-1615887625746-f3d2aa27e048?ixid=MnwxMzcxOTN8MHwxfHNlYXJjaHw0Nnx8YmFyfGVufDB8fHx8MTY2NDU1NDY1Ng&ixlib=rb-1.2.1&fm=jpg&w=1574&h=2361&fit=max","mimeType":"image\/jpeg","width":1574,"height":2361},"1049_1574":{"file":"media\/unsplash:UyF3Tal_KXw","sourceUrl":"https:\/\/images.unsplash.com\/photo-1615887625746-f3d2aa27e048?ixid=MnwxMzcxOTN8MHwxfHNlYXJjaHw0Nnx8YmFyfGVufDB8fHx8MTY2NDU1NDY1Ng&ixlib=rb-1.2.1&fm=jpg&w=1049&h=1574&fit=max","mimeType":"image\/jpeg","width":1049,"height":1574},"524_786":{"file":"media\/unsplash:UyF3Tal_KXw","sourceUrl":"https:\/\/images.unsplash.com\/photo-1615887625746-f3d2aa27e048?ixid=MnwxMzcxOTN8MHwxfHNlYXJjaHw0Nnx8YmFyfGVufDB8fHx8MTY2NDU1NDY1Ng&ixlib=rb-1.2.1&fm=jpg&w=524&h=786&fit=max","mimeType":"image\/jpeg","width":524,"height":786},"web_stories_thumbnail":{"file":"media\/unsplash:UyF3Tal_KXw","sourceUrl":"https:\/\/images.unsplash.com\/photo-1615887625746-f3d2aa27e048?ixid=MnwxMzcxOTN8MHwxfHNlYXJjaHw0Nnx8YmFyfGVufDB8fHx8MTY2NDU1NDY1Ng&ixlib=rb-1.2.1&fm=jpg&w=340&h=510&fit=max","mimeType":"image\/jpeg","width":340,"height":510}},"attribution":{"author":{"displayName":"Ambitious Creative Co.  - Rick Barrett","url":"https:\/\/unsplash.com\/@weareambitious?utm_source=web_stories_wordpress&utm_medium=referral"},"registerUsageUrl":"https:\/\/media3p.googleapis.com\/v1\/media:registerUsage?token=AQBR4tpslIEgOSYJokJLBRZSu1jBwAoby3ajZJYp0rOTx%2ByN2GZx6f%2B9Algk\/eOyts0EfHFuYlhPNvrLBDP2pusUkyUuJuRjIevLaxdOb5qP6CWNsnl0ieUMJNpiaj4a5mD0s394yNLEkthBBkYL2C8uv9reJD9gvOc\/NMh\/6ydCNl2bUAPP4N3Qb3nTGrMyX6Bx8zfI\/2\/06CVBNda%2BeYBO%2BzfF0prr0HlzXmp0"},"isPlaceholder":false,"isOptimized":false,"isMuted":false,"isExternal":true,"needsProxy":false},"type":"image","x":-57,"y":335,"width":265,"height":342,"mask":{"type":"rectangle","showInLibrary":true,"name":"Rectangle","path":"M 0,0 1,0 1,1 0,1 0,0 Z","ratio":1,"supportsBorder":true},"id":"40db30f9-b5a2-4476-8af5-f95cab37a056","basedOn":"70c9bc40-0326-47a2-b18a-a4e682c110d5","overlay":{"color":{"r":0,"g":0,"b":0,"a":0.5}}},{"opacity":100,"flip":{"vertical":false,"horizontal":false},"rotationAngle":0,"lockAspectRatio":false,"scale":100,"focalX":50,"focalY":50,"resource":{"baseColor":"#262626","blurHash":"L6Am3i%ME2NFFZ%1WARj4Ubd-:WB","type":"image","mimeType":"image\/jpeg","creationDate":"2020-08-10T16:20:48Z","src":"https:\/\/images.unsplash.com\/photo-1597075687490-8f673c6c17f6?ixid=MnwxMzcxOTN8MHwxfHNlYXJjaHwxN3x8YmFyfGVufDB8fHx8MTY2NDU0ODU5Ng&ixlib=rb-1.2.1&fm=jpg&w=2624&h=3936&fit=max","width":2624,"height":3936,"id":"media\/unsplash:QjUY7auDzUQ","alt":"media\/unsplash:QjUY7auDzUQ","sizes":{"full":{"file":"media\/unsplash:QjUY7auDzUQ","sourceUrl":"https:\/\/images.unsplash.com\/photo-1597075687490-8f673c6c17f6?ixid=MnwxMzcxOTN8MHwxfHNlYXJjaHwxN3x8YmFyfGVufDB8fHx8MTY2NDU0ODU5Ng&ixlib=rb-1.2.1&fm=jpg&w=2624&h=3936&fit=max","mimeType":"image\/jpeg","width":2624,"height":3936},"large":{"file":"media\/unsplash:QjUY7auDzUQ","sourceUrl":"https:\/\/images.unsplash.com\/photo-1597075687490-8f673c6c17f6?ixid=MnwxMzcxOTN8MHwxfHNlYXJjaHwxN3x8YmFyfGVufDB8fHx8MTY2NDU0ODU5Ng&ixlib=rb-1.2.1&fm=jpg&w=2099&h=3149&fit=max","mimeType":"image\/jpeg","width":2099,"height":3149},"1574_2361":{"file":"media\/unsplash:QjUY7auDzUQ","sourceUrl":"https:\/\/images.unsplash.com\/photo-1597075687490-8f673c6c17f6?ixid=MnwxMzcxOTN8MHwxfHNlYXJjaHwxN3x8YmFyfGVufDB8fHx8MTY2NDU0ODU5Ng&ixlib=rb-1.2.1&fm=jpg&w=1574&h=2361&fit=max","mimeType":"image\/jpeg","width":1574,"height":2361},"1049_1574":{"file":"media\/unsplash:QjUY7auDzUQ","sourceUrl":"https:\/\/images.unsplash.com\/photo-1597075687490-8f673c6c17f6?ixid=MnwxMzcxOTN8MHwxfHNlYXJjaHwxN3x8YmFyfGVufDB8fHx8MTY2NDU0ODU5Ng&ixlib=rb-1.2.1&fm=jpg&w=1049&h=1574&fit=max","mimeType":"image\/jpeg","width":1049,"height":1574},"524_786":{"file":"media\/unsplash:QjUY7auDzUQ","sourceUrl":"https:\/\/images.unsplash.com\/photo-1597075687490-8f673c6c17f6?ixid=MnwxMzcxOTN8MHwxfHNlYXJjaHwxN3x8YmFyfGVufDB8fHx8MTY2NDU0ODU5Ng&ixlib=rb-1.2.1&fm=jpg&w=524&h=786&fit=max","mimeType":"image\/jpeg","width":524,"height":786},"web_stories_thumbnail":{"file":"media\/unsplash:QjUY7auDzUQ","sourceUrl":"https:\/\/images.unsplash.com\/photo-1597075687490-8f673c6c17f6?ixid=MnwxMzcxOTN8MHwxfHNlYXJjaHwxN3x8YmFyfGVufDB8fHx8MTY2NDU0ODU5Ng&ixlib=rb-1.2.1&fm=jpg&w=340&h=510&fit=max","mimeType":"image\/jpeg","width":340,"height":510}},"attribution":{"author":{"displayName":"Ambitious Creative Co.  - Rick Barrett","url":"https:\/\/unsplash.com\/@weareambitious?utm_source=web_stories_wordpress&utm_medium=referral"},"registerUsageUrl":"https:\/\/media3p.googleapis.com\/v1\/media:registerUsage?token=AQBR4tr2DnBFUv0JrKy4BKFHzzt4YaIIE3CtPtP8Ice7eV0r6iTPvAZs6q3759pP9roOdS37SsOb7rnjxMHN4s3UFK8HlKHZRPi\/qGhk7VGWGIWjrzR02YF1joujVZY549Qra0o4TPIcY9iNx2nzzQxHQt\/aoBYD4He\/y7XZ9oNYoRXoOSDo4YGe1ozvnfk0j2NkSjBg7ttf1UMjFsuZN6TAhi8M9qMvH63jW8b\/"},"isPlaceholder":false,"isOptimized":false,"isMuted":false,"isExternal":true,"needsProxy":false},"type":"image","x":213,"y":336,"width":255,"height":426,"mask":{"type":"rectangle","showInLibrary":true,"name":"Rectangle","path":"M 0,0 1,0 1,1 0,1 0,0 Z","ratio":1,"supportsBorder":true},"id":"328b49b3-de87-4ca7-ac09-12bc9295686b","basedOn":"7ca59bac-2e08-4305-827b-66be422542df","overlay":{"color":{"r":0,"g":0,"b":0,"a":0.5}}},{"opacity":100,"flip":{"vertical":false,"horizontal":false},"rotationAngle":0,"lockAspectRatio":false,"scale":100,"focalX":50,"focalY":50,"resource":{"type":"image","mimeType":"image\/jpeg","width":418,"height":580,"sizes":{"medium":{"file":"seguranca-apartamentos-a-venda-no-leblon-rio-de-janeiro-216x300.jpg","width":216,"height":300,"filesize":16760,"mimeType":"image\/jpeg","sourceUrl":"https:\/\/invexo.com.br\/blog\/wp-content\/uploads\/2023\/03\/seguranca-apartamentos-a-venda-no-leblon-rio-de-janeiro-216x300.jpg"},"thumbnail":{"file":"seguranca-apartamentos-a-venda-no-leblon-rio-de-janeiro-150x150.jpg","width":150,"height":150,"filesize":8549,"mimeType":"image\/jpeg","sourceUrl":"https:\/\/invexo.com.br\/blog\/wp-content\/uploads\/2023\/03\/seguranca-apartamentos-a-venda-no-leblon-rio-de-janeiro-150x150.jpg"},"web-stories-publisher-logo":{"file":"seguranca-apartamentos-a-venda-no-leblon-rio-de-janeiro-96x96.jpg","width":96,"height":96,"filesize":4388,"mimeType":"image\/jpeg","sourceUrl":"https:\/\/invexo.com.br\/blog\/wp-content\/uploads\/2023\/03\/seguranca-apartamentos-a-venda-no-leblon-rio-de-janeiro-96x96.jpg"},"web-stories-thumbnail":{"file":"seguranca-apartamentos-a-venda-no-leblon-rio-de-janeiro-150x208.jpg","width":150,"height":208,"filesize":9520,"mimeType":"image\/jpeg","sourceUrl":"https:\/\/invexo.com.br\/blog\/wp-content\/uploads\/2023\/03\/seguranca-apartamentos-a-venda-no-leblon-rio-de-janeiro-150x208.jpg"},"full":{"file":"seguranca-apartamentos-a-venda-no-leblon-rio-de-janeiro.jpg","width":418,"height":580,"mimeType":"image\/jpeg","sourceUrl":"https:\/\/invexo.com.br\/blog\/wp-content\/uploads\/2023\/03\/seguranca-apartamentos-a-venda-no-leblon-rio-de-janeiro.jpg"}},"isPlaceholder":false,"isExternal":false,"needsProxy":false,"baseColor":"#0e253a","blurHash":"U78}}kK,D4E3D$%NS$sm00+?T}Vs=V9b-=S%","creationDate":"2023-03-29T12:52:50","src":"https:\/\/invexo.com.br\/blog\/wp-content\/uploads\/2023\/03\/seguranca-apartamentos-a-venda-no-leblon-rio-de-janeiro.jpg","id":37352,"alt":"seguranca-apartamentos-a-venda-no-leblon-rio-de-janeiro","local":false,"provider":"local"},"type":"image","x":213,"y":333,"width":208,"height":341,"mask":{"type":"rectangle","showInLibrary":true,"name":"Ret\u00e2ngulo","path":"M 0,0 1,0 1,1 0,1 0,0 Z","ratio":1,"supportsBorder":true},"id":"11e30821-ac92-48e2-960a-f1bd0ca68dd6","link":{"needsProxy":false,"url":"https:\/\/luxury.invexo.com.br\/apartamento-no-leblon\/?utm_source=webstories","rel":[],"icon":null,"desc":null}},{"opacity":100,"flip":{"vertical":false,"horizontal":false},"rotationAngle":0,"lockAspectRatio":true,"backgroundTextMode":"NONE","font":{"family":"Lato"},"fontSize":33,"backgroundColor":{"color":{"r":196,"g":196,"b":196}},"lineHeight":1.2,"textAlign":"initial","padding":{"locked":true,"hasHiddenPadding":false,"horizontal":null,"vertical":null},"type":"text","content":"<span style=\"font-weight: 700; color: #ce9e00; letter-spacing: 0.02em; text-transform: uppercase\">LEBLON \u00c9 SEGURO<\/span>","borderRadius":{"locked":true,"topLeft":2,"topRight":2,"bottomRight":2,"bottomLeft":2},"width":322,"height":39,"basedOn":"9fa9f2f5-1102-4187-b7c0-b6caf967a313","x":33,"y":22,"id":"198bdbd5-4dfc-4f7d-bedb-7a3a85ac91ff","link":{"needsProxy":false,"url":"https:\/\/luxury.invexo.com.br\/apartamento-no-leblon\/?utm_source=webstories","rel":[],"icon":null,"desc":null}},{"x":33,"y":104,"basedOn":"d538406c-c5c9-441a-8702-7d2111d22334","opacity":100,"flip":{"vertical":false,"horizontal":false},"rotationAngle":0,"lockAspectRatio":true,"backgroundTextMode":"NONE","font":{"family":"Hind"},"fontSize":23,"backgroundColor":{"color":{"r":196,"g":196,"b":196}},"lineHeight":1.3,"textAlign":"initial","padding":{"locked":true,"hasHiddenPadding":false},"type":"text","content":"<span style=\"color: #fff\">Al\u00e9m da vigil\u00e2ncia perimetral, grande parte dos residenciais conta com projetos de seguran\u00e7a eficazes, usando biometria, acesso por senha, circuito interno e outros recursos tecnol\u00f3gicos.<\/span>","borderRadius":{"locked":true,"topLeft":2,"topRight":2,"bottomRight":2,"bottomLeft":2},"width":337,"height":186,"marginOffset":-17.525,"id":"3af34ee4-28c6-45e2-b1b6-e954a2393788","link":{"needsProxy":true,"url":"https:\/\/luxury.invexo.com.br\/apartamento-no-leblon\/?utm_source=webstories","rel":[],"icon":"https:\/\/luxury.invexo.com.br\/wp-content\/uploads\/2022\/08\/apartamento-2-quartos-reformado-no-leblon-rio-de-janeiro-rj-5-1.jpg","desc":"Apartamentos \u00e0 Venda no Leblon, Rio de Janeiro, RJ"}},{"opacity":50,"flip":{"vertical":false,"horizontal":false},"rotationAngle":0,"lockAspectRatio":false,"scale":100,"focalX":50,"focalY":50,"resource":{"baseColor":null,"blurHash":"","type":"image","mimeType":"image\/png","creationDate":"2022-09-30T14:39:44","src":"https:\/\/invexo.com.br\/blog\/wp-content\/uploads\/2022\/09\/marca-d-agua-site-branca.png","width":200,"height":200,"id":30829,"alt":"marca-d-agua-site-branca","sizes":{"thumbnail":{"file":"marca-d-agua-site-branca-150x150.png","width":150,"height":150,"filesize":3223,"mimeType":"image\/png","sourceUrl":"https:\/\/invexo.com.br\/blog\/wp-content\/uploads\/2022\/09\/marca-d-agua-site-branca-150x150.png"},"web-stories-publisher-logo":{"file":"marca-d-agua-site-branca-96x96.png","width":96,"height":96,"filesize":2051,"mimeType":"image\/png","sourceUrl":"https:\/\/invexo.com.br\/blog\/wp-content\/uploads\/2022\/09\/marca-d-agua-site-branca-96x96.png"},"web-stories-thumbnail":{"file":"marca-d-agua-site-branca-150x150.png","width":150,"height":150,"filesize":3223,"mimeType":"image\/png","sourceUrl":"https:\/\/invexo.com.br\/blog\/wp-content\/uploads\/2022\/09\/marca-d-agua-site-branca-150x150.png"},"full":{"file":"marca-d-agua-site-branca.png","width":200,"height":200,"mimeType":"image\/png","sourceUrl":"https:\/\/invexo.com.br\/blog\/wp-content\/uploads\/2022\/09\/marca-d-agua-site-branca.png"}},"isPlaceholder":false,"isOptimized":false,"isMuted":false,"isExternal":false,"needsProxy":false},"type":"image","x":338,"y":607,"width":63,"height":67,"mask":{"type":"rectangle","showInLibrary":true,"name":"Rectangle","path":"M 0,0 1,0 1,1 0,1 0,0 Z","ratio":1,"supportsBorder":true},"link":{"needsProxy":false,"url":"https:\/\/luxury.invexo.com.br\/apartamento-no-leblon\/?utm_source=webstories","rel":[],"desc":""},"basedOn":"78798cc1-7bd4-481c-bded-e63fe9419b05","id":"1175f187-8c5e-406f-939a-ab546361bc11"},{"opacity":100,"flip":{"vertical":false,"horizontal":false},"rotationAngle":0,"lockAspectRatio":false,"scale":100,"focalX":50,"focalY":50,"resource":{"type":"image","mimeType":"image\/jpeg","width":418,"height":541,"sizes":{"medium":{"file":"seguranca2-apartamentos-a-venda-no-leblon-rio-de-janeiro-232x300.jpg","width":232,"height":300,"filesize":16831,"mimeType":"image\/jpeg","sourceUrl":"https:\/\/invexo.com.br\/blog\/wp-content\/uploads\/2023\/03\/seguranca2-apartamentos-a-venda-no-leblon-rio-de-janeiro-232x300.jpg"},"thumbnail":{"file":"seguranca2-apartamentos-a-venda-no-leblon-rio-de-janeiro-150x150.jpg","width":150,"height":150,"filesize":7697,"mimeType":"image\/jpeg","sourceUrl":"https:\/\/invexo.com.br\/blog\/wp-content\/uploads\/2023\/03\/seguranca2-apartamentos-a-venda-no-leblon-rio-de-janeiro-150x150.jpg"},"web-stories-publisher-logo":{"file":"seguranca2-apartamentos-a-venda-no-leblon-rio-de-janeiro-96x96.jpg","width":96,"height":96,"filesize":4010,"mimeType":"image\/jpeg","sourceUrl":"https:\/\/invexo.com.br\/blog\/wp-content\/uploads\/2023\/03\/seguranca2-apartamentos-a-venda-no-leblon-rio-de-janeiro-96x96.jpg"},"web-stories-thumbnail":{"file":"seguranca2-apartamentos-a-venda-no-leblon-rio-de-janeiro-150x194.jpg","width":150,"height":194,"filesize":8768,"mimeType":"image\/jpeg","sourceUrl":"https:\/\/invexo.com.br\/blog\/wp-content\/uploads\/2023\/03\/seguranca2-apartamentos-a-venda-no-leblon-rio-de-janeiro-150x194.jpg"},"full":{"file":"seguranca2-apartamentos-a-venda-no-leblon-rio-de-janeiro.jpg","width":418,"height":541,"mimeType":"image\/jpeg","sourceUrl":"https:\/\/invexo.com.br\/blog\/wp-content\/uploads\/2023\/03\/seguranca2-apartamentos-a-venda-no-leblon-rio-de-janeiro.jpg"}},"isPlaceholder":false,"isExternal":false,"needsProxy":false,"baseColor":"#c7a8a0","blurHash":"UXEMkCo#4TxZLNkCvybH9FNHtRay;0a}N^WA","creationDate":"2023-03-29T12:53:26","src":"https:\/\/invexo.com.br\/blog\/wp-content\/uploads\/2023\/03\/seguranca2-apartamentos-a-venda-no-leblon-rio-de-janeiro.jpg","id":37354,"alt":"seguranca2-apartamentos-a-venda-no-leblon-rio-de-janeiro","local":false,"provider":"local"},"type":"image","x":-3,"y":335,"width":209,"height":342,"mask":{"type":"rectangle","showInLibrary":true,"name":"Ret\u00e2ngulo","path":"M 0,0 1,0 1,1 0,1 0,0 Z","ratio":1,"supportsBorder":true},"id":"ca9e69c5-e7e1-4e18-9be3-582c67701a3e"},{"opacity":100,"flip":{"vertical":false,"horizontal":false},"rotationAngle":0,"lockAspectRatio":false,"scale":100,"focalX":50,"focalY":50,"resource":{"type":"image","mimeType":"image\/jpeg","width":418,"height":541,"sizes":{"medium":{"file":"seguranca2-apartamentos-a-venda-no-leblon-rio-de-janeiro-1-232x300.jpg","width":232,"height":300,"filesize":11300,"mimeType":"image\/jpeg","sourceUrl":"https:\/\/invexo.com.br\/blog\/wp-content\/uploads\/2023\/03\/seguranca2-apartamentos-a-venda-no-leblon-rio-de-janeiro-1-232x300.jpg"},"thumbnail":{"file":"seguranca2-apartamentos-a-venda-no-leblon-rio-de-janeiro-1-150x150.jpg","width":150,"height":150,"filesize":5152,"mimeType":"image\/jpeg","sourceUrl":"https:\/\/invexo.com.br\/blog\/wp-content\/uploads\/2023\/03\/seguranca2-apartamentos-a-venda-no-leblon-rio-de-janeiro-1-150x150.jpg"},"web-stories-publisher-logo":{"file":"seguranca2-apartamentos-a-venda-no-leblon-rio-de-janeiro-1-96x96.jpg","width":96,"height":96,"filesize":3201,"mimeType":"image\/jpeg","sourceUrl":"https:\/\/invexo.com.br\/blog\/wp-content\/uploads\/2023\/03\/seguranca2-apartamentos-a-venda-no-leblon-rio-de-janeiro-1-96x96.jpg"},"web-stories-thumbnail":{"file":"seguranca2-apartamentos-a-venda-no-leblon-rio-de-janeiro-1-150x194.jpg","width":150,"height":194,"filesize":6469,"mimeType":"image\/jpeg","sourceUrl":"https:\/\/invexo.com.br\/blog\/wp-content\/uploads\/2023\/03\/seguranca2-apartamentos-a-venda-no-leblon-rio-de-janeiro-1-150x194.jpg"},"full":{"file":"seguranca2-apartamentos-a-venda-no-leblon-rio-de-janeiro-1.jpg","width":418,"height":541,"mimeType":"image\/jpeg","sourceUrl":"https:\/\/invexo.com.br\/blog\/wp-content\/uploads\/2023\/03\/seguranca2-apartamentos-a-venda-no-leblon-rio-de-janeiro-1.jpg"}},"isPlaceholder":false,"isExternal":false,"needsProxy":false,"baseColor":"#c69c95","blurHash":"UDCiXRj[I9ax00a}IVfk|=ay?bay0zfkofj]","creationDate":"2023-03-29T12:56:48","src":"https:\/\/invexo.com.br\/blog\/wp-content\/uploads\/2023\/03\/seguranca2-apartamentos-a-venda-no-leblon-rio-de-janeiro-1.jpg","id":37357,"alt":"seguranca2-apartamentos-a-venda-no-leblon-rio-de-janeiro","local":false},"type":"image","x":0,"y":333,"width":208,"height":341,"mask":{"type":"rectangle","showInLibrary":true,"name":"Ret\u00e2ngulo","path":"M 0,0 1,0 1,1 0,1 0,0 Z","ratio":1,"supportsBorder":true},"id":"2a61f698-74d4-47d5-81dd-f37a0439c22a","link":{"needsProxy":true,"url":"https:\/\/luxury.invexo.com.br\/apartamento-no-leblon\/?utm_source=webstories","rel":[],"icon":"https:\/\/luxury.invexo.com.br\/wp-content\/uploads\/2022\/08\/apartamento-2-quartos-reformado-no-leblon-rio-de-janeiro-rj-5-1.jpg","desc":"Apartamentos \u00e0 Venda no Leblon, Rio de Janeiro, RJ"}}],"animations":[{"id":"77439881-71fd-4aed-bd95-80b388144e08","type":"effect-fly-in","targets":["40db30f9-b5a2-4476-8af5-f95cab37a056"],"flyInDir":"leftToRight","duration":2000,"delay":0},{"targets":["3af34ee4-28c6-45e2-b1b6-e954a2393788"],"id":"8c7acfa3-d665-4ade-afa4-36b162c1d5d3","type":"effect-fade-in","duration":3000,"delay":100}],"backgroundColor":{"color":{"r":0,"g":0,"b":0}},"type":"page","id":"1f59fc00-94b0-4c71-8699-4358b6b6c060","pageTemplateType":null},{"elements":[{"opacity":100,"flip":{"vertical":false,"horizontal":false},"rotationAngle":0,"lockAspectRatio":true,"x":1,"y":1,"width":1,"height":1,"mask":{"type":"rectangle"},"isBackground":true,"isDefaultBackground":true,"type":"shape","id":"2c0f5303-5faf-4834-86da-fcc3986b6b58","basedOn":"e0e9305e-c182-4cfe-b9fb-ba0f2ae796c5"},{"opacity":100,"flip":{"vertical":false,"horizontal":false},"rotationAngle":0,"lockAspectRatio":false,"backgroundColor":{"color":{"r":0,"g":0,"b":0}},"type":"shape","x":0,"y":-445,"width":412,"height":732,"mask":{"type":"rectangle"},"id":"bfa08f7e-cd29-496d-973b-318eb35d8d87","basedOn":"ea97f8b4-5f3d-41a0-83a1-7088caf806c6"},{"opacity":100,"flip":{"vertical":false,"horizontal":false},"rotationAngle":0,"lockAspectRatio":false,"backgroundColor":{"color":{"r":206,"g":158,"b":0,"a":1}},"type":"shape","x":-123,"y":296,"width":572,"height":20,"mask":{"type":"rectangle"},"id":"f14c8712-5d6d-4237-99b3-6993fca4aef1","basedOn":"0a31697d-612b-4cee-996f-2aae46fdcef7"},{"opacity":100,"flip":{"vertical":false,"horizontal":false},"rotationAngle":0,"lockAspectRatio":false,"scale":100,"focalX":50,"focalY":50,"resource":{"type":"image","mimeType":"image\/jpeg","width":520,"height":666,"sizes":{"medium":{"file":"vista-bairro-apartamentos-a-venda-no-leblon-rio-de-janeiro-234x300.jpg","width":234,"height":300,"filesize":21721,"mimeType":"image\/jpeg","sourceUrl":"https:\/\/invexo.com.br\/blog\/wp-content\/uploads\/2023\/03\/vista-bairro-apartamentos-a-venda-no-leblon-rio-de-janeiro-234x300.jpg"},"thumbnail":{"file":"vista-bairro-apartamentos-a-venda-no-leblon-rio-de-janeiro-150x150.jpg","width":150,"height":150,"filesize":7999,"mimeType":"image\/jpeg","sourceUrl":"https:\/\/invexo.com.br\/blog\/wp-content\/uploads\/2023\/03\/vista-bairro-apartamentos-a-venda-no-leblon-rio-de-janeiro-150x150.jpg"},"web-stories-publisher-logo":{"file":"vista-bairro-apartamentos-a-venda-no-leblon-rio-de-janeiro-96x96.jpg","width":96,"height":96,"filesize":3985,"mimeType":"image\/jpeg","sourceUrl":"https:\/\/invexo.com.br\/blog\/wp-content\/uploads\/2023\/03\/vista-bairro-apartamentos-a-venda-no-leblon-rio-de-janeiro-96x96.jpg"},"web-stories-thumbnail":{"file":"vista-bairro-apartamentos-a-venda-no-leblon-rio-de-janeiro-150x192.jpg","width":150,"height":192,"filesize":9663,"mimeType":"image\/jpeg","sourceUrl":"https:\/\/invexo.com.br\/blog\/wp-content\/uploads\/2023\/03\/vista-bairro-apartamentos-a-venda-no-leblon-rio-de-janeiro-150x192.jpg"},"full":{"file":"vista-bairro-apartamentos-a-venda-no-leblon-rio-de-janeiro.jpg","width":520,"height":666,"mimeType":"image\/jpeg","sourceUrl":"https:\/\/invexo.com.br\/blog\/wp-content\/uploads\/2023\/03\/vista-bairro-apartamentos-a-venda-no-leblon-rio-de-janeiro.jpg"}},"isPlaceholder":false,"isExternal":false,"needsProxy":false,"baseColor":"#6e88a5","blurHash":"U,E|b|tRWDj[PEkBj[j@tmobjrayRkWAWCj[","creationDate":"2023-03-29T03:39:06","src":"https:\/\/invexo.com.br\/blog\/wp-content\/uploads\/2023\/03\/vista-bairro-apartamentos-a-venda-no-leblon-rio-de-janeiro.jpg","id":37320,"alt":"vista-bairro-apartamentos-a-venda-no-leblon-rio-de-janeiro","local":false},"type":"image","x":0,"y":-56,"width":412,"height":345,"mask":{"type":"rectangle","showInLibrary":true,"name":"Ret\u00e2ngulo","path":"M 0,0 1,0 1,1 0,1 0,0 Z","ratio":1,"supportsBorder":true},"id":"eebe70c5-6b22-441a-a84f-1b5cc5a7214a"},{"opacity":100,"flip":{"vertical":false,"horizontal":false},"rotationAngle":0,"lockAspectRatio":true,"backgroundTextMode":"NONE","font":{"family":"Lato"},"fontSize":30,"backgroundColor":{"color":{"r":196,"g":196,"b":196}},"lineHeight":1.2,"textAlign":"initial","padding":{"locked":true,"hasHiddenPadding":false,"horizontal":null,"vertical":null},"type":"text","content":"<span style=\"font-weight: 700; color: #ce9e00; letter-spacing: 0.02em; text-transform: uppercase\">o metro quadrado no leblon<\/span>","borderRadius":{"locked":true,"topLeft":2,"topRight":2,"bottomRight":2,"bottomLeft":2},"width":334,"height":72,"basedOn":"198bdbd5-4dfc-4f7d-bedb-7a3a85ac91ff","x":30,"y":345,"id":"5e33ae1b-0410-4dae-a70b-9a95202dd5ad","link":{"needsProxy":false,"url":"https:\/\/luxury.invexo.com.br\/apartamento-no-leblon\/?utm_source=webstories","rel":[],"icon":null,"desc":null}},{"x":30,"y":430,"basedOn":"3af34ee4-28c6-45e2-b1b6-e954a2393788","opacity":100,"flip":{"vertical":false,"horizontal":false},"rotationAngle":0,"lockAspectRatio":true,"backgroundTextMode":"NONE","font":{"family":"Hind"},"fontSize":23,"backgroundColor":{"color":{"r":196,"g":196,"b":196}},"lineHeight":1.3,"textAlign":"initial","padding":{"locked":true,"hasHiddenPadding":false},"type":"text","content":"<span style=\"color: #fff\">Com tanta fama, n\u00e3o \u00e9 de se espantar que o Leblon ostente o t\u00edtulo de bairro com o metro quadrado mais caro do Brasil, atingindo o valor m\u00e9dio&nbsp;<\/span>\n<span style=\"color: #fff\">de R$ 20 mil.<\/span>","borderRadius":{"locked":true,"topLeft":2,"topRight":2,"bottomRight":2,"bottomLeft":2},"width":371,"height":187,"marginOffset":-17.525,"id":"b9cdfe6d-9835-4ace-bbf5-c6c069042040","link":{"needsProxy":true,"url":"https:\/\/luxury.invexo.com.br\/apartamento-no-leblon\/?utm_source=webstories","rel":[],"icon":"https:\/\/luxury.invexo.com.br\/wp-content\/uploads\/2022\/08\/apartamento-2-quartos-reformado-no-leblon-rio-de-janeiro-rj-5-1.jpg","desc":"Apartamentos \u00e0 Venda no Leblon, Rio de Janeiro, RJ"}},{"opacity":50,"flip":{"vertical":false,"horizontal":false},"rotationAngle":0,"lockAspectRatio":false,"scale":100,"focalX":50,"focalY":50,"resource":{"baseColor":null,"blurHash":"","type":"image","mimeType":"image\/png","creationDate":"2022-09-30T14:39:44","src":"https:\/\/invexo.com.br\/blog\/wp-content\/uploads\/2022\/09\/marca-d-agua-site-branca.png","width":200,"height":200,"id":30829,"alt":"marca-d-agua-site-branca","sizes":{"thumbnail":{"file":"marca-d-agua-site-branca-150x150.png","width":150,"height":150,"filesize":3223,"mimeType":"image\/png","sourceUrl":"https:\/\/invexo.com.br\/blog\/wp-content\/uploads\/2022\/09\/marca-d-agua-site-branca-150x150.png"},"web-stories-publisher-logo":{"file":"marca-d-agua-site-branca-96x96.png","width":96,"height":96,"filesize":2051,"mimeType":"image\/png","sourceUrl":"https:\/\/invexo.com.br\/blog\/wp-content\/uploads\/2022\/09\/marca-d-agua-site-branca-96x96.png"},"web-stories-thumbnail":{"file":"marca-d-agua-site-branca-150x150.png","width":150,"height":150,"filesize":3223,"mimeType":"image\/png","sourceUrl":"https:\/\/invexo.com.br\/blog\/wp-content\/uploads\/2022\/09\/marca-d-agua-site-branca-150x150.png"},"full":{"file":"marca-d-agua-site-branca.png","width":200,"height":200,"mimeType":"image\/png","sourceUrl":"https:\/\/invexo.com.br\/blog\/wp-content\/uploads\/2022\/09\/marca-d-agua-site-branca.png"}},"isPlaceholder":false,"isOptimized":false,"isMuted":false,"isExternal":false,"needsProxy":false},"type":"image","x":338,"y":607,"width":63,"height":67,"mask":{"type":"rectangle","showInLibrary":true,"name":"Rectangle","path":"M 0,0 1,0 1,1 0,1 0,0 Z","ratio":1,"supportsBorder":true},"link":{"needsProxy":false,"url":"https:\/\/luxury.invexo.com.br\/apartamento-no-leblon\/?utm_source=webstories","rel":[],"desc":""},"basedOn":"78798cc1-7bd4-481c-bded-e63fe9419b05","id":"3f7eb1b1-f175-4bc7-821d-b365e2b13639"},{"opacity":100,"flip":{"vertical":false,"horizontal":false},"rotationAngle":0,"lockAspectRatio":false,"scale":100,"focalX":50,"focalY":50,"resource":{"type":"image","mimeType":"image\/jpeg","width":520,"height":666,"sizes":{"medium":{"file":"leblon-a-noite-apartamentos-a-venda-no-leblon-rio-de-janeiro-234x300.jpg","width":234,"height":300,"filesize":16553,"mimeType":"image\/jpeg","sourceUrl":"https:\/\/invexo.com.br\/blog\/wp-content\/uploads\/2023\/03\/leblon-a-noite-apartamentos-a-venda-no-leblon-rio-de-janeiro-234x300.jpg"},"thumbnail":{"file":"leblon-a-noite-apartamentos-a-venda-no-leblon-rio-de-janeiro-150x150.jpg","width":150,"height":150,"filesize":6577,"mimeType":"image\/jpeg","sourceUrl":"https:\/\/invexo.com.br\/blog\/wp-content\/uploads\/2023\/03\/leblon-a-noite-apartamentos-a-venda-no-leblon-rio-de-janeiro-150x150.jpg"},"web-stories-publisher-logo":{"file":"leblon-a-noite-apartamentos-a-venda-no-leblon-rio-de-janeiro-96x96.jpg","width":96,"height":96,"filesize":3590,"mimeType":"image\/jpeg","sourceUrl":"https:\/\/invexo.com.br\/blog\/wp-content\/uploads\/2023\/03\/leblon-a-noite-apartamentos-a-venda-no-leblon-rio-de-janeiro-96x96.jpg"},"web-stories-thumbnail":{"file":"leblon-a-noite-apartamentos-a-venda-no-leblon-rio-de-janeiro-150x192.jpg","width":150,"height":192,"filesize":7909,"mimeType":"image\/jpeg","sourceUrl":"https:\/\/invexo.com.br\/blog\/wp-content\/uploads\/2023\/03\/leblon-a-noite-apartamentos-a-venda-no-leblon-rio-de-janeiro-150x192.jpg"},"full":{"file":"leblon-a-noite-apartamentos-a-venda-no-leblon-rio-de-janeiro.jpg","width":520,"height":666,"mimeType":"image\/jpeg","sourceUrl":"https:\/\/invexo.com.br\/blog\/wp-content\/uploads\/2023\/03\/leblon-a-noite-apartamentos-a-venda-no-leblon-rio-de-janeiro.jpg"}},"isPlaceholder":false,"isExternal":false,"needsProxy":false,"baseColor":"#302628","blurHash":"UmGRo7%MM|R.-@SjoJkC?cxtR*ofbeNKRks:","creationDate":"2023-03-29T03:53:32","src":"https:\/\/invexo.com.br\/blog\/wp-content\/uploads\/2023\/03\/leblon-a-noite-apartamentos-a-venda-no-leblon-rio-de-janeiro.jpg","id":37328,"alt":"leblon-a-noite-apartamentos-a-venda-no-leblon-rio-de-janeiro","local":false},"type":"image","x":-17,"y":-56,"width":442,"height":363,"mask":{"type":"rectangle","showInLibrary":true,"name":"Ret\u00e2ngulo","path":"M 0,0 1,0 1,1 0,1 0,0 Z","ratio":1,"supportsBorder":true},"id":"0ed85d78-75a3-49c9-8606-e44f6dfbae7c","link":{"needsProxy":true,"url":"https:\/\/luxury.invexo.com.br\/apartamento-no-leblon\/?utm_source=webstories","rel":[],"icon":"https:\/\/luxury.invexo.com.br\/wp-content\/uploads\/2022\/08\/apartamento-2-quartos-reformado-no-leblon-rio-de-janeiro-rj-5-1.jpg","desc":"Apartamentos \u00e0 Venda no Leblon, Rio de Janeiro, RJ"}}],"animations":[{"targets":["b9cdfe6d-9835-4ace-bbf5-c6c069042040"],"id":"aa9c553d-b57a-425a-9011-2af195ff92fc","type":"effect-fade-in","duration":3000,"delay":100}],"backgroundColor":{"color":{"r":0,"g":0,"b":0}},"type":"page","id":"f3843afa-3666-43e2-9a11-89ea6e6fdd8a","pageTemplateType":"cover"},{"elements":[{"opacity":100,"flip":{"vertical":false,"horizontal":false},"rotationAngle":0,"lockAspectRatio":true,"x":1,"y":1,"width":1,"height":1,"mask":{"type":"rectangle"},"isBackground":true,"isDefaultBackground":true,"type":"shape","id":"a225b838-7753-4c74-bb62-c46d6b4c4bff","basedOn":"bda53716-b8da-422c-b0ab-320a08c7a93f"},{"opacity":100,"flip":{"vertical":false,"horizontal":false},"rotationAngle":0,"lockAspectRatio":false,"backgroundColor":{"color":{"r":0,"g":0,"b":0}},"type":"shape","x":0,"y":-445,"width":412,"height":732,"mask":{"type":"rectangle"},"id":"d098bc40-0978-48a2-8fcf-38221ba821bd","basedOn":"fa06c2f5-258e-4714-82fc-7979d3d20057","link":{"needsProxy":true,"url":"https:\/\/luxury.invexo.com.br\/apartamento-no-leblon\/?utm_source=webstories","rel":[],"icon":"https:\/\/luxury.invexo.com.br\/wp-content\/uploads\/2022\/08\/apartamento-2-quartos-reformado-no-leblon-rio-de-janeiro-rj-5-1.jpg","desc":"Apartamentos \u00e0 Venda no Leblon, Rio de Janeiro, RJ"}},{"opacity":100,"flip":{"vertical":false,"horizontal":false},"rotationAngle":0,"lockAspectRatio":true,"backgroundTextMode":"NONE","font":{"family":"Roboto"},"fontSize":28,"backgroundColor":{"color":{"r":196,"g":196,"b":196}},"lineHeight":1.5,"textAlign":"center","padding":{"locked":true,"hasHiddenPadding":false,"horizontal":0,"vertical":0},"type":"text","content":"<span style=\"font-weight: 700; color: #fff\">LEIA MAIS SOBRE <\/span><span style=\"font-weight: 700; color: #ce9e00\">APARTAMENTOS NO LEBLON, RIO DE JANEIRO<\/span>","borderRadius":{"locked":true,"topLeft":2,"topRight":2,"bottomRight":2,"bottomLeft":2},"x":39,"y":222,"width":333,"height":117,"id":"898d3c9a-e589-4ea7-86c1-2ead205e6fd1","link":{"needsProxy":true,"url":"https:\/\/luxury.invexo.com.br\/apartamento-no-leblon\/?utm_source=webstories","rel":[],"icon":"https:\/\/luxury.invexo.com.br\/wp-content\/uploads\/2022\/08\/apartamento-2-quartos-reformado-no-leblon-rio-de-janeiro-rj-5-1.jpg","desc":"Apartamentos \u00e0 Venda no Leblon, Rio de Janeiro, RJ"}},{"opacity":100,"flip":{"vertical":false,"horizontal":false},"rotationAngle":0,"lockAspectRatio":false,"backgroundColor":{"color":{"r":206,"g":158,"b":0}},"type":"shape","x":82.5,"y":373,"width":264,"height":48,"mask":{"type":"rectangle"},"id":"802116a6-52d1-47d4-a094-b586b6e674d7","borderRadius":{"locked":true,"topLeft":10,"topRight":10,"bottomRight":10,"bottomLeft":10},"link":{"needsProxy":true,"url":"https:\/\/luxury.invexo.com.br\/apartamento-no-leblon\/?utm_source=webstories","rel":[],"icon":"https:\/\/luxury.invexo.com.br\/wp-content\/uploads\/2022\/08\/apartamento-2-quartos-reformado-no-leblon-rio-de-janeiro-rj-5-1.jpg","desc":"Apartamentos \u00e0 Venda no Leblon, Rio de Janeiro, RJ"}},{"opacity":100,"flip":{"vertical":false,"horizontal":false},"rotationAngle":0,"lockAspectRatio":true,"backgroundTextMode":"NONE","font":{"family":"Roboto"},"fontSize":30,"backgroundColor":{"color":{"r":196,"g":196,"b":196}},"lineHeight":1.2,"textAlign":"center","padding":{"locked":true,"hasHiddenPadding":false,"horizontal":0,"vertical":0},"type":"text","content":"<span style=\"font-weight: 700; color: #fff\">CONTINUE LENDO<\/span>","borderRadius":{"locked":true,"topLeft":2,"topRight":2,"bottomRight":2,"bottomLeft":2},"x":48,"y":379,"width":333,"height":35,"basedOn":"898d3c9a-e589-4ea7-86c1-2ead205e6fd1","id":"05ed305b-b192-4126-831f-a75e781f939d","link":{"needsProxy":true,"url":"https:\/\/luxury.invexo.com.br\/apartamento-no-leblon\/?utm_source=webstories","rel":[],"icon":"https:\/\/luxury.invexo.com.br\/wp-content\/uploads\/2022\/08\/apartamento-2-quartos-reformado-no-leblon-rio-de-janeiro-rj-5-1.jpg","desc":"Apartamentos \u00e0 Venda no Leblon, Rio de Janeiro, RJ"}},{"opacity":100,"flip":{"vertical":false,"horizontal":false},"rotationAngle":0,"lockAspectRatio":false,"backgroundColor":{"color":{"r":206,"g":158,"b":0,"a":1}},"type":"shape","x":-159,"y":-67,"width":572,"height":20,"mask":{"type":"rectangle"},"basedOn":"f14c8712-5d6d-4237-99b3-6993fca4aef1","id":"bec7c0a0-89a4-4c15-abb9-59d85739481c"},{"opacity":100,"flip":{"vertical":false,"horizontal":false},"rotationAngle":0,"lockAspectRatio":false,"backgroundColor":{"color":{"r":206,"g":158,"b":0,"a":1}},"type":"shape","x":-144,"y":665,"width":572,"height":20,"mask":{"type":"rectangle"},"basedOn":"bec7c0a0-89a4-4c15-abb9-59d85739481c","id":"2b3d6c4a-ad78-4841-a997-a49f68abfb76"},{"opacity":50,"flip":{"vertical":false,"horizontal":false},"rotationAngle":0,"lockAspectRatio":false,"scale":100,"focalX":50,"focalY":50,"resource":{"baseColor":null,"blurHash":"","type":"image","mimeType":"image\/png","creationDate":"2022-09-30T14:39:44","src":"https:\/\/invexo.com.br\/blog\/wp-content\/uploads\/2022\/09\/marca-d-agua-site-branca.png","width":200,"height":200,"id":30829,"alt":"marca-d-agua-site-branca","sizes":{"thumbnail":{"file":"marca-d-agua-site-branca-150x150.png","width":150,"height":150,"filesize":3223,"mimeType":"image\/png","sourceUrl":"https:\/\/invexo.com.br\/blog\/wp-content\/uploads\/2022\/09\/marca-d-agua-site-branca-150x150.png"},"web-stories-publisher-logo":{"file":"marca-d-agua-site-branca-96x96.png","width":96,"height":96,"filesize":2051,"mimeType":"image\/png","sourceUrl":"https:\/\/invexo.com.br\/blog\/wp-content\/uploads\/2022\/09\/marca-d-agua-site-branca-96x96.png"},"web-stories-thumbnail":{"file":"marca-d-agua-site-branca-150x150.png","width":150,"height":150,"filesize":3223,"mimeType":"image\/png","sourceUrl":"https:\/\/invexo.com.br\/blog\/wp-content\/uploads\/2022\/09\/marca-d-agua-site-branca-150x150.png"},"full":{"file":"marca-d-agua-site-branca.png","width":200,"height":200,"mimeType":"image\/png","sourceUrl":"https:\/\/invexo.com.br\/blog\/wp-content\/uploads\/2022\/09\/marca-d-agua-site-branca.png"}},"isPlaceholder":false,"isOptimized":false,"isMuted":false,"isExternal":false,"needsProxy":false},"type":"image","x":338,"y":587,"width":63,"height":67,"mask":{"type":"rectangle","showInLibrary":true,"name":"Rectangle","path":"M 0,0 1,0 1,1 0,1 0,0 Z","ratio":1,"supportsBorder":true},"link":{"needsProxy":false,"url":"https:\/\/luxury.invexo.com.br\/apartamento-no-leblon\/?utm_source=webstories","rel":[],"desc":""},"basedOn":"78798cc1-7bd4-481c-bded-e63fe9419b05","id":"d4e786b0-5ac8-4f48-819e-9b71d6d69e9c"}],"animations":[],"backgroundColor":{"color":{"r":0,"g":0,"b":0}},"type":"page","id":"1584d716-21a1-416b-b5c0-bfd0d622eb62","pageTemplateType":"cover","pageAttachment":{"url":"","icon":"https:\/\/luxury.invexo.com.br\/wp-content\/uploads\/2022\/08\/apartamento-2-quartos-reformado-no-leblon-rio-de-janeiro-rj-5-1.jpg","needsProxy":true,"theme":"light"}}],"fonts":{"Lato":{"family":"Lato","fallbacks":["sans-serif"],"weights":[100,300,400,700,900],"styles":["italic","regular"],"variants":[[0,100],[1,100],[0,300],[1,300],[0,400],[1,400],[0,700],[1,700],[0,900],[1,900]],"service":"fonts.google.com","metrics":{"upm":2000,"asc":1974,"des":-426,"tAsc":1610,"tDes":-390,"tLGap":400,"wAsc":1974,"wDes":426,"xH":1013,"capH":1433,"yMin":-365,"yMax":1837,"hAsc":1974,"hDes":-426,"lGap":0}},"Hind":{"family":"Hind","fallbacks":["sans-serif"],"weights":[300,400,500,600,700],"styles":["regular"],"variants":[[0,300],[0,400],[0,500],[0,600],[0,700]],"service":"fonts.google.com","metrics":{"upm":1000,"asc":1055,"des":-546,"tAsc":1055,"tDes":-546,"tLGap":0,"wAsc":1055,"wDes":546,"xH":505,"capH":679,"yMin":-440,"yMax":1003,"hAsc":1055,"hDes":-546,"lGap":0}},"Roboto":{"family":"Roboto","fallbacks":["sans-serif"],"weights":[100,300,400,500,700,900],"styles":["italic","regular"],"variants":[[0,100],[1,100],[0,300],[1,300],[0,400],[1,400],[0,500],[1,500],[0,700],[1,700],[0,900],[1,900]],"service":"fonts.google.com","metrics":{"upm":2048,"asc":1900,"des":-500,"tAsc":1536,"tDes":-512,"tLGap":102,"wAsc":1946,"wDes":512,"xH":1082,"capH":1456,"yMin":-555,"yMax":2163,"hAsc":1900,"hDes":-500,"lGap":0}}},"autoAdvance":true,"defaultPageDuration":7,"currentStoryStyles":{"colors":[{"color":{"r":25,"g":88,"b":77}},{"color":{"r":0,"g":0,"b":0}},{"color":{"r":55,"g":68,"b":86}},{"color":{"r":255,"g":255,"b":255}},{"color":{"r":183,"g":191,"b":201}},{"color":{"r":111,"g":127,"b":148}}]}},"story_poster":{"id":37364,"url":"https:\/\/invexo.com.br\/blog\/wp-content\/uploads\/2023\/03\/vista-leblon-apartamentos-a-venda-no-leblon-rio-de-janeiro-640x853.jpg","width":640,"height":853,"needsProxy":false},"_links":{"self":[{"href":"https:\/\/invexo.com.br\/blog\/wp-json\/web-stories\/v1\/web-story\/37316"}],"collection":[{"href":"https:\/\/invexo.com.br\/blog\/wp-json\/web-stories\/v1\/web-story"}],"about":[{"href":"https:\/\/invexo.com.br\/blog\/wp-json\/wp\/v2\/types\/web-story"}],"author":[{"embeddable":true,"href":"https:\/\/invexo.com.br\/blog\/wp-json\/web-stories\/v1\/users\/2"}],"version-history":[{"count":10,"href":"https:\/\/invexo.com.br\/blog\/wp-json\/web-stories\/v1\/web-story\/37316\/revisions"}],"predecessor-version":[{"id":37385,"href":"https:\/\/invexo.com.br\/blog\/wp-json\/web-stories\/v1\/web-story\/37316\/revisions\/37385"}],"wp:featuredmedia":[{"embeddable":true,"href":"https:\/\/invexo.com.br\/blog\/wp-json\/web-stories\/v1\/media\/37364"}],"wp:attachment":[{"href":"https:\/\/invexo.com.br\/blog\/wp-json\/web-stories\/v1\/media?parent=37316"}],"wp:term":[{"taxonomy":"web_story_category","embeddable":true,"href":"https:\/\/invexo.com.br\/blog\/wp-json\/web-stories\/v1\/web_story_category?post=37316"},{"taxonomy":"web_story_tag","embeddable":true,"href":"https:\/\/invexo.com.br\/blog\/wp-json\/web-stories\/v1\/web_story_tag?post=37316"}],"wp:lock":[{"embeddable":true,"href":"https:\/\/invexo.com.br\/blog\/wp-json\/web-stories\/v1\/web-story\/37316\/lock"}],"wp:publisherlogo":[{"embeddable":true,"href":"https:\/\/invexo.com.br\/blog\/wp-json\/web-stories\/v1\/media\/26279"}],"curies":[{"name":"wp","href":"https:\/\/api.w.org\/{rel}","templated":true}]}}